{"id":246992,"date":"2024-12-03T09:45:00","date_gmt":"2024-12-03T07:45:00","guid":{"rendered":"https:\/\/www.tucomarca.com\/wordpress\/segunda\/?p=246992"},"modified":"2024-12-03T20:59:02","modified_gmt":"2024-12-03T18:59:02","slug":"el-certamen-de-bandes-de-la-diputacio-de-valencia-sera-un-sentit-homenatge-a-les-victimes-de-la-dana-i-les-seues-families","status":"publish","type":"post","link":"https:\/\/tucomarca.whitekongsoftware.com\/ca\/el-certamen-de-bandes-de-la-diputacio-de-valencia-sera-un-sentit-homenatge-a-les-victimes-de-la-dana-i-les-seues-families\/","title":{"rendered":"El Certamen de Bandes de la Diputaci\u00f3 de Val\u00e8ncia ser\u00e0 \u201cun sentit homenatge a les v\u00edctimes de la Dana i les seues fam\u00edlies\u201d"},"content":{"rendered":"\n<h3 class=\"wp-block-heading\"><strong><strong>El diputat de Bandes de M\u00fasica, Ricardo Gabald\u00f3n, expressa el sentiment de la corporaci\u00f3 durant el sorteig de l&#8217;ordre d&#8217;intervenci\u00f3 de les bandes participants. El concurs se celebrar\u00e0 en el Palau de la M\u00fasica els dies 29 i 30 de mar\u00e7 amb ple en totes les categories<\/strong><\/strong>.<\/h3>\n\n\n\n<p class=\"wp-block-paragraph\">La Diputaci\u00f3 de Val\u00e8ncia ha celebrat el sorteig que fixa l&#8217;ordre d&#8217;intervenci\u00f3 de les agrupacions musicals participants en el 48\u00e9 Certamen Provincial de Bandes. Ho va fer en la vesprada del dilluns amb ple en totes les categories, de la primera a la quarta, i amb societats que han quedat com a reserves i que tenen assegurada la seua participaci\u00f3 per a 2026. Com a mestre de cerim\u00f2nies va exercir el responsable de la delegaci\u00f3 de Bandes de M\u00fasica, Ricardo Gabald\u00f3n, qui va avan\u00e7ar que el Certamen de 2025 \u201cser\u00e0 un sentit homenatge a les v\u00edctimes de la Dana i les seues fam\u00edlies\u201d.<\/p>\n\n\n\n<p class=\"wp-block-paragraph\">Gabald\u00f3n, alcalde d&#8217;un dels municipis afectats per la riu\u00e0 com \u00e9s Utiel, va lamentar \u201cla p\u00e8rdua d&#8217;eixes vides humanes irrecuperables i la desolaci\u00f3 que la cat\u00e0strofe deixa en desenes de milers de valencianes i valencians\u201d. Per este motiu, \u201cla m\u00fasica es convertir\u00e0 en una ofrena per a tots els que patixen i en un motiu per a l&#8217;esperan\u00e7a d&#8217;un futur en el qual hem de treballar junts en la reconstrucci\u00f3\u201d. La cita ser\u00e0 els dies 29 i 30 de mar\u00e7 en el Palau de la M\u00fasica de Val\u00e8ncia.<\/p>\n\n\n\n<p class=\"wp-block-paragraph\">Abans de comen\u00e7ar al sorteig, en pres\u00e8ncia de representants de les diferents societats musicals, Ricardo Gabald\u00f3n va animar a totes les entitats dels municipis afectats, algunes d&#8217;elles amb greus desperfectes en les seues instal\u00b7lacions i danys en instruments, i es va comprometre a acompanyar-les en el proc\u00e9s de recuperaci\u00f3. \u201cLa Diputaci\u00f3 ha estat des del primer minut a la disposici\u00f3 dels municipis afectats per la Dana i continuarem estant ac\u00ed per a donar resposta a les seues necessitats. Primer va ser l&#8217;auxili a les v\u00edctimes i el restabliment dels servicis i infraestructures b\u00e0siques, per\u00f2 arribar\u00e0 el moment d&#8217;anar reconstruint altres \u00e0mbits, com el cultural, i estarem ac\u00ed per a ajudar-vos\u201d.<\/p>\n\n\n\n<p class=\"wp-block-paragraph\"><strong>Dotze bandes, quatre categories<\/strong><\/p>\n\n\n\n<p class=\"wp-block-paragraph\">El responsable provincial de Bandes, acompanyat pel cap del servici de Cultura, Josep Vidal, i el president provincial de la Federaci\u00f3 de Societats Musicals de la Comunitat (FSMCV), Joan Bocanegra, va procedir a extraure les paperetes amb el nom de les 12 bandes participants, distribu\u00efdes en quatre categories, aix\u00ed com el de les societats que tindran assegurada la seua pres\u00e8ncia en el Certamen de 2026.<\/p>\n\n\n\n<p class=\"wp-block-paragraph\">En la Secci\u00f3 Quarta, per a agrupacions amb menys de 40 m\u00fasics, participaran tres bandes de Val\u00e8ncia. El Centre Instructiu Musical Tendetes obrir\u00e0 el concurs, seguit de la Societat Musical La Uni\u00f3 Tres Forques i la S. M. Amics de la M\u00fasica de Benifaraig. La banda reserva, que participar\u00e0 en 2026, \u00e9s la Uni\u00f3n Musical San Roque de Villargordo del Cabriel.<\/p>\n\n\n\n<p class=\"wp-block-paragraph\">En Secci\u00f3 Tercera, per a bandes d&#8217;entre 40 i 50 m\u00fasics, concursar\u00e0 en primer lloc la Uni\u00f3n Musical de Higueruelas, seguida de la Uni\u00f3 Musical d\u2019Alg\u00edmia i l&#8217;Agrupaci\u00f3 Musical Santa Cec\u00edlia del Grau (Val\u00e8ncia). La Uni\u00f3 Musical de Montcada ser\u00e0 la reserva que t\u00e9 garantida la seua participaci\u00f3 en la pr\u00f2xima edici\u00f3 del certamen.<\/p>\n\n\n\n<p class=\"wp-block-paragraph\">En Secci\u00f3 Segona, amb associacions musicals d&#8217;entre 50 i 70 integrants, la Societat Art\u00edstic Musical La Uni\u00f3 de Quart de Poblet ser\u00e0 la primera a intervindre. A continuaci\u00f3 ho faran la Societat Musical La Familiar de Benissan\u00f3 i la Uni\u00f3 Musical d\u2019Aldaia, quedant com a reserva per a 2026 la Sociedad Instructiva del Obrero Agr\u00edcola Musical de Benim\u00e0met (Val\u00e8ncia).<\/p>\n\n\n\n<p class=\"wp-block-paragraph\">Finalment, la Secci\u00f3 Primera l&#8217;obrir\u00e0 el Centre Instructiu Musical Santa Cec\u00edlia de Pu\u00e7ol, seguit del Centre Art\u00edstic Musical de B\u00e9tera i la Societat Musical Santa Cec\u00edlia de Guadassuar. La reserva en la m\u00e0xima categoria, amb bandes d&#8217;entre 70 i 90 m\u00fasics, ser\u00e0 la Lira i Casino Carcaixent\u00ed SMR.<\/p>\n\n\n\n<p class=\"wp-block-paragraph\">El responsable d&#8217;Administraci\u00f3 General i Bandes de M\u00fasica va agrair l&#8217;esfor\u00e7 a totes les participants i tamb\u00e9 a les bandes que han quedat fora del concurs i que tindran la seua oportunitat en pr\u00f2ximes edicions. \u201c\u00c9s una satisfacci\u00f3 que puguem completar les quatre categories i comprovem l&#8217;acceptaci\u00f3 que el Certamen t\u00e9 entre els m\u00fasics de la prov\u00edncia\u201d, va assenyalar Gabald\u00f3n, qui va animar als representants de les diferents agrupacions presents en el sal\u00f3 de plens de la Diputaci\u00f3 a \u201ccontinuar engrandint la festa de la m\u00fasica i exercint d&#8217;ambaixadors de la nostra terra\u201d.<\/p>\n\n\n\n<figure class=\"wp-block-gallery has-nested-images columns-default is-cropped wp-block-gallery-1 is-layout-flex wp-block-gallery-is-layout-flex\">\n<figure class=\"wp-block-image size-large\"><img loading=\"lazy\" decoding=\"async\" width=\"1024\" height=\"665\" data-id=\"246989\" src=\"https:\/\/www.tucomarca.com\/wordpress\/segunda\/wp-content\/uploads\/2024\/12\/SorteoCertamenBandasMusica03-1024x665.jpg\" alt=\"\" class=\"wp-image-246989\" srcset=\"https:\/\/tucomarca.whitekongsoftware.com\/wp-content\/uploads\/2024\/12\/SorteoCertamenBandasMusica03-1024x665.jpg 1024w, https:\/\/tucomarca.whitekongsoftware.com\/wp-content\/uploads\/2024\/12\/SorteoCertamenBandasMusica03-300x195.jpg 300w, https:\/\/tucomarca.whitekongsoftware.com\/wp-content\/uploads\/2024\/12\/SorteoCertamenBandasMusica03-768x499.jpg 768w, https:\/\/tucomarca.whitekongsoftware.com\/wp-content\/uploads\/2024\/12\/SorteoCertamenBandasMusica03-1536x998.jpg 1536w, https:\/\/tucomarca.whitekongsoftware.com\/wp-content\/uploads\/2024\/12\/SorteoCertamenBandasMusica03-2048x1331.jpg 2048w\" sizes=\"auto, (max-width: 1024px) 100vw, 1024px\" \/><\/figure>\n\n\n\n<figure class=\"wp-block-image size-large\"><img loading=\"lazy\" decoding=\"async\" width=\"1024\" height=\"665\" data-id=\"246987\" src=\"https:\/\/www.tucomarca.com\/wordpress\/segunda\/wp-content\/uploads\/2024\/12\/SorteoCertamenBandasMusica02-1024x665.jpg\" alt=\"\" class=\"wp-image-246987\" srcset=\"https:\/\/tucomarca.whitekongsoftware.com\/wp-content\/uploads\/2024\/12\/SorteoCertamenBandasMusica02-1024x665.jpg 1024w, https:\/\/tucomarca.whitekongsoftware.com\/wp-content\/uploads\/2024\/12\/SorteoCertamenBandasMusica02-300x195.jpg 300w, https:\/\/tucomarca.whitekongsoftware.com\/wp-content\/uploads\/2024\/12\/SorteoCertamenBandasMusica02-768x499.jpg 768w, https:\/\/tucomarca.whitekongsoftware.com\/wp-content\/uploads\/2024\/12\/SorteoCertamenBandasMusica02-1536x998.jpg 1536w, https:\/\/tucomarca.whitekongsoftware.com\/wp-content\/uploads\/2024\/12\/SorteoCertamenBandasMusica02-2048x1331.jpg 2048w\" sizes=\"auto, (max-width: 1024px) 100vw, 1024px\" \/><\/figure>\n<\/figure>\n","protected":false},"excerpt":{"rendered":"<div class=\"mh-excerpt\">El diputat de Bandes de M\u00fasica, Ricardo Gabald\u00f3n, expressa el sentiment de la corporaci\u00f3 durant el sorteig de l&#8217;ordre d&#8217;intervenci\u00f3 de les bandes participants. El concurs se celebrar\u00e0 en el Palau de la M\u00fasica els <a class=\"mh-excerpt-more\" href=\"https:\/\/tucomarca.whitekongsoftware.com\/ca\/el-certamen-de-bandes-de-la-diputacio-de-valencia-sera-un-sentit-homenatge-a-les-victimes-de-la-dana-i-les-seues-families\/\" title=\"El Certamen de Bandes de la Diputaci\u00f3 de Val\u00e8ncia ser\u00e0 \u201cun sentit homenatge a les v\u00edctimes de la Dana i les seues fam\u00edlies\u201d\">[+] <\/a><\/div>\n","protected":false},"author":12,"featured_media":246986,"comment_status":"open","ping_status":"open","sticky":false,"template":"","format":"standard","meta":{"footnotes":""},"categories":[11005,21466,11046,10898,10994,11033,10894,10904,10902,11007,10909,10896,11059,11061],"tags":[11066,15409,11199,21009],"class_list":["post-246992","post","type-post","status-publish","format-standard","has-post-thumbnail","category-canal-musica","category-dana-ca","category-los-serranos-ca","category-ventana-ca","category-guadassuar-ca","category-higueruelas-ca","category-la-comarca-ca","category-sin-categorizar-ca","category-la-ribera-ca","category-ocio-y-cultura-ca","category-requena-utiel-ca","category-seccion-ca","category-utiel-ca","category-villargordo-del-cabriel-ca","tag-musica-ca","tag-dana-2-ca","tag-la-comunitat-ca","tag-la-diputacio-de-valencia-ca"],"_links":{"self":[{"href":"https:\/\/tucomarca.whitekongsoftware.com\/ca\/wp-json\/wp\/v2\/posts\/246992","targetHints":{"allow":["GET"]}}],"collection":[{"href":"https:\/\/tucomarca.whitekongsoftware.com\/ca\/wp-json\/wp\/v2\/posts"}],"about":[{"href":"https:\/\/tucomarca.whitekongsoftware.com\/ca\/wp-json\/wp\/v2\/types\/post"}],"author":[{"embeddable":true,"href":"https:\/\/tucomarca.whitekongsoftware.com\/ca\/wp-json\/wp\/v2\/users\/12"}],"replies":[{"embeddable":true,"href":"https:\/\/tucomarca.whitekongsoftware.com\/ca\/wp-json\/wp\/v2\/comments?post=246992"}],"version-history":[{"count":0,"href":"https:\/\/tucomarca.whitekongsoftware.com\/ca\/wp-json\/wp\/v2\/posts\/246992\/revisions"}],"wp:featuredmedia":[{"embeddable":true,"href":"https:\/\/tucomarca.whitekongsoftware.com\/ca\/wp-json\/wp\/v2\/media\/246986"}],"wp:attachment":[{"href":"https:\/\/tucomarca.whitekongsoftware.com\/ca\/wp-json\/wp\/v2\/media?parent=246992"}],"wp:term":[{"taxonomy":"category","embeddable":true,"href":"https:\/\/tucomarca.whitekongsoftware.com\/ca\/wp-json\/wp\/v2\/categories?post=246992"},{"taxonomy":"post_tag","embeddable":true,"href":"https:\/\/tucomarca.whitekongsoftware.com\/ca\/wp-json\/wp\/v2\/tags?post=246992"}],"curies":[{"name":"wp","href":"https:\/\/api.w.org\/{rel}","templated":true}]}}