{"id":246920,"date":"2024-12-02T08:50:00","date_gmt":"2024-12-02T06:50:00","guid":{"rendered":"https:\/\/www.tucomarca.com\/wordpress\/segunda\/?p=246920"},"modified":"2024-12-02T20:50:11","modified_gmt":"2024-12-02T18:50:11","slug":"els-grups-daccio-local-rurable-i-turia-calderona-assessoren-empreses-i-autonoms-de-pobles-rurals-afectats-per-la-dana-amb-lajuda-de-la-diputacio","status":"publish","type":"post","link":"https:\/\/tucomarca.whitekongsoftware.com\/ca\/els-grups-daccio-local-rurable-i-turia-calderona-assessoren-empreses-i-autonoms-de-pobles-rurals-afectats-per-la-dana-amb-lajuda-de-la-diputacio\/","title":{"rendered":"Els grups d&#8217;acci\u00f3 local Rurable i Turia Calderona assessoren empreses i aut\u00f2noms de pobles rurals afectats per la DANA amb l&#8217;ajuda de la Diputaci\u00f3"},"content":{"rendered":"\n<h3 class=\"wp-block-heading\">A trav\u00e9s d&#8217;una subvenci\u00f3 nominativa de la instituci\u00f3 provincial, els GAL visitaran Pedralba, Utiel, Chiva, Gestalgar i Sot de Chera per a oferir assessorament i suport en la gesti\u00f3 de tr\u00e0mits administratius.<\/h3>\n\n\n\n<h3 class=\"wp-block-heading\">El diputat de Desenrotllament Rural, Avelino Mascarell, incidix en \u201cla import\u00e0ncia d&#8217;acompanyar a pimes i aut\u00f2noms per a facilitar-los l&#8217;acc\u00e9s a les ajudes, que s\u00f3n clau per a la recuperaci\u00f3 de l&#8217;activitat econ\u00f2mica dels municipis\u201d.<\/h3>\n\n\n\n<p class=\"wp-block-paragraph\">Amb l&#8217;objectiu de guiar a pimes i aut\u00f2noms de les localitats afectades per la DANA en la petici\u00f3 d&#8217;ajudes per a la recuperaci\u00f3 del teixit comercial, els grups d&#8217;acci\u00f3 local (GAL) Rurable i T\u00faria Calderona han posat en marxa un cicle de jornades amb el suport de la Diputaci\u00f3 de Val\u00e8ncia.<\/p>\n\n\n\n<p class=\"wp-block-paragraph\">La iniciativa, denominada \u201cLeader Contigo\u201d, est\u00e0 dirigida a aut\u00f2noms, xicotetes i mitjanes empreses i entitats rurals amb seu en els municipis on desenrotllen les seues activitats estos GAL. Concretament, el cicle de jornades comen\u00e7ar\u00e0 a Pedralba el 4 de desembre; per a visitar Utiel i Chiva l&#8217;11 del mateix mes, Gestalgar el 16 i Sot de Chera el 19.<\/p>\n\n\n\n<p class=\"wp-block-paragraph\">Les xarrades tindran un car\u00e0cter eminentment t\u00e8cnic i se centraran en dos aspectes clau: les ajudes disponibles i la tramitaci\u00f3 d&#8217;indemnitzacions amb les entitats asseguradores i el Consorci de Compensaci\u00f3 d&#8217;Assegurances. En els dos casos, les persones afectades podran fins i tot iniciar les sol\u00b7licituds amb l&#8217;assist\u00e8ncia del personal de Rurable i Turia Calderona.<\/p>\n\n\n\n<p class=\"wp-block-paragraph\">El diputat de Desenrotllament Rural, Avelino Mascarell, explica que \u201cels grups d&#8217;acci\u00f3 local s\u00f3n els agents ideals per a este tipus d&#8217;accions, perqu\u00e8 s\u00f3n els que millor coneixen el teixit empresarial en els municipis, i saben identificar millor que ning\u00fa les seues necessitats\u201d i subratlla \u201cel fet de dur-les a terme en les pr\u00f2pies zones afectades, estalviant aix\u00ed despla\u00e7aments als assistents, que en este moment es troben encara immersos fins i tot en tasques de neteja i intentant recuperar maquin\u00e0ria, ferramenta i stocks\u201d.<\/p>\n\n\n\n<p class=\"wp-block-paragraph\">Mascarell incidix en qu\u00e8 \u201c\u00e9s moment, no sols d&#8217;assessorar, sin\u00f3 d&#8217;acompanyar, d&#8217;escoltar necessitats, de guiar en possibles solucions; perqu\u00e8 els xicotets empresaris senten que en el cam\u00ed que ara transiten per a reprendre les seues activitats professionals, tindran del seu costat a la Diputaci\u00f3 de Val\u00e8ncia, en este cas a trav\u00e9s dels GAL\u201d. \u201cEmprendre, generar riquesa i treball en entorns rurals, m\u00e9s encara en pobles en risc de despoblaci\u00f3, ja \u00e9s un repte en si mateix. Hem de estar ac\u00ed per a ells\u201d, conclou el diputat.&nbsp;<\/p>\n\n\n\n<p class=\"wp-block-paragraph\">La inscripci\u00f3, tant per a les jornades informatives com per a l&#8217;acompanyament personalitzat, est\u00e0 ja oberta i pot tramitar-se a trav\u00e9s de l&#8217;enlla\u00e7 <a href=\"https:\/\/bit.ly\/leadercontigo\">https:\/\/bit.ly\/leadercontigo<\/a>.&nbsp;<\/p>\n","protected":false},"excerpt":{"rendered":"<div class=\"mh-excerpt\">A trav\u00e9s d&#8217;una subvenci\u00f3 nominativa de la instituci\u00f3 provincial, els GAL visitaran Pedralba, Utiel, Chiva, Gestalgar i Sot de Chera per a oferir assessorament i suport en la gesti\u00f3 de tr\u00e0mits administratius. El diputat de <a class=\"mh-excerpt-more\" href=\"https:\/\/tucomarca.whitekongsoftware.com\/ca\/els-grups-daccio-local-rurable-i-turia-calderona-assessoren-empreses-i-autonoms-de-pobles-rurals-afectats-per-la-dana-amb-lajuda-de-la-diputacio\/\" title=\"Els grups d&#8217;acci\u00f3 local Rurable i Turia Calderona assessoren empreses i aut\u00f2noms de pobles rurals afectats per la DANA amb l&#8217;ajuda de la Diputaci\u00f3\">[+] <\/a><\/div>\n","protected":false},"author":12,"featured_media":246919,"comment_status":"open","ping_status":"open","sticky":false,"template":"","format":"standard","meta":{"footnotes":""},"categories":[11019,21466,11046,10898,11034,10948,10894,10904,10912,10903,11025,10947,10909,10896,11026,10897,11059,10975],"tags":[15409,11246,21656,10914,11080,10910,11518,21657],"class_list":["post-246920","post","type-post","status-publish","format-standard","has-post-thumbnail","category-agenda-ca","category-dana-ca","category-los-serranos-ca","category-ventana-ca","category-gestalgar-ca","category-infraestructuras-ca","category-la-comarca-ca","category-sin-categorizar-ca","category-la-hoya-ca","category-medio-ambiente-la-comarca-ca","category-pedralba-ca","category-politica","category-requena-utiel-ca","category-seccion-ca","category-sot-de-chera-ca","category-sucesos-la-comarca-ca","category-utiel-ca","category-chiva-ca","tag-dana-2-ca","tag-diputacio-de-valencia-ca","tag-gal-ca","tag-la-hoya-de-bunol-chiva-ca","tag-los-serranos-ca","tag-requena-utiel-ca","tag-rurable-ca","tag-turia-calderona-ca"],"_links":{"self":[{"href":"https:\/\/tucomarca.whitekongsoftware.com\/ca\/wp-json\/wp\/v2\/posts\/246920","targetHints":{"allow":["GET"]}}],"collection":[{"href":"https:\/\/tucomarca.whitekongsoftware.com\/ca\/wp-json\/wp\/v2\/posts"}],"about":[{"href":"https:\/\/tucomarca.whitekongsoftware.com\/ca\/wp-json\/wp\/v2\/types\/post"}],"author":[{"embeddable":true,"href":"https:\/\/tucomarca.whitekongsoftware.com\/ca\/wp-json\/wp\/v2\/users\/12"}],"replies":[{"embeddable":true,"href":"https:\/\/tucomarca.whitekongsoftware.com\/ca\/wp-json\/wp\/v2\/comments?post=246920"}],"version-history":[{"count":0,"href":"https:\/\/tucomarca.whitekongsoftware.com\/ca\/wp-json\/wp\/v2\/posts\/246920\/revisions"}],"wp:featuredmedia":[{"embeddable":true,"href":"https:\/\/tucomarca.whitekongsoftware.com\/ca\/wp-json\/wp\/v2\/media\/246919"}],"wp:attachment":[{"href":"https:\/\/tucomarca.whitekongsoftware.com\/ca\/wp-json\/wp\/v2\/media?parent=246920"}],"wp:term":[{"taxonomy":"category","embeddable":true,"href":"https:\/\/tucomarca.whitekongsoftware.com\/ca\/wp-json\/wp\/v2\/categories?post=246920"},{"taxonomy":"post_tag","embeddable":true,"href":"https:\/\/tucomarca.whitekongsoftware.com\/ca\/wp-json\/wp\/v2\/tags?post=246920"}],"curies":[{"name":"wp","href":"https:\/\/api.w.org\/{rel}","templated":true}]}}