{"id":246778,"date":"2024-11-29T15:00:00","date_gmt":"2024-11-29T13:00:00","guid":{"rendered":"https:\/\/www.tucomarca.com\/wordpress\/segunda\/?p=246778"},"modified":"2024-11-29T17:53:40","modified_gmt":"2024-11-29T15:53:40","slug":"lalcaldessa-de-xiva-amparo-fort-acusa-loposicio-de-aprofitar-se-duna-catastrofe-per-a-traure-redit-politic","status":"publish","type":"post","link":"https:\/\/tucomarca.whitekongsoftware.com\/ca\/lalcaldessa-de-xiva-amparo-fort-acusa-loposicio-de-aprofitar-se-duna-catastrofe-per-a-traure-redit-politic\/","title":{"rendered":"L&#8217;alcaldessa de Xiva, Amparo Fort, acusa l&#8217;oposici\u00f3 de &#8220;aprofitar-se d&#8217;una cat\u00e0strofe per a traure r\u00e8dit pol\u00edtic&#8221;"},"content":{"rendered":"\n<h3 class=\"wp-block-heading\">L&#8217;alcaldessa, Amparo Fort, defensa la seua gesti\u00f3 enfront de la moci\u00f3 de censura presentada per quatre grups de l&#8217;oposici\u00f3 a Xiva.<\/h3>\n\n\n\n<figure class=\"wp-block-embed is-type-video is-provider-youtube wp-block-embed-youtube wp-embed-aspect-16-9 wp-has-aspect-ratio\"><div class=\"wp-block-embed__wrapper\">\n<iframe loading=\"lazy\" title=\"V\u00eddeo: rueda de prensa de la alcaldesa de Chiva, Amparo Fort (PP), sobre moci\u00f3n de censura\" width=\"500\" height=\"281\" src=\"https:\/\/www.youtube.com\/embed\/c57k9QMwl-g?feature=oembed\" frameborder=\"0\" allow=\"accelerometer; autoplay; clipboard-write; encrypted-media; gyroscope; picture-in-picture; web-share\" referrerpolicy=\"strict-origin-when-cross-origin\" allowfullscreen><\/iframe>\n<\/div><\/figure>\n\n\n\n<p class=\"wp-block-paragraph\">L&#8217;alcaldessa de Xiva, Amparo Fort (del Partit Popular), ha comparegut aquest divendres al migdia en roda de premsa per a rebutjar els arguments mitjan\u00e7ant els quals els portaveus del PSPV-PSOE, Comprom\u00eds, Activa Xiva i ADUC han presentat una moci\u00f3 de censura que busca apartar-la de l&#8217;alcaldia en un ple extraordinari previst per al dia 12 de desembre. Una moci\u00f3 ne la que se l&#8217;acusa de &#8220;falta de comunicaci\u00f3 i transpar\u00e8ncia&#8221;, aix\u00ed com de &#8220;paralitzaci\u00f3 de la gesti\u00f3 municipal pr\u00e8via a la DANA&#8221; a m\u00e9s d&#8217;arreplegar cr\u00edtiques a la &#8220;gesti\u00f3 de crisi despr\u00e9s de la trag\u00e8dia&#8221;.<\/p>\n\n\n\n<p class=\"wp-block-paragraph\">Per part seua, Amparo Fort ha qualificat durant la roda de premsa que es pot veure integrants en el v\u00eddeo sobre aquestes l\u00ednies a aquestes acusacions de ser &#8220;un exercici de cinisme&#8221;, i ha remarcat que aquesta moci\u00f3 &#8220;res t\u00e9 a veure amb la gesti\u00f3 de la DANA&#8221; sin\u00f3 que respon a &#8220;rancors, interessos particulars i ideologia&#8221;. Segons l&#8217;alcaldessa, el veritable detonant ha sigut &#8220;la ruptura del pacte de govern per part d&#8217;Activa Xiva, que va deixar a l&#8217;equip PP-Vox en minoria&#8221;<\/p>\n\n\n\n<p class=\"wp-block-paragraph\">Amparo Fort ha recalcat que els veritables v\u00edctimes d&#8217;aquesta DANA s\u00f3n els ciutadans &#8220;que s\u00f3n ac\u00ed anara veient amb vergonya a una classe pol\u00edtica mediocre, incapa\u00e7 de donar resposta i d&#8217;unir-se per a treballar. I preocupada \u00fanicament pels seus sous, futurs c\u00e0rrecs ja repartits i ideologies&#8221;.<\/p>\n\n\n\n<figure class=\"wp-block-image size-large\"><img loading=\"lazy\" decoding=\"async\" width=\"1024\" height=\"576\" src=\"https:\/\/www.tucomarca.com\/wordpress\/segunda\/wp-content\/uploads\/2024\/11\/ChivaRuedaMocion2-1024x576.jpg\" alt=\"\" class=\"wp-image-246773\" srcset=\"https:\/\/tucomarca.whitekongsoftware.com\/wp-content\/uploads\/2024\/11\/ChivaRuedaMocion2-1024x576.jpg 1024w, https:\/\/tucomarca.whitekongsoftware.com\/wp-content\/uploads\/2024\/11\/ChivaRuedaMocion2-300x169.jpg 300w, https:\/\/tucomarca.whitekongsoftware.com\/wp-content\/uploads\/2024\/11\/ChivaRuedaMocion2-768x432.jpg 768w, https:\/\/tucomarca.whitekongsoftware.com\/wp-content\/uploads\/2024\/11\/ChivaRuedaMocion2-678x381.jpg 678w, https:\/\/tucomarca.whitekongsoftware.com\/wp-content\/uploads\/2024\/11\/ChivaRuedaMocion2.jpg 1181w\" sizes=\"auto, (max-width: 1024px) 100vw, 1024px\" \/><\/figure>\n\n\n\n<p class=\"wp-block-paragraph\"><strong>Gesti\u00f3 abans i despr\u00e9s de la DANA<\/strong><\/p>\n\n\n\n<p class=\"wp-block-paragraph\">Durant la roda de premsa Amparo Fort ha destacat algunes actuacions realitzades abans de la trag\u00e8dia, com:<\/p>\n\n\n\n<ul class=\"wp-block-list\">\n<li>L&#8217;inici del projecte de l&#8217;estaci\u00f3 depuradora Xiva-Xest.<\/li>\n\n\n\n<li>La rehabilitaci\u00f3 d&#8217;albergs en la Serra de Xiva.<\/li>\n\n\n\n<li>Accions de neteja del barranc.<\/li>\n<\/ul>\n\n\n\n<p class=\"wp-block-paragraph\">Despr\u00e9s de la DANA, l&#8217;alcaldessa ha subratllat la labor de l&#8217;equip de govern en tasques com:<\/p>\n\n\n\n<ul class=\"wp-block-list\">\n<li>Retirada de vehicles afectats.<\/li>\n\n\n\n<li>Neteja i coordinaci\u00f3 en garatges, soterranis i carrers.<\/li>\n\n\n\n<li>Gesti\u00f3 de zones d&#8217;apilament amb Tragsa.<\/li>\n\n\n\n<li>Aprovaci\u00f3 d&#8217;una modificaci\u00f3 pressupost\u00e0ria de 8,6 milions d&#8217;euros per a reparar infraestructures danyades.<\/li>\n<\/ul>\n\n\n\n<p class=\"wp-block-paragraph\"><strong>Impacte pol\u00edtic de la moci\u00f3<\/strong><\/p>\n\n\n\n<p class=\"wp-block-paragraph\">Amparo Fort ha defensat la seua gesti\u00f3 enfront de la moci\u00f3 de censura presentada per l&#8217;oposici\u00f3 a Xiva i en cas que prospere i el socialista Ernesto Navarro siga elegit alcalde, Amparo Fort va advertir que Xiva &#8220;tornaria a l&#8217;etapa m\u00e9s fosca de la seua hist\u00f2ria i paralitzant el proc\u00e9s de creixement que ja hav\u00edem realitzat amb anterioritat a la DANA; i el que \u00e9s pitjor, paralitzant tots els processos de recuperaci\u00f3 iniciats en aquestes \u00faltimes setmanes de treball. Aquest \u00e9s el motiu que el preocupa l&#8217;oposici\u00f3&#8221;, ha sentenciant Amparo Fort.<\/p>\n\n\n\n<p class=\"wp-block-paragraph\">L&#8217;alcaldessa ha concl\u00f2s la roda de premsa assegurant que la moci\u00f3 busca &#8220;governar sense la legitimitat de les urnes, ignorant la voluntat expressada pels ve\u00efns de Xiva al maig de 2023&#8221;.<\/p>\n","protected":false},"excerpt":{"rendered":"<div class=\"mh-excerpt\">L&#8217;alcaldessa, Amparo Fort, defensa la seua gesti\u00f3 enfront de la moci\u00f3 de censura presentada per quatre grups de l&#8217;oposici\u00f3 a Xiva. L&#8217;alcaldessa de Xiva, Amparo Fort (del Partit Popular), ha comparegut aquest divendres al migdia <a class=\"mh-excerpt-more\" href=\"https:\/\/tucomarca.whitekongsoftware.com\/ca\/lalcaldessa-de-xiva-amparo-fort-acusa-loposicio-de-aprofitar-se-duna-catastrofe-per-a-traure-redit-politic\/\" title=\"L&#8217;alcaldessa de Xiva, Amparo Fort, acusa l&#8217;oposici\u00f3 de &#8220;aprofitar-se d&#8217;una cat\u00e0strofe per a traure r\u00e8dit pol\u00edtic&#8221;\">[+] <\/a><\/div>\n","protected":false},"author":12,"featured_media":246777,"comment_status":"open","ping_status":"open","sticky":false,"template":"","format":"video","meta":{"footnotes":""},"categories":[10898,10894,10904,10912,10947,10896,11062,10975],"tags":[19573,11195,10914,14728],"class_list":["post-246778","post","type-post","status-publish","format-video","has-post-thumbnail","category-ventana-ca","category-la-comarca-ca","category-sin-categorizar-ca","category-la-hoya-ca","category-politica","category-seccion-ca","category-videos","category-chiva-ca","tag-amparo-fort-ca","tag-chiva-ca","tag-la-hoya-de-bunol-chiva-ca","tag-mocion-de-censura-ca","post_format-post-format-video"],"_links":{"self":[{"href":"https:\/\/tucomarca.whitekongsoftware.com\/ca\/wp-json\/wp\/v2\/posts\/246778","targetHints":{"allow":["GET"]}}],"collection":[{"href":"https:\/\/tucomarca.whitekongsoftware.com\/ca\/wp-json\/wp\/v2\/posts"}],"about":[{"href":"https:\/\/tucomarca.whitekongsoftware.com\/ca\/wp-json\/wp\/v2\/types\/post"}],"author":[{"embeddable":true,"href":"https:\/\/tucomarca.whitekongsoftware.com\/ca\/wp-json\/wp\/v2\/users\/12"}],"replies":[{"embeddable":true,"href":"https:\/\/tucomarca.whitekongsoftware.com\/ca\/wp-json\/wp\/v2\/comments?post=246778"}],"version-history":[{"count":0,"href":"https:\/\/tucomarca.whitekongsoftware.com\/ca\/wp-json\/wp\/v2\/posts\/246778\/revisions"}],"wp:featuredmedia":[{"embeddable":true,"href":"https:\/\/tucomarca.whitekongsoftware.com\/ca\/wp-json\/wp\/v2\/media\/246777"}],"wp:attachment":[{"href":"https:\/\/tucomarca.whitekongsoftware.com\/ca\/wp-json\/wp\/v2\/media?parent=246778"}],"wp:term":[{"taxonomy":"category","embeddable":true,"href":"https:\/\/tucomarca.whitekongsoftware.com\/ca\/wp-json\/wp\/v2\/categories?post=246778"},{"taxonomy":"post_tag","embeddable":true,"href":"https:\/\/tucomarca.whitekongsoftware.com\/ca\/wp-json\/wp\/v2\/tags?post=246778"}],"curies":[{"name":"wp","href":"https:\/\/api.w.org\/{rel}","templated":true}]}}