{"id":246686,"date":"2024-11-28T13:00:00","date_gmt":"2024-11-28T11:00:00","guid":{"rendered":"https:\/\/www.tucomarca.com\/wordpress\/segunda\/?p=246686"},"modified":"2024-11-28T22:49:24","modified_gmt":"2024-11-28T20:49:24","slug":"la-diputacio-permetra-als-municipis-afectats-per-la-dana-invertir-tot-el-pla-obert-en-la-reconstruccio","status":"publish","type":"post","link":"https:\/\/tucomarca.whitekongsoftware.com\/ca\/la-diputacio-permetra-als-municipis-afectats-per-la-dana-invertir-tot-el-pla-obert-en-la-reconstruccio\/","title":{"rendered":"La Diputaci\u00f3 permetr\u00e0 als municipis afectats per la DANA invertir tot el Pla Obert en la reconstrucci\u00f3"},"content":{"rendered":"\n<h3 class=\"wp-block-heading\">La vicepresidenta primera i responsable de Cooperaci\u00f3, Nat\u00e0lia Enguix, avan\u00e7a que els ajuntaments podran iniciar les obres sense necessitat de que la Diputaci\u00f3 supervise els projectes per a agilitzar la seua execuci\u00f3.<\/h3>\n\n\n\n<h3 class=\"wp-block-heading\">A m\u00e9s dels 350 milions del Pla Obert, la corporaci\u00f3 ha habilitat un fons de cooperaci\u00f3 addicional de 15 milions que se suma als 80 milions ja ingressats enguany i que podr\u00e0 destinar-se a despesa corrent.<\/h3>\n\n\n\n<h3 class=\"wp-block-heading\">Enguix destaca \u201cla flexibilitat del pla a quatre anys, que permet reaccionar als imprevistos i donar resposta a les urg\u00e8ncies, amb l&#8217;objectiu d&#8217;invertir en els municipis fins a l&#8217;\u00faltim euro\u201d.<\/h3>\n\n\n\n<p class=\"wp-block-paragraph\">La vicepresidenta primera de la Diputaci\u00f3 de Val\u00e8ncia, Nat\u00e0lia Enguix, portar\u00e0 al ple provincial de la setmana vinent una proposta de reformulaci\u00f3 del Pla Obert, el principal programa inversor de la corporaci\u00f3 amb 350 milions d&#8217;euros a quatre anys, per a facilitar les coses als ajuntaments que estan patint amb major intensitat les conseq\u00fc\u00e8ncies de la Dana. La mateixa Enguix avan\u00e7a que la intenci\u00f3 \u00e9s \u201cpermetre als municipis afectats invertir tot el Pla Obert en la reconstrucci\u00f3\u201d.<\/p>\n\n\n\n<p class=\"wp-block-paragraph\">La responsable de Cooperaci\u00f3 Municipal explica en qu\u00e8 consistir\u00e0 la readaptaci\u00f3 del principal programa inversor de la Diputaci\u00f3, pensant en els afectats per la Dana: \u201cactuarem en una doble direcci\u00f3; d&#8217;una banda suprimint per a estos ajuntaments els l\u00edmits obligatoris d&#8217;inversi\u00f3 del 10% en el cicle de l&#8217;aigua i el mateix percentatge en zones verdes i instal\u00b7lacions esportives; i per una altra eliminant la presentaci\u00f3 pr\u00e8via dels projectes a executar, el que suposar\u00e0 que puguen iniciar les obres sense necessitat d&#8217;esperar a tindre aprovades les sol\u00b7licituds\u201d.<\/p>\n\n\n\n<p class=\"wp-block-paragraph\">D&#8217;esta manera, continua Enguix, \u201cels alcaldes i alcaldesses podran decidir el dest\u00ed de l&#8217;import total de les ajudes en funci\u00f3 de les necessitats dels seus municipis, sense cap mena de condicionant o incentius que vam establir en el seu moment per a garantir l&#8217;execuci\u00f3 de projectes que considerem rellevants i ajustats als criteris de desenvolupament sostenible\u201d. A m\u00e9s, \u201cbusquem agilitzar en tot el possible la posada en marxa i execuci\u00f3 d&#8217;eixes obres que decidisquen escometre, reduint al m\u00ednim possible la burocr\u00e0cia, com vam fer en el seu moment suspenent els terminis dels expedients presentats pels municipis que han registrat danys\u201d.<\/p>\n\n\n\n<p class=\"wp-block-paragraph\">Nat\u00e0lia Enguix destaca \u201cla flexibilitat d&#8217;un pla que plantejarem a quatre anys per a eliminar els terminis i qualsevol tipus de pressi\u00f3 sobre els ajuntaments. Aix\u00ed, poden definir amb temps quines s\u00f3n les prioritats, i en este cas, amb un imprevist de la magnitud de la Dana i els danys causats en diverses comarques, reaccionar amb una redefinici\u00f3 de les necessitats m\u00e9s urgents a les quals han de donar resposta\u201d. \u201cLa Diputaci\u00f3 estar\u00e0 ac\u00ed per a ajudar-los al fet que eixos projectes es tramiten i executen contribuint a la reconstrucci\u00f3 dels municipis afectats\u201d, afig la vicepresidenta.<\/p>\n\n\n\n<p class=\"wp-block-paragraph\">L&#8217;\u00e0rea de Cooperaci\u00f3 que dirigix la vicepresidenta Enguix estudia la possibilitat de no exigir el reingr\u00e9s dels diners destinats a projectes que hagen pogut desbaratar-se durant la seua execuci\u00f3 a causa de la Dana. En la mateixa l\u00ednia, es facilitaria a estos municipis el canvi d&#8217;obra perqu\u00e8 no calga retornar ni un sol euro a la Diputaci\u00f3.<\/p>\n\n\n\n<p class=\"wp-block-paragraph\"><strong>Fons incondicional<\/strong><\/p>\n\n\n\n<p class=\"wp-block-paragraph\">En paral\u00b7lel al Pla Obert, la Diputaci\u00f3 participa junt amb la Generalitat en un Fons de Cooperaci\u00f3 Municipal al qual ha aportat 80 milions d&#8217;euros enguany, que ara refor\u00e7a amb un fons incondicionat d&#8217;altres 15 milions que podr\u00e0 destinar-se igualment tant a inversi\u00f3 com a despesa corrent. \u201cTreballem perqu\u00e8 els municipis afectats no troben cap impediment en les inversions que consideren m\u00e9s urgents, i tamb\u00e9 perqu\u00e8 disposen de liquiditat en estos moments de gran necessitat\u201d, conclou la vicepresidenta Enguix.<\/p>\n\n\n\n<p class=\"wp-block-paragraph\">En els mateixos termes s&#8217;expressa el president, Vicent Momp\u00f3, qui confia plenament \u201cen la responsabilitat dels alcaldes i alcaldesses, que estan patint els efectes d&#8217;esta Dana devastadora en primera l\u00ednia i s\u00f3n els que millor coneixen els danys que ha causat en els seus municipis i les necessitats de les seues ve\u00efnes i ve\u00efns\u201d.<\/p>\n\n\n\n<figure class=\"wp-block-image size-large\"><img loading=\"lazy\" decoding=\"async\" width=\"1024\" height=\"666\" src=\"http:\/\/www.tucomarca.com\/wordpress\/segunda\/wp-content\/uploads\/2024\/11\/DipuReunionAlcaldesDANA2-1024x666.jpg\" alt=\"\" class=\"wp-image-246681\" srcset=\"https:\/\/tucomarca.whitekongsoftware.com\/wp-content\/uploads\/2024\/11\/DipuReunionAlcaldesDANA2-1024x666.jpg 1024w, https:\/\/tucomarca.whitekongsoftware.com\/wp-content\/uploads\/2024\/11\/DipuReunionAlcaldesDANA2-300x195.jpg 300w, https:\/\/tucomarca.whitekongsoftware.com\/wp-content\/uploads\/2024\/11\/DipuReunionAlcaldesDANA2-768x499.jpg 768w, https:\/\/tucomarca.whitekongsoftware.com\/wp-content\/uploads\/2024\/11\/DipuReunionAlcaldesDANA2.jpg 1181w\" sizes=\"auto, (max-width: 1024px) 100vw, 1024px\" \/><\/figure>\n\n\n\n<p class=\"wp-block-paragraph\">Momp\u00f3 ha xifrat en 71 milions d&#8217;euros la resposta immediata de la Diputaci\u00f3 a la cat\u00e0strofe, amb inversions en carreteres, infraestructures h\u00eddriques, restauraci\u00f3 d&#8217;instal\u00b7lacions i instrumental dels bombers, reposici\u00f3 de material inform\u00e0tic i flotes de vehicles dels ajuntaments i el fons incondicionat, \u201cal que sumarem noves inversions amb el pressupost de 2025 que tenim previst aprovar la setmana vinent\u201d.<\/p>\n\n\n\n<p class=\"wp-block-paragraph\">Fins a la data, l&#8217;\u00e0rea de Cooperaci\u00f3 que dirigix Enguix ha aprovat 160 projectes presentats pels municipis en el marc del Pla Obert, amb una inversi\u00f3 que ascendix a m\u00e9s de 24 milions d&#8217;euros, dels 350 dels quals consta el programa inversor m\u00e9s ambici\u00f3s de la hist\u00f2ria de la Diputaci\u00f3. La reformulaci\u00f3 del pla no afectar\u00e0 el ritme continuat d&#8217;aprovaci\u00f3 de projectes ni a les actuacions que estiguen en marxa en municipis que no han resultat afectats. La intenci\u00f3 \u00e9s flexibilitzar encara m\u00e9s les condicions per a facilitar la gesti\u00f3 d&#8217;alcaldes i alcaldesses davant el major desastre natural conegut a la prov\u00edncia.<\/p>\n","protected":false},"excerpt":{"rendered":"<div class=\"mh-excerpt\">La vicepresidenta primera i responsable de Cooperaci\u00f3, Nat\u00e0lia Enguix, avan\u00e7a que els ajuntaments podran iniciar les obres sense necessitat de que la Diputaci\u00f3 supervise els projectes per a agilitzar la seua execuci\u00f3. A m\u00e9s dels <a class=\"mh-excerpt-more\" href=\"https:\/\/tucomarca.whitekongsoftware.com\/ca\/la-diputacio-permetra-als-municipis-afectats-per-la-dana-invertir-tot-el-pla-obert-en-la-reconstruccio\/\" title=\"La Diputaci\u00f3 permetr\u00e0 als municipis afectats per la DANA invertir tot el Pla Obert en la reconstrucci\u00f3\">[+] <\/a><\/div>\n","protected":false},"author":12,"featured_media":246680,"comment_status":"open","ping_status":"open","sticky":false,"template":"","format":"standard","meta":{"footnotes":""},"categories":[20520,21466,10898,10948,10894,10904,20456,10903,10947,10896,10897],"tags":[15409,11246,20262,19988],"class_list":["post-246686","post","type-post","status-publish","format-standard","has-post-thumbnail","category-cooperacio-municipal","category-dana-ca","category-ventana-ca","category-infraestructuras-ca","category-la-comarca-ca","category-sin-categorizar-ca","category-la-diputacio-de-valencia-informa-ca","category-medio-ambiente-la-comarca-ca","category-politica","category-seccion-ca","category-sucesos-la-comarca-ca","tag-dana-2-ca","tag-diputacio-de-valencia-ca","tag-natalia-enguix-ca","tag-pla-obert-dinversions-ca"],"_links":{"self":[{"href":"https:\/\/tucomarca.whitekongsoftware.com\/ca\/wp-json\/wp\/v2\/posts\/246686","targetHints":{"allow":["GET"]}}],"collection":[{"href":"https:\/\/tucomarca.whitekongsoftware.com\/ca\/wp-json\/wp\/v2\/posts"}],"about":[{"href":"https:\/\/tucomarca.whitekongsoftware.com\/ca\/wp-json\/wp\/v2\/types\/post"}],"author":[{"embeddable":true,"href":"https:\/\/tucomarca.whitekongsoftware.com\/ca\/wp-json\/wp\/v2\/users\/12"}],"replies":[{"embeddable":true,"href":"https:\/\/tucomarca.whitekongsoftware.com\/ca\/wp-json\/wp\/v2\/comments?post=246686"}],"version-history":[{"count":0,"href":"https:\/\/tucomarca.whitekongsoftware.com\/ca\/wp-json\/wp\/v2\/posts\/246686\/revisions"}],"wp:featuredmedia":[{"embeddable":true,"href":"https:\/\/tucomarca.whitekongsoftware.com\/ca\/wp-json\/wp\/v2\/media\/246680"}],"wp:attachment":[{"href":"https:\/\/tucomarca.whitekongsoftware.com\/ca\/wp-json\/wp\/v2\/media?parent=246686"}],"wp:term":[{"taxonomy":"category","embeddable":true,"href":"https:\/\/tucomarca.whitekongsoftware.com\/ca\/wp-json\/wp\/v2\/categories?post=246686"},{"taxonomy":"post_tag","embeddable":true,"href":"https:\/\/tucomarca.whitekongsoftware.com\/ca\/wp-json\/wp\/v2\/tags?post=246686"}],"curies":[{"name":"wp","href":"https:\/\/api.w.org\/{rel}","templated":true}]}}