{"id":246628,"date":"2024-11-27T10:20:00","date_gmt":"2024-11-27T08:20:00","guid":{"rendered":"https:\/\/www.tucomarca.com\/wordpress\/segunda\/?p=246628"},"modified":"2024-11-27T21:01:01","modified_gmt":"2024-11-27T19:01:01","slug":"la-diputacio-treballa-ja-en-lextraccio-de-fang-en-cinc-municipis-amb-un-dispositiu-que-supera-els-100-operaris","status":"publish","type":"post","link":"https:\/\/tucomarca.whitekongsoftware.com\/ca\/la-diputacio-treballa-ja-en-lextraccio-de-fang-en-cinc-municipis-amb-un-dispositiu-que-supera-els-100-operaris\/","title":{"rendered":"La Diputaci\u00f3 treballa ja en l&#8217;extracci\u00f3 de fang en cinc municipis amb un dispositiu que supera els 100 operaris"},"content":{"rendered":"\n<h3 class=\"wp-block-heading\">Massanassa, Benet\u00fasser, Sedav\u00ed i Albal se sumen a Picanya en la neteja de garatges i soterranis en situaci\u00f3 d&#8217;emerg\u00e8ncia sanit\u00e0ria. Paiporta, Alfafar, Catarroja, Aldaia, Llocnou de la Corona i Algemes\u00ed comencen este dijous.<\/h3>\n\n\n\n<h3 class=\"wp-block-heading\">El president Momp\u00f3 destaca \u201cla insist\u00e8ncia que estem tenint amb les empreses per a respectar els protocols de salut laboral i la revisi\u00f3 estructural dels edificis per a no entrar en cap que no siga segur\u201d.<\/h3>\n\n\n\n<p class=\"wp-block-paragraph\">La Diputaci\u00f3 de Val\u00e8ncia continua este dimecres amb els treballs d&#8217;extracci\u00f3 de fang i residus en soterranis i garatges dels municipis afectats per la Dana. Massanassa, Benet\u00fasser, Sedav\u00ed i Albal s&#8217;han sumat a Picanya en un dispositiu que es completar\u00e0 este dijous amb m\u00e9s de 100 operaris distribu\u00efts entre 11 municipis de l&#8217;Horta Sud i la Ribera Alta. Paiporta, Alfafar, Catarroja, Aldaia, Llocnou de la Corona i Algemes\u00ed iniciaran dem\u00e0 els treballs despr\u00e9s de garantir-se la seguretat dels operaris i quedar definit l&#8217;ordre de prioritat de les actuacions.<\/p>\n\n\n\n<p class=\"wp-block-paragraph\">El president de la Diputaci\u00f3, Vicent Momp\u00f3, qui ha seguit l&#8217;inici dels treballs a Massanassa, ha destacat que \u201cel llistat que ens va passar en un primer moment el comandament d&#8217;Emerg\u00e8ncies \u00e9s un document din\u00e0mic que est\u00e0 obert a les necessitats que cada dia ens traslladen els ajuntaments, com ha fet el d&#8217;Alaqu\u00e0s o el de Val\u00e8ncia amb la pedania de La Torre\u201d. Respecte al temps d&#8217;execuci\u00f3, \u201cno podem donar terminis perqu\u00e8 tractarem d&#8217;incloure nous treballs i incorporar m\u00e9s empreses i efectius, sempre de manera segura\u201d.<\/p>\n\n\n\n<figure class=\"wp-block-image size-large\"><img loading=\"lazy\" decoding=\"async\" width=\"1024\" height=\"666\" src=\"http:\/\/www.tucomarca.com\/wordpress\/segunda\/wp-content\/uploads\/2024\/11\/DipuLodosMassanassa2-1024x666.jpg\" alt=\"\" class=\"wp-image-246625\" srcset=\"https:\/\/tucomarca.whitekongsoftware.com\/wp-content\/uploads\/2024\/11\/DipuLodosMassanassa2-1024x666.jpg 1024w, https:\/\/tucomarca.whitekongsoftware.com\/wp-content\/uploads\/2024\/11\/DipuLodosMassanassa2-300x195.jpg 300w, https:\/\/tucomarca.whitekongsoftware.com\/wp-content\/uploads\/2024\/11\/DipuLodosMassanassa2-768x499.jpg 768w, https:\/\/tucomarca.whitekongsoftware.com\/wp-content\/uploads\/2024\/11\/DipuLodosMassanassa2.jpg 1181w\" sizes=\"auto, (max-width: 1024px) 100vw, 1024px\" \/><\/figure>\n\n\n\n<p class=\"wp-block-paragraph\">Momp\u00f3 ha deixat clar que el dispositiu posat en marxa per la Diputaci\u00f3, amb una inversi\u00f3 pr\u00f2xima als set milions d&#8217;euros, \u201c\u00e9s un refor\u00e7 als treballs que es realitzen en garatges i soterranis per part dels bombers i l&#8217;UME, que han de seguir avant dins de les accions coordinades en les quals participem les diferents institucions\u201d. \u201cEls ve\u00efns no saben de compet\u00e8ncies i el que volen \u00e9s que se solucionen els seus problemes\u201d, ha remarcat el president de la Diputaci\u00f3.<\/p>\n\n\n\n<p class=\"wp-block-paragraph\"><strong>Control de la seguretat<\/strong><\/p>\n\n\n\n<p class=\"wp-block-paragraph\">Vicent Momp\u00f3 \u00e9s conscient de la preocupaci\u00f3 que existix entorn d&#8217;estos espais particulars i per aix\u00f2 la Diputaci\u00f3 s&#8217;ha posat al servici dels consistoris per a col\u00b7laborar en les tasques que es realitzen majorit\u00e0riament en localitzacions privades. \u201cSabem que la salubritat d&#8217;estos garatges i soterranis \u00e9s una de les majors inquietuds dels municipis afectats en estos moments, i d&#8217;ac\u00ed el contracte d&#8217;emerg\u00e8ncia amb set empreses per a continuar donant eixa resposta immediata que estem oferint des del primer dia, com la instituci\u00f3 m\u00e9s pr\u00f2xima als pobles i les persones que els habiten\u201d.<\/p>\n\n\n\n<p class=\"wp-block-paragraph\">El m\u00e0xim responsable provincial demana \u201cresponsabilitat i la col\u00b7laboraci\u00f3 institucional i dels mitjans de comunicaci\u00f3 per a tranquil\u00b7litzar a la ciutadania i permetre que el dispositiu d&#8217;emerg\u00e8ncies se centre en els treballs de neteja i reconstrucci\u00f3 per a recuperar la normalitat al m\u00e9s prompte possible\u201d. En este sentit, \u201c\u00e9s molt important que respectem els protocols de seguretat i que no accedim a cap edifici l&#8217;estabilitat del qual no estiga garantida pels t\u00e8cnics\u201d.<\/p>\n\n\n\n<p class=\"wp-block-paragraph\">El cap de servici d&#8217;Aigua i Residus de la Diputaci\u00f3, Juanjo Mayans, ha detallat que cinc de les set empreses contractades estan ja treballant en cinc dels 11 municipis contemplats en el llistat inicial. Les altres dos s&#8217;incorporaran a les tasques este dijous, \u201cuna vegada disposen de tots els mitjans materials i humans i hagen revisat els protocols de salut laboral perqu\u00e8 \u00e9s un tema crucial en el qual estem incidint molt\u201d.<\/p>\n\n\n\n<p class=\"wp-block-paragraph\">La Diputaci\u00f3 ha establit una direcci\u00f3 facultativa dels treballs que a m\u00e9s de recordar a les empreses el compliment de les mesures de prevenci\u00f3 laboral, s&#8217;encarrega de \u201cla revisi\u00f3 estructural dels edificis per a no entrar en cap en el qual no estiga assegurada la seua estabilitat\u201d. A Paiporta, per exemple, es treballa en esta revisi\u00f3 estructural i en la definici\u00f3 de l&#8217;ordre de prioritat de les intervencions per a comen\u00e7ar dem\u00e0, igual que en la resta de municipis inclosos en el llistat inicial aportat per Emerg\u00e8ncies.<\/p>\n\n\n\n<p class=\"wp-block-paragraph\">Per part seua, l&#8217;alcalde de Massanassa i diputat provincial, Paco Comes, ha fet refer\u00e8ncia a \u201cuna trag\u00e8dia d&#8217;una magnitud grand\u00edssima enfront de la qual estem treballant des del minut zero, amb prioritats com s\u00f3n estos treballs d&#8217;extracci\u00f3 del fang per a evitar problemes sanitaris\u201d. En el cas dels garatges, uns 70 afectats en la localitat, \u201ccal agrair la seua predisposici\u00f3 a la Diputaci\u00f3 per a ajudar-nos en les tasques de neteja\u201d.<\/p>\n","protected":false},"excerpt":{"rendered":"<div class=\"mh-excerpt\">Massanassa, Benet\u00fasser, Sedav\u00ed i Albal se sumen a Picanya en la neteja de garatges i soterranis en situaci\u00f3 d&#8217;emerg\u00e8ncia sanit\u00e0ria. Paiporta, Alfafar, Catarroja, Aldaia, Llocnou de la Corona i Algemes\u00ed comencen este dijous. El president <a class=\"mh-excerpt-more\" href=\"https:\/\/tucomarca.whitekongsoftware.com\/ca\/la-diputacio-treballa-ja-en-lextraccio-de-fang-en-cinc-municipis-amb-un-dispositiu-que-supera-els-100-operaris\/\" title=\"La Diputaci\u00f3 treballa ja en l&#8217;extracci\u00f3 de fang en cinc municipis amb un dispositiu que supera els 100 operaris\">[+] <\/a><\/div>\n","protected":false},"author":12,"featured_media":246624,"comment_status":"open","ping_status":"open","sticky":false,"template":"","format":"standard","meta":{"footnotes":""},"categories":[10983,11010,21466,10898,10948,10894,10904,10902,10903,10947,10896,10897],"tags":[15409,11246,21643],"class_list":["post-246628","post","type-post","status-publish","format-standard","has-post-thumbnail","category-algemesi-ca","category-canal-salud","category-dana-ca","category-ventana-ca","category-infraestructuras-ca","category-la-comarca-ca","category-sin-categorizar-ca","category-la-ribera-ca","category-medio-ambiente-la-comarca-ca","category-politica","category-seccion-ca","category-sucesos-la-comarca-ca","tag-dana-2-ca","tag-diputacio-de-valencia-ca","tag-extraccion-de-lodos-ca"],"_links":{"self":[{"href":"https:\/\/tucomarca.whitekongsoftware.com\/ca\/wp-json\/wp\/v2\/posts\/246628","targetHints":{"allow":["GET"]}}],"collection":[{"href":"https:\/\/tucomarca.whitekongsoftware.com\/ca\/wp-json\/wp\/v2\/posts"}],"about":[{"href":"https:\/\/tucomarca.whitekongsoftware.com\/ca\/wp-json\/wp\/v2\/types\/post"}],"author":[{"embeddable":true,"href":"https:\/\/tucomarca.whitekongsoftware.com\/ca\/wp-json\/wp\/v2\/users\/12"}],"replies":[{"embeddable":true,"href":"https:\/\/tucomarca.whitekongsoftware.com\/ca\/wp-json\/wp\/v2\/comments?post=246628"}],"version-history":[{"count":0,"href":"https:\/\/tucomarca.whitekongsoftware.com\/ca\/wp-json\/wp\/v2\/posts\/246628\/revisions"}],"wp:featuredmedia":[{"embeddable":true,"href":"https:\/\/tucomarca.whitekongsoftware.com\/ca\/wp-json\/wp\/v2\/media\/246624"}],"wp:attachment":[{"href":"https:\/\/tucomarca.whitekongsoftware.com\/ca\/wp-json\/wp\/v2\/media?parent=246628"}],"wp:term":[{"taxonomy":"category","embeddable":true,"href":"https:\/\/tucomarca.whitekongsoftware.com\/ca\/wp-json\/wp\/v2\/categories?post=246628"},{"taxonomy":"post_tag","embeddable":true,"href":"https:\/\/tucomarca.whitekongsoftware.com\/ca\/wp-json\/wp\/v2\/tags?post=246628"}],"curies":[{"name":"wp","href":"https:\/\/api.w.org\/{rel}","templated":true}]}}