{"id":246533,"date":"2024-11-27T11:00:00","date_gmt":"2024-11-27T09:00:00","guid":{"rendered":"https:\/\/www.tucomarca.com\/wordpress\/segunda\/?p=246533"},"modified":"2024-11-27T12:30:54","modified_gmt":"2024-11-27T10:30:54","slug":"la-diputacio-i-lume-comencen-a-installar-el-pont-sobre-el-turia-en-riba-roja","status":"publish","type":"post","link":"https:\/\/tucomarca.whitekongsoftware.com\/ca\/la-diputacio-i-lume-comencen-a-installar-el-pont-sobre-el-turia-en-riba-roja\/","title":{"rendered":"La Diputaci\u00f3 i l&#8217;UME comencen a instal\u00b7lar el pont sobre el T\u00faria en Riba-roja"},"content":{"rendered":"\n<h3 class=\"wp-block-heading\">L&#8217;Ex\u00e8rcit ja est\u00e0 muntant el viaducte provisional, que la Diputaci\u00f3 condicionar\u00e0 perqu\u00e8, previsiblement, s&#8217;\u00f2briga al tr\u00e0nsit a partir del pr\u00f2xim dia 11.<\/h3>\n\n\n\n<h3 class=\"wp-block-heading\">\u00a0La responsable de l&#8217;\u00e0rea de Carreteres, Reme Mazzolari, subratlla \u201cl&#8217;efici\u00e8ncia en la reobertura de comunicacions gr\u00e0cies a la flu\u00efdesa en la col\u00b7laboraci\u00f3 entre l&#8217;UME i la Diputaci\u00f3\u201d.<\/h3>\n\n\n\n<p class=\"wp-block-paragraph\">La Diputaci\u00f3 de Val\u00e8ncia i la Unitat Militar d&#8217;Emerg\u00e8ncies (UME) ja treballen en la instal\u00b7laci\u00f3 del pont sobre el T\u00faria en Riba-roja, en la carretera CV-336. Est\u00e0 previst que l&#8217;Ex\u00e8rcit acabe d&#8217;instal\u00b7lar la passarel\u00b7la provisional divendres que ve. Ser\u00e0 a partir d&#8217;eixe moment quan els operaris de la Diputaci\u00f3, que tamb\u00e9 han fet tasques pr\u00e8vies a la instal\u00b7laci\u00f3, condicionen el pont amb actuacions referents a asfaltats, barreres de seguretat i senyalitzaci\u00f3, entre altres. Aix\u00ed, previsiblement, el pont estar\u00e0 obert al tr\u00e0nsit a partir del pr\u00f2xim dia 11.&nbsp;<\/p>\n\n\n\n<p class=\"wp-block-paragraph\">\u201cEste \u00e9s un exemple m\u00e9s que s&#8217;est\u00e0 actuant amb molta celeritat per a restablir les comunicacions danyades per la DANA\u201d, destaca la vicepresidenta segona i responsable de Carreteres, Reme Mazzolari, qui assenyala com a clau per a \u201cesta efici\u00e8ncia, la flu\u00efdesa en la col\u00b7laboraci\u00f3 entre l&#8217;UME i la Diputaci\u00f3\u201d.<\/p>\n\n\n\n<figure class=\"wp-block-image size-large\"><img loading=\"lazy\" decoding=\"async\" width=\"1024\" height=\"768\" src=\"http:\/\/www.tucomarca.com\/wordpress\/segunda\/wp-content\/uploads\/2024\/11\/Riba-rojaPuenteUME2-1024x768.jpg\" alt=\"\" class=\"wp-image-246530\" srcset=\"https:\/\/tucomarca.whitekongsoftware.com\/wp-content\/uploads\/2024\/11\/Riba-rojaPuenteUME2-1024x768.jpg 1024w, https:\/\/tucomarca.whitekongsoftware.com\/wp-content\/uploads\/2024\/11\/Riba-rojaPuenteUME2-300x225.jpg 300w, https:\/\/tucomarca.whitekongsoftware.com\/wp-content\/uploads\/2024\/11\/Riba-rojaPuenteUME2-768x576.jpg 768w, https:\/\/tucomarca.whitekongsoftware.com\/wp-content\/uploads\/2024\/11\/Riba-rojaPuenteUME2-1536x1152.jpg 1536w, https:\/\/tucomarca.whitekongsoftware.com\/wp-content\/uploads\/2024\/11\/Riba-rojaPuenteUME2-678x509.jpg 678w, https:\/\/tucomarca.whitekongsoftware.com\/wp-content\/uploads\/2024\/11\/Riba-rojaPuenteUME2-326x245.jpg 326w, https:\/\/tucomarca.whitekongsoftware.com\/wp-content\/uploads\/2024\/11\/Riba-rojaPuenteUME2-80x60.jpg 80w, https:\/\/tucomarca.whitekongsoftware.com\/wp-content\/uploads\/2024\/11\/Riba-rojaPuenteUME2.jpg 1600w\" sizes=\"auto, (max-width: 1024px) 100vw, 1024px\" \/><\/figure>\n\n\n\n<p class=\"wp-block-paragraph\">En este sentit, Mazzolari recorda que \u201ceste dilluns s&#8217;ha obert el pont de Bu\u00f1ol, una infraestructura fonamental per al transport p\u00fablic i el de mercaderies a la comarca\u201d. \u201cEra molt necessari i s&#8217;ha pogut obrir en temps r\u00e8cord gr\u00e0cies al treball conjunt i la col\u00b7laboraci\u00f3 de les institucions\u201d, esgrimix.<\/p>\n\n\n\n<p class=\"wp-block-paragraph\">De fet, per a la Diputaci\u00f3 ha sigut prioritari restablir com m\u00e9s prompte millor el tr\u00e0nsit en totes les vies de la xarxa provincial. Per aix\u00f2, la corporaci\u00f3 provincial va aprovar d&#8217;urg\u00e8ncia obres de reparaci\u00f3 de carreteres danyades per la riuada per aproximadament 25 milions d&#8217;euros, 12 d&#8217;ells per a iniciar la reconstrucci\u00f3 dels ponts d&#8217;acc\u00e9s a nuclis urbans. Unes quantitats que s&#8217;ampliaran amb el pressupost de 2025, en els que es treballa per a fer front a l&#8217;efecte de la DANA.<\/p>\n","protected":false},"excerpt":{"rendered":"<div class=\"mh-excerpt\">L&#8217;Ex\u00e8rcit ja est\u00e0 muntant el viaducte provisional, que la Diputaci\u00f3 condicionar\u00e0 perqu\u00e8, previsiblement, s&#8217;\u00f2briga al tr\u00e0nsit a partir del pr\u00f2xim dia 11. \u00a0La responsable de l&#8217;\u00e0rea de Carreteres, Reme Mazzolari, subratlla \u201cl&#8217;efici\u00e8ncia en la reobertura <a class=\"mh-excerpt-more\" href=\"https:\/\/tucomarca.whitekongsoftware.com\/ca\/la-diputacio-i-lume-comencen-a-installar-el-pont-sobre-el-turia-en-riba-roja\/\" title=\"La Diputaci\u00f3 i l&#8217;UME comencen a instal\u00b7lar el pont sobre el T\u00faria en Riba-roja\">[+] <\/a><\/div>\n","protected":false},"author":12,"featured_media":246529,"comment_status":"open","ping_status":"open","sticky":false,"template":"","format":"image","meta":{"footnotes":""},"categories":[10892,21466,10898,10948,10894,10904,10903,10947,10906,10896,10897],"tags":[10899,15409,11246,15024,12017],"class_list":["post-246533","post","type-post","status-publish","format-image","has-post-thumbnail","category-camp-de-turia-ca","category-dana-ca","category-ventana-ca","category-infraestructuras-ca","category-la-comarca-ca","category-sin-categorizar-ca","category-medio-ambiente-la-comarca-ca","category-politica","category-riba-roja-ca","category-seccion-ca","category-sucesos-la-comarca-ca","tag-camp-de-turia-ca","tag-dana-2-ca","tag-diputacio-de-valencia-ca","tag-riba-roja-de-turia-ca","tag-ume-ca","post_format-post-format-image"],"_links":{"self":[{"href":"https:\/\/tucomarca.whitekongsoftware.com\/ca\/wp-json\/wp\/v2\/posts\/246533","targetHints":{"allow":["GET"]}}],"collection":[{"href":"https:\/\/tucomarca.whitekongsoftware.com\/ca\/wp-json\/wp\/v2\/posts"}],"about":[{"href":"https:\/\/tucomarca.whitekongsoftware.com\/ca\/wp-json\/wp\/v2\/types\/post"}],"author":[{"embeddable":true,"href":"https:\/\/tucomarca.whitekongsoftware.com\/ca\/wp-json\/wp\/v2\/users\/12"}],"replies":[{"embeddable":true,"href":"https:\/\/tucomarca.whitekongsoftware.com\/ca\/wp-json\/wp\/v2\/comments?post=246533"}],"version-history":[{"count":0,"href":"https:\/\/tucomarca.whitekongsoftware.com\/ca\/wp-json\/wp\/v2\/posts\/246533\/revisions"}],"wp:featuredmedia":[{"embeddable":true,"href":"https:\/\/tucomarca.whitekongsoftware.com\/ca\/wp-json\/wp\/v2\/media\/246529"}],"wp:attachment":[{"href":"https:\/\/tucomarca.whitekongsoftware.com\/ca\/wp-json\/wp\/v2\/media?parent=246533"}],"wp:term":[{"taxonomy":"category","embeddable":true,"href":"https:\/\/tucomarca.whitekongsoftware.com\/ca\/wp-json\/wp\/v2\/categories?post=246533"},{"taxonomy":"post_tag","embeddable":true,"href":"https:\/\/tucomarca.whitekongsoftware.com\/ca\/wp-json\/wp\/v2\/tags?post=246533"}],"curies":[{"name":"wp","href":"https:\/\/api.w.org\/{rel}","templated":true}]}}