{"id":246505,"date":"2024-11-26T09:05:00","date_gmt":"2024-11-26T07:05:00","guid":{"rendered":"https:\/\/www.tucomarca.com\/wordpress\/segunda\/?p=246505"},"modified":"2024-11-26T20:21:58","modified_gmt":"2024-11-26T18:21:58","slug":"la-diputacio-de-valencia-cedix-al-ministeri-de-politica-territorial-els-informes-de-danys-en-infraestructures-locals-i-amplia-el-seu-ambit-dactuacio","status":"publish","type":"post","link":"https:\/\/tucomarca.whitekongsoftware.com\/ca\/la-diputacio-de-valencia-cedix-al-ministeri-de-politica-territorial-els-informes-de-danys-en-infraestructures-locals-i-amplia-el-seu-ambit-dactuacio\/","title":{"rendered":"La Diputaci\u00f3 de Val\u00e8ncia cedix al Ministeri de Pol\u00edtica Territorial els informes de danys en infraestructures locals i amplia el seu \u00e0mbit d&#8217;actuaci\u00f3\u00a0"},"content":{"rendered":"\n<h3 class=\"wp-block-heading\">La instituci\u00f3 provincial compartix amb Tragsa, companyia contractada pel Ministeri, les fitxes d&#8217;an\u00e0lisis de danys en les quatre comarques assignades a la Diputaci\u00f3, i assumix els estudis d&#8217;altres 15 municipis de l&#8217;Horta Sud.<\/h3>\n\n\n\n<h3 class=\"wp-block-heading\">L&#8217;equip t\u00e8cnic de les \u00e0rees provincials de Carreteres i Assessorament Municipal elaborar\u00e0 els nous informes que inclouran tant infraestructures vi\u00e0ries com no vi\u00e0ries en les poblacions assignades.<\/h3>\n\n\n\n<h3 class=\"wp-block-heading\">La diputada de Carreteres i vicepresidenta segona, Reme Mazzolari, destaca \u201cla dilig\u00e8ncia de l&#8217;equip t\u00e8cnic de la Diputaci\u00f3 a l&#8217;hora d&#8217;elaborar els estudis\u201d, cosa que qualifica com a \u201cvital perqu\u00e8 totes les Administracions puguem treballar en la reconstrucci\u00f3 de manera \u00e0gil i coordinada\u201d.<\/h3>\n\n\n\n<p class=\"wp-block-paragraph\">La Diputaci\u00f3 de Val\u00e8ncia cedir\u00e0 a Tragsa, empresa p\u00fablica contractada pel Ministeri de Pol\u00edtica Territorial, l&#8217;avaluaci\u00f3 de danys elaborada per l&#8217;equip t\u00e8cnic de les \u00e0rees provincials de Carreteres i Assessorament Municipal per a les comarques d&#8217;Utiel-Requena, la Hoya de Bu\u00f1ol, la Serran\u00eda i el Camp de T\u00faria.<\/p>\n\n\n\n<p class=\"wp-block-paragraph\">\u201cEs tracta -explica Reme Mazzolari, diputada de Carreteres i vicepresidenta segona de la Diputaci\u00f3- d&#8217;un exemple m\u00e9s de la coordinaci\u00f3 existent tant amb la Generalitat com amb el Govern Central per als treballs de reconstrucci\u00f3 de les comunicacions en els municipis afectats\u201d.<\/p>\n\n\n\n<p class=\"wp-block-paragraph\">Mentres que els informes sobre les infraestructures vi\u00e0ries van ser dirigits per l&#8217;\u00e0rea de Carreteres, l&#8217;equip t\u00e8cnic d&#8217;Assessorament Municipal va elaborar els referents a infraestructures locals no vi\u00e0ries, a partir de la informaci\u00f3 que els propis ajuntaments van traslladar a trav\u00e9s d&#8217;un centre \u00fanic de recepci\u00f3 de dades habilitat per la Diputaci\u00f3 <em>ex profeso<\/em> per a este treball.<\/p>\n\n\n\n<p class=\"wp-block-paragraph\">Reme Mazzolari explica en este sentit que \u201cen situacions d&#8217;emerg\u00e8ncia com l&#8217;actual, \u00e9s vital que els treballs t\u00e8cnics s&#8217;elaboren al m\u00e9s prompte possible perqu\u00e8 totes les Administracions puguem treballar en la reconstrucci\u00f3 de manera \u00e0gil i coordinada\u201d i destaca \u201cla dilig\u00e8ncia de l&#8217;equip t\u00e8cnic de la Diputaci\u00f3, que pocs dies despr\u00e9s del pas de la DANA ja disposava d&#8217;un detallat informe que proposava un primer full de ruta per a la reconstrucci\u00f3\u201d.<\/p>\n\n\n\n<p class=\"wp-block-paragraph\"><strong>Col\u00b7laboraci\u00f3 amb Tragsa<\/strong><\/p>\n\n\n\n<p class=\"wp-block-paragraph\">D&#8217;acord amb el que s&#8217;establix en el grup de treball d&#8217;Infraestructures, en el qual participen Diputaci\u00f3, Generalitat i Ministeri de Transports i Mobilitat Sostenible, la instituci\u00f3 provincial es va fer c\u00e0rrec de l&#8217;an\u00e0lisi de danys sobre estructures vi\u00e0ries i no vi\u00e0ries de les comarques d&#8217;Utiel-Requena, la Hoya de Bu\u00f1ol, la Serran\u00eda i el Camp de T\u00faria.<\/p>\n\n\n\n<p class=\"wp-block-paragraph\">Ara, fruit del contacte amb el Ministeri de Pol\u00edtica Territorial i Mem\u00f2ria Democr\u00e0tica, s&#8217;ha acordat que la Diputaci\u00f3 de Val\u00e8ncia, a m\u00e9s de cedir els informes d&#8217;estes quatre comarques, s&#8217;encarregue tamb\u00e9 de fer extensiu l&#8217;estudi a quinze municipis de l&#8217;Horta Sud: Aldaia, Alaqu\u00e0s, Alc\u00e0sser, Albal, Beniparrell, Llocnou de la Corona, Manises, Massanassa, Paiporta, Picassent, Sedav\u00ed, Silla, Tavernes de la Valldigna, Torrent i Xirivella.<\/p>\n\n\n\n<p class=\"wp-block-paragraph\">Reme Mazzolari afirma que \u201cla Diputaci\u00f3, com a instituci\u00f3 de proximitat per als ajuntaments, ha sigut proactiva des del minut un de la cat\u00e0strofe a l&#8217;hora, no sols d&#8217;analitzar danys, sin\u00f3 de proposar possibles solucions t\u00e8cniques per a abordar la reconstrucci\u00f3 de les zones afectades\u201d i recorda que va ser \u201cla primera administraci\u00f3 p\u00fablica a comen\u00e7ar a treballar en la reparaci\u00f3 de les carreteres gr\u00e0cies als contractes d&#8217;emerg\u00e8ncia activats pel president Vicent Momp\u00f3 nom\u00e9s 48 hores despr\u00e9s del temporal\u201d.<\/p>\n","protected":false},"excerpt":{"rendered":"<div class=\"mh-excerpt\">La instituci\u00f3 provincial compartix amb Tragsa, companyia contractada pel Ministeri, les fitxes d&#8217;an\u00e0lisis de danys en les quatre comarques assignades a la Diputaci\u00f3, i assumix els estudis d&#8217;altres 15 municipis de l&#8217;Horta Sud. L&#8217;equip t\u00e8cnic <a class=\"mh-excerpt-more\" href=\"https:\/\/tucomarca.whitekongsoftware.com\/ca\/la-diputacio-de-valencia-cedix-al-ministeri-de-politica-territorial-els-informes-de-danys-en-infraestructures-locals-i-amplia-el-seu-ambit-dactuacio\/\" title=\"La Diputaci\u00f3 de Val\u00e8ncia cedix al Ministeri de Pol\u00edtica Territorial els informes de danys en infraestructures locals i amplia el seu \u00e0mbit d&#8217;actuaci\u00f3\u00a0\">[+] <\/a><\/div>\n","protected":false},"author":12,"featured_media":246503,"comment_status":"open","ping_status":"open","sticky":false,"template":"","format":"standard","meta":{"footnotes":""},"categories":[10892,21466,11046,10898,10948,10894,10904,10912,10902,10903,10947,10909,10896,10897],"tags":[21629,11246,19433],"class_list":["post-246505","post","type-post","status-publish","format-standard","has-post-thumbnail","category-camp-de-turia-ca","category-dana-ca","category-los-serranos-ca","category-ventana-ca","category-infraestructuras-ca","category-la-comarca-ca","category-sin-categorizar-ca","category-la-hoya-ca","category-la-ribera-ca","category-medio-ambiente-la-comarca-ca","category-politica","category-requena-utiel-ca","category-seccion-ca","category-sucesos-la-comarca-ca","tag-carreteras-de-la-diputacion-ca","tag-diputacio-de-valencia-ca","tag-reme-mazzolari-ca"],"_links":{"self":[{"href":"https:\/\/tucomarca.whitekongsoftware.com\/ca\/wp-json\/wp\/v2\/posts\/246505","targetHints":{"allow":["GET"]}}],"collection":[{"href":"https:\/\/tucomarca.whitekongsoftware.com\/ca\/wp-json\/wp\/v2\/posts"}],"about":[{"href":"https:\/\/tucomarca.whitekongsoftware.com\/ca\/wp-json\/wp\/v2\/types\/post"}],"author":[{"embeddable":true,"href":"https:\/\/tucomarca.whitekongsoftware.com\/ca\/wp-json\/wp\/v2\/users\/12"}],"replies":[{"embeddable":true,"href":"https:\/\/tucomarca.whitekongsoftware.com\/ca\/wp-json\/wp\/v2\/comments?post=246505"}],"version-history":[{"count":0,"href":"https:\/\/tucomarca.whitekongsoftware.com\/ca\/wp-json\/wp\/v2\/posts\/246505\/revisions"}],"wp:featuredmedia":[{"embeddable":true,"href":"https:\/\/tucomarca.whitekongsoftware.com\/ca\/wp-json\/wp\/v2\/media\/246503"}],"wp:attachment":[{"href":"https:\/\/tucomarca.whitekongsoftware.com\/ca\/wp-json\/wp\/v2\/media?parent=246505"}],"wp:term":[{"taxonomy":"category","embeddable":true,"href":"https:\/\/tucomarca.whitekongsoftware.com\/ca\/wp-json\/wp\/v2\/categories?post=246505"},{"taxonomy":"post_tag","embeddable":true,"href":"https:\/\/tucomarca.whitekongsoftware.com\/ca\/wp-json\/wp\/v2\/tags?post=246505"}],"curies":[{"name":"wp","href":"https:\/\/api.w.org\/{rel}","templated":true}]}}