{"id":246479,"date":"2024-11-26T17:00:00","date_gmt":"2024-11-26T15:00:00","guid":{"rendered":"https:\/\/www.tucomarca.com\/wordpress\/segunda\/?p=246479"},"modified":"2024-11-26T19:53:21","modified_gmt":"2024-11-26T17:53:21","slug":"iniciades-les-obres-de-reconstruccio-de-la-xarxa-de-carreteres-de-la-diputacio-a-xiva","status":"publish","type":"post","link":"https:\/\/tucomarca.whitekongsoftware.com\/ca\/iniciades-les-obres-de-reconstruccio-de-la-xarxa-de-carreteres-de-la-diputacio-a-xiva\/","title":{"rendered":"Iniciades les obres de reconstrucci\u00f3 de la xarxa de carreteres de la Diputaci\u00f3 a Xiva"},"content":{"rendered":"\n<h3 class=\"wp-block-heading\">Els projectes s\u00f3n gestionats per l&#8217;\u00e0rea de Carreteres de la Diputaci\u00f3 de Val\u00e8ncia.<\/h3>\n\n\n\n<p class=\"wp-block-paragraph\">L&#8217;\u00e0rea de Carreteres de la Diputaci\u00f3 de Val\u00e8ncia ha iniciat les obres de la primera fase de reconstrucci\u00f3 de les estructures de la xarxa de carreteres de Diputaci\u00f3 de Val\u00e8ncia que afecten el municipi de Xiva.<br>S&#8217;est\u00e0 actuant sobre les carreteres i els ponts que van quedar greument danyats despr\u00e9s de la DANA. En concret les obres de reconstrucci\u00f3 de la Diputaci\u00f3 de Val\u00e8ncia se centren en la carretera de les Pedroses (CV-379), la carretera que dona acc\u00e9s als Felipes i els pol\u00edgon 16, 27 i 29 (CV-417) i la carretera per la qual s&#8217;accedeix a la Lloma de Miralcampo i Urbanitzaci\u00f3 el Bosc, entre altres (CV- 424).<br>La r\u00e0pida resposta en la gesti\u00f3 de Diputaci\u00f3, garantir\u00e0 la seguretat, restablir\u00e0 la normalitat en les infraestructures i atendr\u00e0 les necessitats de les ve\u00efnes i ve\u00efns afectats.<\/p>\n","protected":false},"excerpt":{"rendered":"<div class=\"mh-excerpt\">Els projectes s\u00f3n gestionats per l&#8217;\u00e0rea de Carreteres de la Diputaci\u00f3 de Val\u00e8ncia. L&#8217;\u00e0rea de Carreteres de la Diputaci\u00f3 de Val\u00e8ncia ha iniciat les obres de la primera fase de reconstrucci\u00f3 de les estructures de <a class=\"mh-excerpt-more\" href=\"https:\/\/tucomarca.whitekongsoftware.com\/ca\/iniciades-les-obres-de-reconstruccio-de-la-xarxa-de-carreteres-de-la-diputacio-a-xiva\/\" title=\"Iniciades les obres de reconstrucci\u00f3 de la xarxa de carreteres de la Diputaci\u00f3 a Xiva\">[+] <\/a><\/div>\n","protected":false},"author":12,"featured_media":246478,"comment_status":"open","ping_status":"open","sticky":false,"template":"","format":"standard","meta":{"footnotes":""},"categories":[21466,10898,10948,10894,10904,10912,10903,10947,10896,10897,10975],"tags":[21629,11195,11246,10914],"class_list":["post-246479","post","type-post","status-publish","format-standard","has-post-thumbnail","category-dana-ca","category-ventana-ca","category-infraestructuras-ca","category-la-comarca-ca","category-sin-categorizar-ca","category-la-hoya-ca","category-medio-ambiente-la-comarca-ca","category-politica","category-seccion-ca","category-sucesos-la-comarca-ca","category-chiva-ca","tag-carreteras-de-la-diputacion-ca","tag-chiva-ca","tag-diputacio-de-valencia-ca","tag-la-hoya-de-bunol-chiva-ca"],"_links":{"self":[{"href":"https:\/\/tucomarca.whitekongsoftware.com\/ca\/wp-json\/wp\/v2\/posts\/246479","targetHints":{"allow":["GET"]}}],"collection":[{"href":"https:\/\/tucomarca.whitekongsoftware.com\/ca\/wp-json\/wp\/v2\/posts"}],"about":[{"href":"https:\/\/tucomarca.whitekongsoftware.com\/ca\/wp-json\/wp\/v2\/types\/post"}],"author":[{"embeddable":true,"href":"https:\/\/tucomarca.whitekongsoftware.com\/ca\/wp-json\/wp\/v2\/users\/12"}],"replies":[{"embeddable":true,"href":"https:\/\/tucomarca.whitekongsoftware.com\/ca\/wp-json\/wp\/v2\/comments?post=246479"}],"version-history":[{"count":0,"href":"https:\/\/tucomarca.whitekongsoftware.com\/ca\/wp-json\/wp\/v2\/posts\/246479\/revisions"}],"wp:featuredmedia":[{"embeddable":true,"href":"https:\/\/tucomarca.whitekongsoftware.com\/ca\/wp-json\/wp\/v2\/media\/246478"}],"wp:attachment":[{"href":"https:\/\/tucomarca.whitekongsoftware.com\/ca\/wp-json\/wp\/v2\/media?parent=246479"}],"wp:term":[{"taxonomy":"category","embeddable":true,"href":"https:\/\/tucomarca.whitekongsoftware.com\/ca\/wp-json\/wp\/v2\/categories?post=246479"},{"taxonomy":"post_tag","embeddable":true,"href":"https:\/\/tucomarca.whitekongsoftware.com\/ca\/wp-json\/wp\/v2\/tags?post=246479"}],"curies":[{"name":"wp","href":"https:\/\/api.w.org\/{rel}","templated":true}]}}