{"id":246420,"date":"2024-11-26T08:15:00","date_gmt":"2024-11-26T06:15:00","guid":{"rendered":"https:\/\/www.tucomarca.com\/wordpress\/segunda\/?p=246420"},"modified":"2024-11-26T10:48:40","modified_gmt":"2024-11-26T08:48:40","slug":"linstitut-valencia-de-cultura-collabora-en-celebracio-de-la-jornada-adapta-literary-market","status":"publish","type":"post","link":"https:\/\/tucomarca.whitekongsoftware.com\/ca\/linstitut-valencia-de-cultura-collabora-en-celebracio-de-la-jornada-adapta-literary-market\/","title":{"rendered":"L\u2019Institut Valenci\u00e0 de Cultura col\u00b7labora en celebraci\u00f3 de la jornada Adapta Literary Market"},"content":{"rendered":"\n<h3 class=\"wp-block-heading\"><strong>L\u2019objectiu d\u2019esta trobada \u00e9s potenciar les adaptacions liter\u00e0ries a la pantalla i ser punt de trobada de les industries audiovisuals i editorials<\/strong><\/h3>\n\n\n\n<p class=\"wp-block-paragraph\">La Conselleria d\u2019Educaci\u00f3, Cultura, Universitats i Ocupaci\u00f3, a trav\u00e9s de l\u2019Institut Valenci\u00e0 de Cultura, col\u00b7labora en l\u2019organitzaci\u00f3 de la quinta jornada Adapta Literary Market, que se celebra el 26 de novembre en la sala 7 de l\u2019edifici Rialto.<\/p>\n\n\n\n<p class=\"wp-block-paragraph\">El director general de l\u2019IVC, \u00c1lvaro L\u00f3pez-Jamar, ha assenyalat que esta jornada t\u00e9 com a objectiu \u201cposar en contacte cineastes, guionistes i productors valencians amb editors, agents literaris i autors de la nostra literatura que volen donar una major promoci\u00f3 a les seues obres a trav\u00e9s de les adaptacions televisives i cinematogr\u00e0fiques\u201d. Adapta Literary Market est\u00e0 organitzada per l\u2019Associaci\u00f3 d\u2019Editors del Pa\u00eds Valenci\u00e0 i Nautilus Gesti\u00f3 Cultural i Comunicaci\u00f3.<\/p>\n\n\n\n<p class=\"wp-block-paragraph\">L\u00f3pez-Jamar tamb\u00e9 ha destacat que la literatura valenciana \u201cdisposa d\u2019una gran quantitat de materials narratius i hist\u00f2rics molt valuosos i interessants que podrien ser adaptats a la pantalla. Amb el nostre suport a esta jornada, l\u2019IVC vol contribuir a la difusi\u00f3 d\u2019estes obres entre els professionals de l\u2019audiovisual, que busquen hist\u00f2ries atractives i originals per a ser adaptades al cinema o la televisi\u00f3\u201d.<\/p>\n\n\n\n<p class=\"wp-block-paragraph\">A l\u2019edici\u00f3 d\u2019enguany s\u2019han presentat 30 projectes, dels quals se n\u2019han triat 9 de tota classe de g\u00e8neres. M\u00e9s de trenta professionals del sector audiovisual, entre els quals hi ha productores, guionistes i directors de contingut, acudiran a la cita per a mantindre contacte amb els autors dels projectes i els editors encarregats de dur-los a terme.<\/p>\n\n\n\n<p class=\"wp-block-paragraph\">La jornada s\u2019iniciar\u00e0 a les 10:15 hores amb una taula redona sobre el potencial de les adaptacions cinematogr\u00e0fiques en la qual participaran Marina P\u00e9rez, guionista i productora executiva de la s\u00e8rie&nbsp;<em>Valeria<\/em>, produ\u00efda per Plano a Plano per a Netflix, i Joana Ortueta, guionista de&nbsp;<em>La casa<\/em>, produ\u00efda per Nakamura Films i que \u00e9s l\u2019adaptaci\u00f3 del c\u00f2mic hom\u00f2nim de Paco Roca. La taula estar\u00e0 moderada pel cineasta valenci\u00e0 Gabi Ochoa.<\/p>\n\n\n\n<p class=\"wp-block-paragraph\">A continuaci\u00f3, a les 11:00 hores, Rebeca Palacio, executiva de continguts de Scenic Rights, impartir\u00e0 una confer\u00e8ncia sobre les tend\u00e8ncies de les adaptacions televisives i cinematogr\u00e0fiques en esta temporada.<\/p>\n\n\n\n<p class=\"wp-block-paragraph\">Despr\u00e9s de la confer\u00e8ncia, a les 12:00 hores, se celebrar\u00e0 una sessi\u00f3 de&nbsp;<em>pitch&nbsp;<\/em>d\u2019autors i editorials valencianes, en la qual est\u00e0 prevista la participaci\u00f3 de Natalia Gisbert Abad amb&nbsp;<em>Despr\u00e9s del salt<\/em>&nbsp;d\u2019Editorial Bromera; Josep Vicent Miralles amb&nbsp;<em>Estiu<\/em>&nbsp;de Llibres de la Drassana; Lliris Pic\u00f3 amb&nbsp;<em>Les papallones del kebab<\/em>&nbsp;d\u2019Edicions del Bullent; Maria Carme Arnau amb&nbsp;<em>L\u2019ess\u00e8ncia de l\u2019arbre<\/em>&nbsp;de Balandra Edicions; Marta Sans amb&nbsp;<em>Is\u00f2sceles&nbsp;<\/em>d\u2019Onada Edicions; Jes\u00fas S\u00e1nchez Graullera amb&nbsp;<em>Deber\u00eda ser nuestro secreto<\/em>&nbsp;d\u2019Editorial Sargantana; B\u00e1rbara Blasco amb&nbsp;<em>Dicen los s\u00edntomas<\/em>&nbsp;de Tusquets Editores; David Pascual amb&nbsp;<em>Dinosaurio&nbsp;<\/em>de Colectivo Bruxista, i Francesc Gisbert amb&nbsp;<em>Tot o res<\/em>&nbsp;d\u2019Andana Editorial.<\/p>\n\n\n\n<p class=\"wp-block-paragraph\">Les tretze productores que participen en esta edici\u00f3 s\u00f3n Aire de cinema, Bis\u00edlaba, Estrela Audiovisual, Los Hermanos Polo Films, Nadie Es Perfecto, Pegatum, PTMedia, Silence producci\u00f3n,The Fly Hunter, When Lights Are Low, Mediterr\u00e1neo Media, Summa Content&nbsp; i Nakamura Films.<\/p>\n\n\n\n<p class=\"wp-block-paragraph\">A la vesprada tenen lloc les reunions individuals entre els professionals literaris i els audiovisuals. Abans de la jornada, el dilluns 25 de novembre, a les 18:00 hores, el director d\u2019Ind\u00fastria del Festival de Cine Documental de Buenos Aires, Walter Tiepelmann, impartix una confer\u00e8ncia en l\u00ednia sobre l\u2019adaptaci\u00f3 d\u2019obres documentals a la ficci\u00f3.<\/p>\n\n\n\n<p class=\"wp-block-paragraph\">Els qui vullguen assistir com a oients a la taula redona i a la confer\u00e8ncia de la sessi\u00f3 matinal de la jornada&nbsp;<a href=\"https:\/\/www.adaptamarket.com\/val\/\">poden inscriure\u2019s ac\u00ed<\/a>. La inscripci\u00f3 \u00e9s gratu\u00efta i l\u2019aforament limitat.<\/p>\n\n\n\n<p class=\"wp-block-paragraph\"><strong>Adapta Market<\/strong><\/p>\n\n\n\n<p class=\"wp-block-paragraph\">A m\u00e9s, els participants en la jornada tindran acc\u00e9s gratu\u00eft a la plataforma Adapta Market. L\u2019objectiu principal d\u2019esta plataforma \u00e9s posar en contacte les persones que treballen en el m\u00f3n literari i les quals formen part del m\u00f3n audiovisual.<\/p>\n\n\n\n<p class=\"wp-block-paragraph\">Una persona que treballa en el sector literari pot registrar una obra i buscar professionals de l\u2019audiovisual que l\u2019ajuden a desenrotllar l\u2019adaptaci\u00f3. I en el cas invers, una persona que forma part del m\u00f3n audiovisual pot buscar l\u2019obra perfecta per a dur a terme el seu nou projecte. Adapta Market funciona com una esp\u00e8cie de cat\u00e0leg en qu\u00e8 els agents interessats a buscar una nova hist\u00f2ria poden trobar la que m\u00e9s s\u2019ajuste als seus interessos.<\/p>\n","protected":false},"excerpt":{"rendered":"<div class=\"mh-excerpt\">L\u2019objectiu d\u2019esta trobada \u00e9s potenciar les adaptacions liter\u00e0ries a la pantalla i ser punt de trobada de les industries audiovisuals i editorials La Conselleria d\u2019Educaci\u00f3, Cultura, Universitats i Ocupaci\u00f3, a trav\u00e9s de l\u2019Institut Valenci\u00e0 de <a class=\"mh-excerpt-more\" href=\"https:\/\/tucomarca.whitekongsoftware.com\/ca\/linstitut-valencia-de-cultura-collabora-en-celebracio-de-la-jornada-adapta-literary-market\/\" title=\"L\u2019Institut Valenci\u00e0 de Cultura col\u00b7labora en celebraci\u00f3 de la jornada Adapta Literary Market\">[+] <\/a><\/div>\n","protected":false},"author":12,"featured_media":229188,"comment_status":"open","ping_status":"open","sticky":false,"template":"","format":"standard","meta":{"footnotes":""},"categories":[10904,11007,10896],"tags":[13274,17761,11199,15856],"class_list":["post-246420","post","type-post","status-publish","format-standard","has-post-thumbnail","category-sin-categorizar-ca","category-ocio-y-cultura-ca","category-seccion-ca","tag-institut-valencia-de-cultura-ca","tag-ivc-ca","tag-la-comunitat-ca","tag-ocio-y-cultura-ca"],"_links":{"self":[{"href":"https:\/\/tucomarca.whitekongsoftware.com\/ca\/wp-json\/wp\/v2\/posts\/246420","targetHints":{"allow":["GET"]}}],"collection":[{"href":"https:\/\/tucomarca.whitekongsoftware.com\/ca\/wp-json\/wp\/v2\/posts"}],"about":[{"href":"https:\/\/tucomarca.whitekongsoftware.com\/ca\/wp-json\/wp\/v2\/types\/post"}],"author":[{"embeddable":true,"href":"https:\/\/tucomarca.whitekongsoftware.com\/ca\/wp-json\/wp\/v2\/users\/12"}],"replies":[{"embeddable":true,"href":"https:\/\/tucomarca.whitekongsoftware.com\/ca\/wp-json\/wp\/v2\/comments?post=246420"}],"version-history":[{"count":0,"href":"https:\/\/tucomarca.whitekongsoftware.com\/ca\/wp-json\/wp\/v2\/posts\/246420\/revisions"}],"wp:featuredmedia":[{"embeddable":true,"href":"https:\/\/tucomarca.whitekongsoftware.com\/ca\/wp-json\/wp\/v2\/media\/229188"}],"wp:attachment":[{"href":"https:\/\/tucomarca.whitekongsoftware.com\/ca\/wp-json\/wp\/v2\/media?parent=246420"}],"wp:term":[{"taxonomy":"category","embeddable":true,"href":"https:\/\/tucomarca.whitekongsoftware.com\/ca\/wp-json\/wp\/v2\/categories?post=246420"},{"taxonomy":"post_tag","embeddable":true,"href":"https:\/\/tucomarca.whitekongsoftware.com\/ca\/wp-json\/wp\/v2\/tags?post=246420"}],"curies":[{"name":"wp","href":"https:\/\/api.w.org\/{rel}","templated":true}]}}