{"id":246416,"date":"2024-11-26T09:00:00","date_gmt":"2024-11-26T07:00:00","guid":{"rendered":"https:\/\/www.tucomarca.com\/wordpress\/segunda\/?p=246416"},"modified":"2024-11-26T10:41:48","modified_gmt":"2024-11-26T08:41:48","slug":"la-generalitat-assumira-competencies-dinfraestructures-de-municipis-afectats-per-les-inundacions-per-a-realitzar-actuacions-demergencia","status":"publish","type":"post","link":"https:\/\/tucomarca.whitekongsoftware.com\/ca\/la-generalitat-assumira-competencies-dinfraestructures-de-municipis-afectats-per-les-inundacions-per-a-realitzar-actuacions-demergencia\/","title":{"rendered":"La Generalitat assumir\u00e0 compet\u00e8ncies d&#8217;infraestructures de municipis afectats per les inundacions per a realitzar actuacions d&#8217;emerg\u00e8ncia"},"content":{"rendered":"\n<h3 class=\"wp-block-heading\">Aquestes obres s&#8217;emmarquen en el pla posat en marxa per a recuperar carreteres, ponts i passarel\u00b7les locals.<\/h3>\n\n\n\n<p class=\"wp-block-paragraph\">La Generalitat assumir\u00e0 compet\u00e8ncies d&#8217;infraestructures de 25 municipis afectats per les inundacions amb l&#8217;objectiu de realitzar 48 actuacions d&#8217;emerg\u00e8ncia en vies municipals.<\/p>\n\n\n\n<p class=\"wp-block-paragraph\">Aix\u00ed ho ha traslladat el conseller de Medi Ambient, Infraestructures i Territori, Vicente Mart\u00ednez Mus, en la reuni\u00f3 del Grup de Resposta Immediata d&#8217;Infraestructures Consell-Govern, celebrada aquest dilluns amb la participaci\u00f3 del conseller d&#8217;Agricultura, Aigua, Ramaderia i Pesca, Miguel Barrachina, i el ministre de Transports i Mobilitat Sostenible, \u00d3scar Puente.<\/p>\n\n\n\n<p class=\"wp-block-paragraph\">Segons l&#8217;acord, que ha sigut actualitzat en la trobada de hui, la Generalitat s&#8217;encarregar\u00e0 d&#8217;executar mig centenar d&#8217;obres de 25 municipis afectats en els quals ja han comen\u00e7at les inspeccions i els treballs preliminars per a restaurar carreteres, ponts i passarel\u00b7les d&#8217;\u00e0mbit municipal.<\/p>\n\n\n\n<p class=\"wp-block-paragraph\">A la Generalitat li correspon la recuperaci\u00f3 d&#8217;infraestructures dels municipis d&#8217;Albal, Alc\u00e0sser, Aldaia, Bugarra, Calles, Xest, Xera, Xiva, Xestalgar, Godelleta, Loriguilla, Macastre, Massanassa Montserrat, Pedralba, Picassent, Requena, Setaig\u00fces, Sinarques, Sot de Xera i Torrent. Per part seua, el Govern dur\u00e0 a terme actuacions en els municipis d&#8217;Aldaia, Alfafar, Almussafes, Manises, Paiporta, Picanya, Real, Riba-roja i Xirivella.&nbsp;<\/p>\n\n\n\n<p class=\"wp-block-paragraph\">En els municipis d&#8217;Algemes\u00ed, Beniparrell, Bunyol i Catarroja part de les obres les escometr\u00e0 l&#8217;administraci\u00f3 auton\u00f2mica i part l&#8217;estatal i, per aix\u00f2, tan sols s&#8217;assumiran les compet\u00e8ncies de determinades infraestructures.<\/p>\n\n\n\n<p class=\"wp-block-paragraph\">Est\u00e0 previst que aquesta mateixa setmana s&#8217;aprove en el Ple del Consell la cessi\u00f3 de compet\u00e8ncies d&#8217;infraestructures dels primers municipis que ja l&#8217;han sol\u00b7licitat amb l&#8217;objectiu de poder comen\u00e7ar les obres com m\u00e9s prompte millor.<\/p>\n\n\n\n<p class=\"wp-block-paragraph\">Aquestes actuacions se sumen a les que ja est\u00e0 executant la Generalitat i que han perm\u00e9s la recuperaci\u00f3 del tr\u00e0nsit en 16 de les 18 carreteres afectades per les inundacions. Es continua treballant per a la reobertura de totes elles i finalitzar les actuacions en el conjunt de la xarxa.<\/p>\n\n\n\n<h3 class=\"wp-block-heading\"><\/h3>\n","protected":false},"excerpt":{"rendered":"<div class=\"mh-excerpt\">Aquestes obres s&#8217;emmarquen en el pla posat en marxa per a recuperar carreteres, ponts i passarel\u00b7les locals. La Generalitat assumir\u00e0 compet\u00e8ncies d&#8217;infraestructures de 25 municipis afectats per les inundacions amb l&#8217;objectiu de realitzar 48 actuacions <a class=\"mh-excerpt-more\" href=\"https:\/\/tucomarca.whitekongsoftware.com\/ca\/la-generalitat-assumira-competencies-dinfraestructures-de-municipis-afectats-per-les-inundacions-per-a-realitzar-actuacions-demergencia\/\" title=\"La Generalitat assumir\u00e0 compet\u00e8ncies d&#8217;infraestructures de municipis afectats per les inundacions per a realitzar actuacions d&#8217;emerg\u00e8ncia\">[+] <\/a><\/div>\n","protected":false},"author":12,"featured_media":246414,"comment_status":"open","ping_status":"open","sticky":false,"template":"","format":"standard","meta":{"footnotes":""},"categories":[11040,10911,11038,10892,21466,11046,11034,10977,10948,10894,10904,10912,10902,10931,10978,10903,11000,11025,10947,10908,10909,10906,10896,10979,11058,11026,10897,11037,10974,10975],"tags":[19852,10913,11923,10899,11318,11071,11195,15409,11663,11087,12903,11199,10914,11077,11928,11431,11144,11208,11135,11099,10910,11102,11157,11089,17643],"class_list":["post-246416","post","type-post","status-publish","format-standard","has-post-thumbnail","category-bugarra-ca","category-bunol-ca","category-calles-ca","category-camp-de-turia-ca","category-dana-ca","category-los-serranos-ca","category-gestalgar-ca","category-godelleta-ca","category-infraestructuras-ca","category-la-comarca-ca","category-sin-categorizar-ca","category-la-hoya-ca","category-la-ribera-ca","category-loriguilla-ca","category-macastre-ca","category-medio-ambiente-la-comarca-ca","category-monserrat-ca","category-pedralba-ca","category-politica","category-requena-ca","category-requena-utiel-ca","category-riba-roja-ca","category-seccion-ca","category-siete-aguas-ca","category-sinarcas-ca","category-sot-de-chera-ca","category-sucesos-la-comarca-ca","category-chera-los-serranos-ca","category-cheste-ca","category-chiva-ca","tag-bugarra-ca","tag-bunol-ca","tag-calles-2-ca","tag-camp-de-turia-ca","tag-chera-ca","tag-cheste","tag-chiva-ca","tag-dana-2-ca","tag-gestalgar-ca","tag-godelleta-ca","tag-infraestructuras-ca","tag-la-comunitat-ca","tag-la-hoya-de-bunol-chiva-ca","tag-la-ribera-alta-ca","tag-la-serrania-ca","tag-loriguilla-ca","tag-macastre-ca","tag-monserrat-ca","tag-pedralba-ca","tag-requena-ca","tag-requena-utiel-ca","tag-riba-roja-2-ca","tag-siete-aguas-ca","tag-sinarcas-ca","tag-sot-de-chera-ca"],"_links":{"self":[{"href":"https:\/\/tucomarca.whitekongsoftware.com\/ca\/wp-json\/wp\/v2\/posts\/246416","targetHints":{"allow":["GET"]}}],"collection":[{"href":"https:\/\/tucomarca.whitekongsoftware.com\/ca\/wp-json\/wp\/v2\/posts"}],"about":[{"href":"https:\/\/tucomarca.whitekongsoftware.com\/ca\/wp-json\/wp\/v2\/types\/post"}],"author":[{"embeddable":true,"href":"https:\/\/tucomarca.whitekongsoftware.com\/ca\/wp-json\/wp\/v2\/users\/12"}],"replies":[{"embeddable":true,"href":"https:\/\/tucomarca.whitekongsoftware.com\/ca\/wp-json\/wp\/v2\/comments?post=246416"}],"version-history":[{"count":0,"href":"https:\/\/tucomarca.whitekongsoftware.com\/ca\/wp-json\/wp\/v2\/posts\/246416\/revisions"}],"wp:featuredmedia":[{"embeddable":true,"href":"https:\/\/tucomarca.whitekongsoftware.com\/ca\/wp-json\/wp\/v2\/media\/246414"}],"wp:attachment":[{"href":"https:\/\/tucomarca.whitekongsoftware.com\/ca\/wp-json\/wp\/v2\/media?parent=246416"}],"wp:term":[{"taxonomy":"category","embeddable":true,"href":"https:\/\/tucomarca.whitekongsoftware.com\/ca\/wp-json\/wp\/v2\/categories?post=246416"},{"taxonomy":"post_tag","embeddable":true,"href":"https:\/\/tucomarca.whitekongsoftware.com\/ca\/wp-json\/wp\/v2\/tags?post=246416"}],"curies":[{"name":"wp","href":"https:\/\/api.w.org\/{rel}","templated":true}]}}