{"id":246384,"date":"2024-11-25T09:15:00","date_gmt":"2024-11-25T07:15:00","guid":{"rendered":"https:\/\/www.tucomarca.com\/wordpress\/segunda\/?p=246384"},"modified":"2024-11-25T19:20:56","modified_gmt":"2024-11-25T17:20:56","slug":"lescola-de-families-a-bunyol-tractara-el-bullying-el-26-de-novembre-amb-la-terapeuta-ocupacional-regina-martinez","status":"publish","type":"post","link":"https:\/\/tucomarca.whitekongsoftware.com\/ca\/lescola-de-families-a-bunyol-tractara-el-bullying-el-26-de-novembre-amb-la-terapeuta-ocupacional-regina-martinez\/","title":{"rendered":"L&#8217;Escola de Fam\u00edlies a Bunyol tractar\u00e0 el bullying el 26 de novembre amb la terapeuta ocupacional Regina Mart\u00ednez"},"content":{"rendered":"<div class=\"wp-block-image\">\n<figure class=\"alignleft size-large is-resized\"><img loading=\"lazy\" decoding=\"async\" width=\"728\" height=\"1024\" src=\"http:\/\/www.tucomarca.com\/wordpress\/segunda\/wp-content\/uploads\/2024\/11\/EscueladeFamilias-728x1024.jpg\" alt=\"\" class=\"wp-image-246373\" style=\"width:408px;height:auto\" srcset=\"https:\/\/tucomarca.whitekongsoftware.com\/wp-content\/uploads\/2024\/11\/EscueladeFamilias-728x1024.jpg 728w, https:\/\/tucomarca.whitekongsoftware.com\/wp-content\/uploads\/2024\/11\/EscueladeFamilias-213x300.jpg 213w, https:\/\/tucomarca.whitekongsoftware.com\/wp-content\/uploads\/2024\/11\/EscueladeFamilias-768x1081.jpg 768w, https:\/\/tucomarca.whitekongsoftware.com\/wp-content\/uploads\/2024\/11\/EscueladeFamilias.jpg 1080w\" sizes=\"auto, (max-width: 728px) 100vw, 728px\" \/><\/figure>\n<\/div>\n\n\n<p class=\"wp-block-paragraph\">L&#8217;Ajuntament de Bunyol, en col\u00b7laboraci\u00f3 amb la Mancomunitat i la Unitat de Prevenci\u00f3 Comunit\u00e0ria de Conductes Addictives (UPCCA), celebrar\u00e0 dimarts que ve 26 de novembre una nova sessi\u00f3 de l&#8217;Escola de Fam\u00edlies.<\/p>\n\n\n\n<p class=\"wp-block-paragraph\">La trobada tindr\u00e0 lloc a les 18.00 hores a la Sala El Mercat de Bunyol i estar\u00e0 dedicat al Bullying. La sessi\u00f3 ser\u00e0 impartida per la bu\u00f1olense Regina Mart\u00ednez, terapeuta ocupacional, activista per la discapacitat i contra l&#8217;assetjament escolar. Mart\u00ednez, reconeguda recentment amb el Premi al Comprom\u00eds Social atorgat per l&#8217;Institut de la Joventut d&#8217;Espanya, compartir\u00e0 la seua experi\u00e8ncia i coneixements per a sensibilitzar i oferir eines a les fam\u00edlies enfront d&#8217;aquesta problem\u00e0tica.<\/p>\n\n\n\n<p class=\"wp-block-paragraph\">Aquest acte busca refor\u00e7ar el comprom\u00eds del municipi amb la prevenci\u00f3 de l&#8217;assetjament escolar i el suport als joves i les seues fam\u00edlies.<\/p>\n","protected":false},"excerpt":{"rendered":"<div class=\"mh-excerpt\">L&#8217;Ajuntament de Bunyol, en col\u00b7laboraci\u00f3 amb la Mancomunitat i la Unitat de Prevenci\u00f3 Comunit\u00e0ria de Conductes Addictives (UPCCA), celebrar\u00e0 dimarts que ve 26 de novembre una nova sessi\u00f3 de l&#8217;Escola de Fam\u00edlies. La trobada tindr\u00e0 <a class=\"mh-excerpt-more\" href=\"https:\/\/tucomarca.whitekongsoftware.com\/ca\/lescola-de-families-a-bunyol-tractara-el-bullying-el-26-de-novembre-amb-la-terapeuta-ocupacional-regina-martinez\/\" title=\"L&#8217;Escola de Fam\u00edlies a Bunyol tractar\u00e0 el bullying el 26 de novembre amb la terapeuta ocupacional Regina Mart\u00ednez\">[+] <\/a><\/div>\n","protected":false},"author":12,"featured_media":246374,"comment_status":"open","ping_status":"open","sticky":false,"template":"","format":"standard","meta":{"footnotes":""},"categories":[11019,10911,10894,10912,11007,10896],"tags":[10913,20708,10914],"class_list":["post-246384","post","type-post","status-publish","format-standard","has-post-thumbnail","category-agenda-ca","category-bunol-ca","category-la-comarca-ca","category-la-hoya-ca","category-ocio-y-cultura-ca","category-seccion-ca","tag-bunol-ca","tag-escuela-de-familias-ca","tag-la-hoya-de-bunol-chiva-ca"],"_links":{"self":[{"href":"https:\/\/tucomarca.whitekongsoftware.com\/ca\/wp-json\/wp\/v2\/posts\/246384","targetHints":{"allow":["GET"]}}],"collection":[{"href":"https:\/\/tucomarca.whitekongsoftware.com\/ca\/wp-json\/wp\/v2\/posts"}],"about":[{"href":"https:\/\/tucomarca.whitekongsoftware.com\/ca\/wp-json\/wp\/v2\/types\/post"}],"author":[{"embeddable":true,"href":"https:\/\/tucomarca.whitekongsoftware.com\/ca\/wp-json\/wp\/v2\/users\/12"}],"replies":[{"embeddable":true,"href":"https:\/\/tucomarca.whitekongsoftware.com\/ca\/wp-json\/wp\/v2\/comments?post=246384"}],"version-history":[{"count":0,"href":"https:\/\/tucomarca.whitekongsoftware.com\/ca\/wp-json\/wp\/v2\/posts\/246384\/revisions"}],"wp:featuredmedia":[{"embeddable":true,"href":"https:\/\/tucomarca.whitekongsoftware.com\/ca\/wp-json\/wp\/v2\/media\/246374"}],"wp:attachment":[{"href":"https:\/\/tucomarca.whitekongsoftware.com\/ca\/wp-json\/wp\/v2\/media?parent=246384"}],"wp:term":[{"taxonomy":"category","embeddable":true,"href":"https:\/\/tucomarca.whitekongsoftware.com\/ca\/wp-json\/wp\/v2\/categories?post=246384"},{"taxonomy":"post_tag","embeddable":true,"href":"https:\/\/tucomarca.whitekongsoftware.com\/ca\/wp-json\/wp\/v2\/tags?post=246384"}],"curies":[{"name":"wp","href":"https:\/\/api.w.org\/{rel}","templated":true}]}}