{"id":246381,"date":"2024-11-26T09:10:00","date_gmt":"2024-11-26T07:10:00","guid":{"rendered":"https:\/\/www.tucomarca.com\/wordpress\/segunda\/?p=246381"},"modified":"2024-11-26T10:45:58","modified_gmt":"2024-11-26T08:45:58","slug":"la-generalitat-reobri-10-campaments-i-zones-dacampada-en-comprovar-el-seu-bon-estat-dacces-i-conservacio-despres-de-les-inundacions","status":"publish","type":"post","link":"https:\/\/tucomarca.whitekongsoftware.com\/ca\/la-generalitat-reobri-10-campaments-i-zones-dacampada-en-comprovar-el-seu-bon-estat-dacces-i-conservacio-despres-de-les-inundacions\/","title":{"rendered":"La Generalitat reobri 10 campaments i zones d&#8217;acampada en comprovar el seu bon estat d&#8217;acc\u00e9s i conservaci\u00f3 despr\u00e9s de les inundacions"},"content":{"rendered":"\n<h3 class=\"wp-block-heading\">Algunes \u00e0rees es mantindran tancades fins que es determine que reuneixen les condicions \u00f2ptimes per a un bon \u00fas.<\/h3>\n\n\n\n<h3 class=\"wp-block-heading\">La sendera de gran recorregut GR 7 va patir importants danys al seu pas per les prov\u00edncies de Val\u00e8ncia i Castell\u00f3.<\/h3>\n\n\n\n<p class=\"wp-block-paragraph\">La Conselleria de Medi Ambient, Infraestructures i Territori reobri, a partir del 26 de novembre, deu campaments i zones d&#8217;acampada en comprovar el seu bon estat d&#8217;acc\u00e9s i conservaci\u00f3 despr\u00e9s de les inundacions.<\/p>\n\n\n\n<p class=\"wp-block-paragraph\">La Direcci\u00f3 General del Medi natural i Animal mantindr\u00e0 tancades la resta de les \u00e0rees fins que puga garantir que estan en bon \u00fas. Les de la prov\u00edncia d&#8217;Alacant es van obrir ja la setmana passada. Actualment, la Comunitat Valenciana disposa de 17 zones d&#8217;acampada i 13 campaments gestionats per la Generalitat.<\/p>\n\n\n\n<p class=\"wp-block-paragraph\">A m\u00e9s, la sendera de gran recorregut GR 7 ha patit importants danys al seu pas per les prov\u00edncies de Val\u00e8ncia i Castell\u00f3. En concret, es troba tallat al seu pas pels Dolls de Barchel, entre els termes municipals de Benaixeve i Xelva, per la qual cosa la Conselleria recomana no accedir a aquest tram de la ruta.<\/p>\n\n\n\n<p class=\"wp-block-paragraph\">La Generalitat va prendre, el passat 31 d&#8217;octubre, la decisi\u00f3 de tancar temporalment els campaments i \u00e0rees d&#8217;acampada a causa de l&#8217;excepcional situaci\u00f3 generada per les intenses pluges i el desbordament de rius i barrancs que van afectar la Comunitat Valenciana. Aquesta mesura buscava garantir la seguretat de totes les persones usu\u00e0ries, tant en les instal\u00b7lacions com en els accessos per les pistes forestals.<\/p>\n\n\n\n<p class=\"wp-block-paragraph\">Aix\u00ed mateix, la Generalitat recomana que abans d&#8217;acudir a la muntanya cada usuari consulte la web d&#8217;emerg\u00e8ncies 112-CV per a con\u00e9ixer els avisos de riscos de pluges, neus, tempestes i els nivells de preemerg\u00e8ncies i emerg\u00e8ncies d&#8217;incendis forestals.&nbsp;<\/p>\n\n\n\n<p class=\"wp-block-paragraph\">Per a m\u00e9s informaci\u00f3 i actualitzacions sobre el tancament de campaments i acampades es pot visitar el portal de reserves i la web de la Conselleria.&nbsp;<\/p>\n\n\n\n<p class=\"wp-block-paragraph\"><strong>Recomanacions d&#8217;\u00fas<\/strong><\/p>\n\n\n\n<p class=\"wp-block-paragraph\">En aquesta l\u00ednia, la Direcci\u00f3 General del Medi natural i Animal ha llan\u00e7at una s\u00e8rie d&#8217;instruccions per a l&#8217;\u00fas de les instal\u00b7lacions recreatives com, per exemple, circular pels camins i pistes autoritzats, l&#8217;estacionament dels vehicles en els llocs habilitats i en direcci\u00f3 d&#8217;eixida, aix\u00ed com fer-ho sense dificultar el passe a altres vehicles.<\/p>\n\n\n\n<p class=\"wp-block-paragraph\">La Comunitat Valenciana alberga una gran diversitat d&#8217;ecosistemes i patrimoni etnogr\u00e0fic, natural i cultural per al qual la Generalitat demana el comportament responsable de la ciutadania.<\/p>\n","protected":false},"excerpt":{"rendered":"<div class=\"mh-excerpt\">Algunes \u00e0rees es mantindran tancades fins que es determine que reuneixen les condicions \u00f2ptimes per a un bon \u00fas. La sendera de gran recorregut GR 7 va patir importants danys al seu pas per les <a class=\"mh-excerpt-more\" href=\"https:\/\/tucomarca.whitekongsoftware.com\/ca\/la-generalitat-reobri-10-campaments-i-zones-dacampada-en-comprovar-el-seu-bon-estat-dacces-i-conservacio-despres-de-les-inundacions\/\" title=\"La Generalitat reobri 10 campaments i zones d&#8217;acampada en comprovar el seu bon estat d&#8217;acc\u00e9s i conservaci\u00f3 despr\u00e9s de les inundacions\">[+] <\/a><\/div>\n","protected":false},"author":13,"featured_media":246379,"comment_status":"open","ping_status":"open","sticky":false,"template":"","format":"standard","meta":{"footnotes":""},"categories":[11041,11039,21466,11046,10898,10948,10894,10904,11007,10896],"tags":[11198,11083,15409,12903,11199,11928],"class_list":["post-246381","post","type-post","status-publish","format-standard","has-post-thumbnail","category-benageber-ca","category-chelva-ca","category-dana-ca","category-los-serranos-ca","category-ventana-ca","category-infraestructuras-ca","category-la-comarca-ca","category-sin-categorizar-ca","category-ocio-y-cultura-ca","category-seccion-ca","tag-benageber-ca","tag-chelva-ca","tag-dana-2-ca","tag-infraestructuras-ca","tag-la-comunitat-ca","tag-la-serrania-ca"],"_links":{"self":[{"href":"https:\/\/tucomarca.whitekongsoftware.com\/ca\/wp-json\/wp\/v2\/posts\/246381","targetHints":{"allow":["GET"]}}],"collection":[{"href":"https:\/\/tucomarca.whitekongsoftware.com\/ca\/wp-json\/wp\/v2\/posts"}],"about":[{"href":"https:\/\/tucomarca.whitekongsoftware.com\/ca\/wp-json\/wp\/v2\/types\/post"}],"author":[{"embeddable":true,"href":"https:\/\/tucomarca.whitekongsoftware.com\/ca\/wp-json\/wp\/v2\/users\/13"}],"replies":[{"embeddable":true,"href":"https:\/\/tucomarca.whitekongsoftware.com\/ca\/wp-json\/wp\/v2\/comments?post=246381"}],"version-history":[{"count":0,"href":"https:\/\/tucomarca.whitekongsoftware.com\/ca\/wp-json\/wp\/v2\/posts\/246381\/revisions"}],"wp:featuredmedia":[{"embeddable":true,"href":"https:\/\/tucomarca.whitekongsoftware.com\/ca\/wp-json\/wp\/v2\/media\/246379"}],"wp:attachment":[{"href":"https:\/\/tucomarca.whitekongsoftware.com\/ca\/wp-json\/wp\/v2\/media?parent=246381"}],"wp:term":[{"taxonomy":"category","embeddable":true,"href":"https:\/\/tucomarca.whitekongsoftware.com\/ca\/wp-json\/wp\/v2\/categories?post=246381"},{"taxonomy":"post_tag","embeddable":true,"href":"https:\/\/tucomarca.whitekongsoftware.com\/ca\/wp-json\/wp\/v2\/tags?post=246381"}],"curies":[{"name":"wp","href":"https:\/\/api.w.org\/{rel}","templated":true}]}}