{"id":246300,"date":"2024-11-25T11:00:00","date_gmt":"2024-11-25T09:00:00","guid":{"rendered":"https:\/\/www.tucomarca.com\/wordpress\/segunda\/?p=246300"},"modified":"2024-11-25T14:12:34","modified_gmt":"2024-11-25T12:12:34","slug":"finalitza-la-installacio-del-pont-provisional-de-la-cv-50-a-xest-i-sinicien-els-ultims-treballs-per-a-poder-obrir-ho-aquesta-setmana","status":"publish","type":"post","link":"https:\/\/tucomarca.whitekongsoftware.com\/ca\/finalitza-la-installacio-del-pont-provisional-de-la-cv-50-a-xest-i-sinicien-els-ultims-treballs-per-a-poder-obrir-ho-aquesta-setmana\/","title":{"rendered":"Finalitza la instal\u00b7laci\u00f3 del pont provisional de la CV-50 a Xest i s&#8217;inicien els \u00faltims treballs per a poder obrir-ho aquesta setmana"},"content":{"rendered":"\n<p class=\"wp-block-paragraph\">Els treballs de posada en funcionament del pont Mabey instal\u00b7lat per part de la Unitat Militar d&#8217;Emerg\u00e8ncies en la CV-50 a Xest entren en la seua fase final per a poder obrir-ho al tr\u00e0nsit en els pr\u00f2xims dies, a penes un mes despr\u00e9s de la destrucci\u00f3 del pont original per la riuada causada per la DANA.<\/p>\n\n\n\n<p class=\"wp-block-paragraph\">La Unitat Militar Emerg\u00e8ncies ha al\u00e7at aquesta estructura provisional en tot just 24 hores, que quedar\u00e0 llista per a la seua obertura despr\u00e9s de la finalitzaci\u00f3 dels treballs de col\u00b7locaci\u00f3 de les rampes d&#8217;entrada i eixida per part de la Generalitat. La Ministra de Defensa, Margarita Robles, va visitar Xest divendres passat, per segona vegada, per a constatar el r\u00e0pid avan\u00e7 de la seua instal\u00b7laci\u00f3, pr\u00e0cticament acabada en eixe moment, sent rebuda de nou per part de l&#8217;alcalde; Jos\u00e9 Morell, la primera i segona tinentes d&#8217;alcalde, M\u00aa \u00c1ngeles Llorente i Brenda Jim\u00e9nez, i altres membres de l&#8217;equip de govern municipal.<\/p>\n\n\n\n<p class=\"wp-block-paragraph\">Amb aquest pont provisional en marxa, Xest recuperar\u00e0 l&#8217;acc\u00e9s a l&#8217;A3 per a vehicles pesants, possibilitant el restabliment del transport p\u00fablic en la localitat a trav\u00e9s d&#8217;autob\u00fas i facilitant l&#8217;acc\u00e9s a transportistes. La circulaci\u00f3 a trav\u00e9s de la passarel\u00b7la ser\u00e0 en tots dos sentits, per\u00f2 a trav\u00e9s d&#8217;un sol carril, per la qual cosa el pas es regular\u00e0 amb sem\u00e0fors.<\/p>\n\n\n\n<p class=\"wp-block-paragraph\">Aix\u00ed, la connexi\u00f3 de la localitat amb l&#8217;A3 es realitzar\u00e0, de moment, a trav\u00e9s d&#8217;aquest nou acc\u00e9s temporal per la CV-50 i pels altres dos passos provisionals oberts que discorren a trav\u00e9s del barranc del Pedr\u00eds i per camins rurals fins a connectar amb la CV-378, amb un tra\u00e7at sol d&#8217;entrada i un altre solo d&#8217;eixida i pels quals nom\u00e9s poden circular vehicles lleugers, fins que es reconstru\u00efsca el pont de l&#8217;antiga gasolinera.<\/p>\n\n\n\n<p class=\"wp-block-paragraph\">L&#8217;ex\u00e8rcit compta amb 4 ponts Mabey, que han sigut destinats a Xest, Bunyol, Riba-roja de T\u00faria i Picanya.<\/p>\n","protected":false},"excerpt":{"rendered":"<div class=\"mh-excerpt\">Els treballs de posada en funcionament del pont Mabey instal\u00b7lat per part de la Unitat Militar d&#8217;Emerg\u00e8ncies en la CV-50 a Xest entren en la seua fase final per a poder obrir-ho al tr\u00e0nsit en <a class=\"mh-excerpt-more\" href=\"https:\/\/tucomarca.whitekongsoftware.com\/ca\/finalitza-la-installacio-del-pont-provisional-de-la-cv-50-a-xest-i-sinicien-els-ultims-treballs-per-a-poder-obrir-ho-aquesta-setmana\/\" title=\"Finalitza la instal\u00b7laci\u00f3 del pont provisional de la CV-50 a Xest i s&#8217;inicien els \u00faltims treballs per a poder obrir-ho aquesta setmana\">[+] <\/a><\/div>\n","protected":false},"author":12,"featured_media":246292,"comment_status":"open","ping_status":"open","sticky":false,"template":"","format":"standard","meta":{"footnotes":""},"categories":[21466,10898,10948,10894,10904,10912,10947,10896,10897,10974],"tags":[11071,10914,21575,12017,16431],"class_list":["post-246300","post","type-post","status-publish","format-standard","has-post-thumbnail","category-dana-ca","category-ventana-ca","category-infraestructuras-ca","category-la-comarca-ca","category-sin-categorizar-ca","category-la-hoya-ca","category-politica","category-seccion-ca","category-sucesos-la-comarca-ca","category-cheste-ca","tag-cheste","tag-la-hoya-de-bunol-chiva-ca","tag-puente-mabey-ca","tag-ume-ca","tag-unidad-militar-de-emergencias-ca"],"_links":{"self":[{"href":"https:\/\/tucomarca.whitekongsoftware.com\/ca\/wp-json\/wp\/v2\/posts\/246300","targetHints":{"allow":["GET"]}}],"collection":[{"href":"https:\/\/tucomarca.whitekongsoftware.com\/ca\/wp-json\/wp\/v2\/posts"}],"about":[{"href":"https:\/\/tucomarca.whitekongsoftware.com\/ca\/wp-json\/wp\/v2\/types\/post"}],"author":[{"embeddable":true,"href":"https:\/\/tucomarca.whitekongsoftware.com\/ca\/wp-json\/wp\/v2\/users\/12"}],"replies":[{"embeddable":true,"href":"https:\/\/tucomarca.whitekongsoftware.com\/ca\/wp-json\/wp\/v2\/comments?post=246300"}],"version-history":[{"count":0,"href":"https:\/\/tucomarca.whitekongsoftware.com\/ca\/wp-json\/wp\/v2\/posts\/246300\/revisions"}],"wp:featuredmedia":[{"embeddable":true,"href":"https:\/\/tucomarca.whitekongsoftware.com\/ca\/wp-json\/wp\/v2\/media\/246292"}],"wp:attachment":[{"href":"https:\/\/tucomarca.whitekongsoftware.com\/ca\/wp-json\/wp\/v2\/media?parent=246300"}],"wp:term":[{"taxonomy":"category","embeddable":true,"href":"https:\/\/tucomarca.whitekongsoftware.com\/ca\/wp-json\/wp\/v2\/categories?post=246300"},{"taxonomy":"post_tag","embeddable":true,"href":"https:\/\/tucomarca.whitekongsoftware.com\/ca\/wp-json\/wp\/v2\/tags?post=246300"}],"curies":[{"name":"wp","href":"https:\/\/api.w.org\/{rel}","templated":true}]}}