{"id":246256,"date":"2024-11-23T11:00:00","date_gmt":"2024-11-23T09:00:00","guid":{"rendered":"https:\/\/www.tucomarca.com\/wordpress\/segunda\/?p=246256"},"modified":"2024-11-25T13:56:31","modified_gmt":"2024-11-25T11:56:31","slug":"riba-roja-amplia-els-terminis-per-a-lingres-dels-impostos-de-liae-i-libi-rustic-fins-a-finals-de-marc-a-causa-dels-problemes-ocasionats-per-la-dana","status":"publish","type":"post","link":"https:\/\/tucomarca.whitekongsoftware.com\/ca\/riba-roja-amplia-els-terminis-per-a-lingres-dels-impostos-de-liae-i-libi-rustic-fins-a-finals-de-marc-a-causa-dels-problemes-ocasionats-per-la-dana\/","title":{"rendered":"Riba-roja amplia els terminis per a l&#8217;ingr\u00e9s dels impostos de l&#8217;IAE i l&#8217;IBI r\u00fastic fins a finals de mar\u00e7 a causa dels problemes ocasionats per la Dana"},"content":{"rendered":"\n<h3 class=\"wp-block-heading\">L&#8217;ajuntament aprova l&#8217;ampliaci\u00f3 del calendari tributari com a mesura per a pal\u00b7liar els greus danys patits per la Dana de finals del mes d&#8217;octubre.<\/h3>\n\n\n\n<p class=\"wp-block-paragraph\">L&#8217;Ajuntament de Riba-roja de T\u00faria ha aprovat una ampliaci\u00f3 del calendari de recaptaci\u00f3 del present exercici fiscal de 2024 respecte dels tributs que encara a no s&#8217;han procedit al cobrament. La decisi\u00f3 s&#8217;adopta per a pal\u00b7liar les greus conseq\u00fc\u00e8ncies de la Dana (Depressi\u00f3 A\u00efllada en Nivells Alts) que va tindre lloc el passat 29 de otubre sobre el terme municipal.&nbsp;<\/p>\n\n\n\n<p class=\"wp-block-paragraph\">La mesura de l&#8217;Ajuntament de Riba-roja de T\u00faria s&#8217;aplicar\u00e0 sobre els rebuts corresponents al pagament dels impostos d&#8217;activitats econ\u00f2miques (IAE) de l&#8217;exercici fiscal de 2024 i sobre l&#8217;impost de b\u00e9ns immobles de naturalesa r\u00fastica (IBIR) del mateix any fiscal. D&#8217;aquesta manera, l&#8217;ampliaci\u00f3 del termini suposa que passar\u00e0 a cobrar-se de l&#8217;1 d&#8217;octubre de 2024 al 31 de mar\u00e7 de l&#8217;any 2025 en el per\u00edode voluntari.&nbsp;<\/p>\n\n\n\n<p class=\"wp-block-paragraph\">En el cas dels rebuts de IBIR i IAE que tinguen els seus pagaments domiciliats per part dels subjectes i empreses seran enviats a les respectives entitats banc\u00e0ries a partir del 31 de mar\u00e7 de 2025 una vegada haja finalitzat el termini de pagament en la via volunt\u00e0ria. Els recursos de reposici\u00f3 que es puguen interposar tindran un termini d&#8217;un mes a partir de l&#8217;endem\u00e0 de la de la finalitzaci\u00f3 del per\u00edode d&#8217;exposici\u00f3 p\u00fablica dels corresponents padrons en lloc de comptar des de la finalitzaci\u00f3 del termini d&#8217;ingr\u00e9s en volunt\u00e0ria.&nbsp;<\/p>\n\n\n\n<p class=\"wp-block-paragraph\">L&#8217;aprovaci\u00f3 d&#8217;aquest nou calendari fiscal de l&#8217;Ajuntament de Riba-roja de T\u00faria derivat de les conseq\u00fc\u00e8ncies de la Dana afectar\u00e0 els diversos tr\u00e0mits i procediments que es gestionen des de les \u00e0rees de Gesti\u00f3 Tribut\u00e0ria i \u00c0rea de Recaptaci\u00f3 Municipal, emparats pels corresponents informes t\u00e8cnics necessaris per a la posada en marxa d&#8217;aquesta mesura del govern local.&nbsp;<\/p>\n\n\n\n<p class=\"wp-block-paragraph\">Les mesures aprovades tindran el seu efecte, tamb\u00e9, sobre les actuacions del procediment de constrenyiment que es paralitzen fins al pr\u00f2xim 30 de gener de 2025. Per aix\u00f2, des de l&#8217;Ajuntament de Riba-roja de T\u00faria no es practicar\u00e0 notificaci\u00f3 de constrenyiment alguna ni dilig\u00e8ncia d&#8217;embargament en l&#8217;\u00e0mbit de les liquidacions corresponents pendents en via executiva. A m\u00e9s, aquesta mesura tindr\u00e0 els seus efectes, entre altres, sobre l&#8217;impost de b\u00e9ns immobles (IBI) Urbana el termini de la qual va expirar el passat 31 d&#8217;octubre.&nbsp;<\/p>\n\n\n\n<p class=\"wp-block-paragraph\">Els terminis per a atendre els requeriments, les dilig\u00e8ncies d&#8217;embargament i les sol\u00b7licituds d&#8217;informaci\u00f3 amb transcend\u00e8ncia tribut\u00e0ria per a formular al\u00b7legacions, la devoluci\u00f3 d&#8217;ingressos indeguts, la rectificaci\u00f3 d&#8217;errors materials i la revocaci\u00f3 i altres procediments de revisi\u00f3 que no hagen concl\u00f2s el 28 d&#8217;octubre s&#8217;estendran fins al 30 de gener de 2025.&nbsp;<\/p>\n\n\n\n<p class=\"wp-block-paragraph\">Una altra de les mesures que s&#8217;aplicar\u00e0 est\u00e0 referida als venciments dels terminis d&#8217;ingr\u00e9s i de les fraccions dels acords d&#8217;ajornament i fraccionament concedits que no hagen concl\u00f2s a l&#8217;entrada en vigor s&#8217;estendran fins al pr\u00f2xim 5 de febrer de 2025. El per\u00edode compr\u00e9s entre el 28 d&#8217;octubre i el 30 de gener de 2025 no computar\u00e0 a l&#8217;efecte del termini m\u00e0xim de duraci\u00f3 dels procediments d&#8217;aplicaci\u00f3 dels tributs sancionadors tramitats.&nbsp;<\/p>\n\n\n\n<p class=\"wp-block-paragraph\">L&#8217;alcalde de Riba-roja de T\u00faria, Robert Raga, ha subratllat que aquestes mesures \u201cs\u00f3n una resposta directa i r\u00e0pida que s&#8217;han adoptat des de l&#8217;ajuntament per a pal\u00b7liar els terribles efectes que la Dana ha tingut sobre el nostre teixit empresarial i industrial, per aix\u00f2, des de l&#8217;administraci\u00f3 hem de contribuir a ajudar a tots els nostres empresaris, emprenedors i aut\u00f2noms en un moment tan delicat\u201d.<\/p>\n","protected":false},"excerpt":{"rendered":"<div class=\"mh-excerpt\">L&#8217;ajuntament aprova l&#8217;ampliaci\u00f3 del calendari tributari com a mesura per a pal\u00b7liar els greus danys patits per la Dana de finals del mes d&#8217;octubre. L&#8217;Ajuntament de Riba-roja de T\u00faria ha aprovat una ampliaci\u00f3 del calendari <a class=\"mh-excerpt-more\" href=\"https:\/\/tucomarca.whitekongsoftware.com\/ca\/riba-roja-amplia-els-terminis-per-a-lingres-dels-impostos-de-liae-i-libi-rustic-fins-a-finals-de-marc-a-causa-dels-problemes-ocasionats-per-la-dana\/\" title=\"Riba-roja amplia els terminis per a l&#8217;ingr\u00e9s dels impostos de l&#8217;IAE i l&#8217;IBI r\u00fastic fins a finals de mar\u00e7 a causa dels problemes ocasionats per la Dana\">[+] <\/a><\/div>\n","protected":false},"author":13,"featured_media":246245,"comment_status":"open","ping_status":"open","sticky":false,"template":"","format":"standard","meta":{"footnotes":""},"categories":[10892,21466,10948,10894,10904,10903,10947,10906,10896,10897],"tags":[10899,15409,11199,11140,11102],"class_list":["post-246256","post","type-post","status-publish","format-standard","has-post-thumbnail","category-camp-de-turia-ca","category-dana-ca","category-infraestructuras-ca","category-la-comarca-ca","category-sin-categorizar-ca","category-medio-ambiente-la-comarca-ca","category-politica","category-riba-roja-ca","category-seccion-ca","category-sucesos-la-comarca-ca","tag-camp-de-turia-ca","tag-dana-2-ca","tag-la-comunitat-ca","tag-politica-ca","tag-riba-roja-2-ca"],"_links":{"self":[{"href":"https:\/\/tucomarca.whitekongsoftware.com\/ca\/wp-json\/wp\/v2\/posts\/246256","targetHints":{"allow":["GET"]}}],"collection":[{"href":"https:\/\/tucomarca.whitekongsoftware.com\/ca\/wp-json\/wp\/v2\/posts"}],"about":[{"href":"https:\/\/tucomarca.whitekongsoftware.com\/ca\/wp-json\/wp\/v2\/types\/post"}],"author":[{"embeddable":true,"href":"https:\/\/tucomarca.whitekongsoftware.com\/ca\/wp-json\/wp\/v2\/users\/13"}],"replies":[{"embeddable":true,"href":"https:\/\/tucomarca.whitekongsoftware.com\/ca\/wp-json\/wp\/v2\/comments?post=246256"}],"version-history":[{"count":0,"href":"https:\/\/tucomarca.whitekongsoftware.com\/ca\/wp-json\/wp\/v2\/posts\/246256\/revisions"}],"wp:featuredmedia":[{"embeddable":true,"href":"https:\/\/tucomarca.whitekongsoftware.com\/ca\/wp-json\/wp\/v2\/media\/246245"}],"wp:attachment":[{"href":"https:\/\/tucomarca.whitekongsoftware.com\/ca\/wp-json\/wp\/v2\/media?parent=246256"}],"wp:term":[{"taxonomy":"category","embeddable":true,"href":"https:\/\/tucomarca.whitekongsoftware.com\/ca\/wp-json\/wp\/v2\/categories?post=246256"},{"taxonomy":"post_tag","embeddable":true,"href":"https:\/\/tucomarca.whitekongsoftware.com\/ca\/wp-json\/wp\/v2\/tags?post=246256"}],"curies":[{"name":"wp","href":"https:\/\/api.w.org\/{rel}","templated":true}]}}