{"id":246138,"date":"2024-11-22T14:00:00","date_gmt":"2024-11-22T12:00:00","guid":{"rendered":"https:\/\/www.tucomarca.com\/wordpress\/segunda\/?p=246138"},"modified":"2024-11-22T18:42:01","modified_gmt":"2024-11-22T16:42:01","slug":"lajuntament-de-benaguasil-impulsa-lescola-de-nadal-per-a-ajudar-els-veins-a-conciliar-la-seua-vida-laboral-i-familiar","status":"publish","type":"post","link":"https:\/\/tucomarca.whitekongsoftware.com\/ca\/lajuntament-de-benaguasil-impulsa-lescola-de-nadal-per-a-ajudar-els-veins-a-conciliar-la-seua-vida-laboral-i-familiar\/","title":{"rendered":"L&#8217;Ajuntament de Benaguasil impulsa l&#8217;Escola de Nadal per a ajudar els ve\u00efns a conciliar la seua vida laboral i familiar"},"content":{"rendered":"\n<h3 class=\"wp-block-heading\">Aquesta iniciativa municipal es desenvolupar\u00e0 els dies 23, 24, 26 i 27 de desembre, de 9.00 a 14.00 hores.<\/h3>\n\n\n\n<p class=\"wp-block-paragraph\">L&#8217;Ajuntament de Benaguasil obri dilluns que ve, dia 25 de novembre, el termini d&#8217;inscripci\u00f3 per als tallers que es desenvoluparan durant Nadal per a ajudar les fam\u00edlies a conciliar la seua vida laboral i personal.<\/p>\n\n\n\n<p class=\"wp-block-paragraph\">Aquest servei, que es realitzar\u00e0 durant els dies 23, 24, 26 i 27 de desembre en les instal\u00b7lacions del CEIP Luis Vives, est\u00e0 dirigit a xiquets i xiquetes nascuts entre 2010 i 2021, en horari de 9.00 a 14.00 hores amb opci\u00f3 de matinera des de les 8h.<\/p>\n\n\n\n<p class=\"wp-block-paragraph\">Com en anys anteriors l&#8217;Escola de Nadal \u00e9s de car\u00e0cter gratu\u00eft i entre la programaci\u00f3 es troben activitats tan diverses com manualitats, tallers, jocs populars o activitats esportives.<\/p>\n\n\n\n<p class=\"wp-block-paragraph\">Des de l&#8217;Ajuntament han destacat el comprom\u00eds del govern local amb la conciliaci\u00f3 conscients que \u201cen el per\u00edode nadalenc hi ha molts dies de vacances i que els pares necessiten un lloc en el qual poder deixar als seus fills perqu\u00e8 puguen gaudir d&#8217;activitats especials educatives i l\u00fadiques amb Nadal com a protagonista\u201d.<\/p>\n\n\n\n<p class=\"wp-block-paragraph\">El termini d&#8217;inscripci\u00f3 finalitzar\u00e0 el pr\u00f2xim 8 de desembre i es pot realitzar a trav\u00e9s de la Seu Electr\u00f2nica o en la OAC (Servei d&#8217;Atenci\u00f3 a la Ciutadania). L&#8217;alumnat interessat haur\u00e0 de presentar la sol\u00b7licitud d&#8217;inscripci\u00f3 i les fotoc\u00f2pies del DNI del pare, mare o tutor, la targeta SIP del menor i l&#8217;autoritzaci\u00f3 de cessi\u00f3 de drets d&#8217;imatge.<\/p>\n","protected":false},"excerpt":{"rendered":"<div class=\"mh-excerpt\">Aquesta iniciativa municipal es desenvolupar\u00e0 els dies 23, 24, 26 i 27 de desembre, de 9.00 a 14.00 hores. L&#8217;Ajuntament de Benaguasil obri dilluns que ve, dia 25 de novembre, el termini d&#8217;inscripci\u00f3 per als <a class=\"mh-excerpt-more\" href=\"https:\/\/tucomarca.whitekongsoftware.com\/ca\/lajuntament-de-benaguasil-impulsa-lescola-de-nadal-per-a-ajudar-els-veins-a-conciliar-la-seua-vida-laboral-i-familiar\/\" title=\"L&#8217;Ajuntament de Benaguasil impulsa l&#8217;Escola de Nadal per a ajudar els ve\u00efns a conciliar la seua vida laboral i familiar\">[+] <\/a><\/div>\n","protected":false},"author":12,"featured_media":246136,"comment_status":"open","ping_status":"open","sticky":false,"template":"","format":"standard","meta":{"footnotes":""},"categories":[11019,10952,10892,10894,11007,10896],"tags":[19500,11136,10899,15856],"class_list":["post-246138","post","type-post","status-publish","format-standard","has-post-thumbnail","category-agenda-ca","category-benaguasil-ca","category-camp-de-turia-ca","category-la-comarca-ca","category-ocio-y-cultura-ca","category-seccion-ca","tag-agenda-2-ca","tag-benaguasil-ca","tag-camp-de-turia-ca","tag-ocio-y-cultura-ca"],"_links":{"self":[{"href":"https:\/\/tucomarca.whitekongsoftware.com\/ca\/wp-json\/wp\/v2\/posts\/246138","targetHints":{"allow":["GET"]}}],"collection":[{"href":"https:\/\/tucomarca.whitekongsoftware.com\/ca\/wp-json\/wp\/v2\/posts"}],"about":[{"href":"https:\/\/tucomarca.whitekongsoftware.com\/ca\/wp-json\/wp\/v2\/types\/post"}],"author":[{"embeddable":true,"href":"https:\/\/tucomarca.whitekongsoftware.com\/ca\/wp-json\/wp\/v2\/users\/12"}],"replies":[{"embeddable":true,"href":"https:\/\/tucomarca.whitekongsoftware.com\/ca\/wp-json\/wp\/v2\/comments?post=246138"}],"version-history":[{"count":0,"href":"https:\/\/tucomarca.whitekongsoftware.com\/ca\/wp-json\/wp\/v2\/posts\/246138\/revisions"}],"wp:featuredmedia":[{"embeddable":true,"href":"https:\/\/tucomarca.whitekongsoftware.com\/ca\/wp-json\/wp\/v2\/media\/246136"}],"wp:attachment":[{"href":"https:\/\/tucomarca.whitekongsoftware.com\/ca\/wp-json\/wp\/v2\/media?parent=246138"}],"wp:term":[{"taxonomy":"category","embeddable":true,"href":"https:\/\/tucomarca.whitekongsoftware.com\/ca\/wp-json\/wp\/v2\/categories?post=246138"},{"taxonomy":"post_tag","embeddable":true,"href":"https:\/\/tucomarca.whitekongsoftware.com\/ca\/wp-json\/wp\/v2\/tags?post=246138"}],"curies":[{"name":"wp","href":"https:\/\/api.w.org\/{rel}","templated":true}]}}