{"id":246096,"date":"2024-11-21T13:30:00","date_gmt":"2024-11-21T11:30:00","guid":{"rendered":"https:\/\/www.tucomarca.com\/wordpress\/segunda\/?p=246096"},"modified":"2024-11-21T23:44:22","modified_gmt":"2024-11-21T21:44:22","slug":"fotogaleria-el-cim-la-armonica-celebra-santa-cecilia-amb-musica-solidaritat-i-tradicio","status":"publish","type":"post","link":"https:\/\/tucomarca.whitekongsoftware.com\/ca\/fotogaleria-el-cim-la-armonica-celebra-santa-cecilia-amb-musica-solidaritat-i-tradicio\/","title":{"rendered":"Fotogaler\u00eda: el CIM \u201cLa Arm\u00f3nica\u201d celebra Santa Cecilia amb m\u00fasica, solidaritat i tradici\u00f3"},"content":{"rendered":"\n<p class=\"wp-block-paragraph\">El Centre Instructiu Musical \u201cLa Arm\u00f3nica\u201d continua aquesta setmana amb les activitats en honor a Santa Cecilia, patrona de la m\u00fasica.<\/p>\n\n\n\n<p class=\"wp-block-paragraph\">El dissabte, l&#8217;Orquestra del CIM \u201cLa Arm\u00f3nica\u201d, dirigida per Sa\u00fcl G\u00f3mez Soler, va oferir un emocionant concert que va destacar pel seu significat i solidaritat en moments dif\u00edcils. Les Misses de La Arm\u00f3nica, Aroa i Araceli, juntament amb la Representant, Blanca, van acompanyar a la Junta Directiva en aquest esdeveniment especial.<\/p>\n\n\n\n<p class=\"wp-block-paragraph\">En un context complicat per a la Comunitat Valenciana i altres zones afectades per l&#8217;adversitat, el concert va recordar el poder de la m\u00fasica per a unir i brindar esperan\u00e7a. El CIM &#8220;La Arm\u00f3nica\u00b7 va expressar el seu agra\u00efment al p\u00fablic i als seus m\u00fasics, enviant un missatge de suport i for\u00e7a als qui estan travessant moments dif\u00edcils.<\/p>\n\n\n\n<p class=\"wp-block-paragraph\">Activitats tradicionals i creatives<\/p>\n\n\n\n<p class=\"wp-block-paragraph\">A m\u00e9s del concert, la setmana ha estat marcada per entranyables tradicions, com el xocolate per a educands en honor a Santa Cecilia, un moment de trobada i gaudi per a tots i el concurs de dibuix nadalenc, on els m\u00e9s xicotets van desplegar la seua creativitat per a dissenyar la portada del programa del pr\u00f2xim Concert de Nadal de la Banda Juvenil.<\/p>\n\n\n\n<p class=\"wp-block-paragraph\">La celebraci\u00f3 de Santa Cecilia en el CIM \u201cLa Arm\u00f3nica\u201d vol ser un recordatori del poder transformador de la m\u00fasica, enfortint la connexi\u00f3 entre tradici\u00f3 i solidaritat.<\/p>\n\n\n\n<figure class=\"wp-block-gallery has-nested-images columns-2 is-cropped wp-block-gallery-1 is-layout-flex wp-block-gallery-is-layout-flex\">\n<figure class=\"wp-block-image size-large\"><img loading=\"lazy\" decoding=\"async\" width=\"886\" height=\"576\" data-id=\"246076\" src=\"https:\/\/www.tucomarca.com\/wordpress\/segunda\/wp-content\/uploads\/2024\/11\/LitroSantaCecilia24-00.jpg\" alt=\"\" class=\"wp-image-246076\" srcset=\"https:\/\/tucomarca.whitekongsoftware.com\/wp-content\/uploads\/2024\/11\/LitroSantaCecilia24-00.jpg 886w, https:\/\/tucomarca.whitekongsoftware.com\/wp-content\/uploads\/2024\/11\/LitroSantaCecilia24-00-300x195.jpg 300w, https:\/\/tucomarca.whitekongsoftware.com\/wp-content\/uploads\/2024\/11\/LitroSantaCecilia24-00-768x499.jpg 768w\" sizes=\"auto, (max-width: 886px) 100vw, 886px\" \/><\/figure>\n\n\n\n<figure class=\"wp-block-image size-large\"><img loading=\"lazy\" decoding=\"async\" width=\"886\" height=\"665\" data-id=\"246078\" src=\"https:\/\/www.tucomarca.com\/wordpress\/segunda\/wp-content\/uploads\/2024\/11\/LitroSantaCecilia24-01.jpg\" alt=\"\" class=\"wp-image-246078\" srcset=\"https:\/\/tucomarca.whitekongsoftware.com\/wp-content\/uploads\/2024\/11\/LitroSantaCecilia24-01.jpg 886w, https:\/\/tucomarca.whitekongsoftware.com\/wp-content\/uploads\/2024\/11\/LitroSantaCecilia24-01-300x225.jpg 300w, https:\/\/tucomarca.whitekongsoftware.com\/wp-content\/uploads\/2024\/11\/LitroSantaCecilia24-01-768x576.jpg 768w, https:\/\/tucomarca.whitekongsoftware.com\/wp-content\/uploads\/2024\/11\/LitroSantaCecilia24-01-678x509.jpg 678w, https:\/\/tucomarca.whitekongsoftware.com\/wp-content\/uploads\/2024\/11\/LitroSantaCecilia24-01-326x245.jpg 326w, https:\/\/tucomarca.whitekongsoftware.com\/wp-content\/uploads\/2024\/11\/LitroSantaCecilia24-01-80x60.jpg 80w\" sizes=\"auto, (max-width: 886px) 100vw, 886px\" \/><\/figure>\n\n\n\n<figure class=\"wp-block-image size-large\"><img loading=\"lazy\" decoding=\"async\" width=\"886\" height=\"591\" data-id=\"246080\" src=\"https:\/\/www.tucomarca.com\/wordpress\/segunda\/wp-content\/uploads\/2024\/11\/LitroSantaCecilia24-02.jpg\" alt=\"\" class=\"wp-image-246080\" srcset=\"https:\/\/tucomarca.whitekongsoftware.com\/wp-content\/uploads\/2024\/11\/LitroSantaCecilia24-02.jpg 886w, https:\/\/tucomarca.whitekongsoftware.com\/wp-content\/uploads\/2024\/11\/LitroSantaCecilia24-02-300x200.jpg 300w, https:\/\/tucomarca.whitekongsoftware.com\/wp-content\/uploads\/2024\/11\/LitroSantaCecilia24-02-768x512.jpg 768w\" sizes=\"auto, (max-width: 886px) 100vw, 886px\" \/><\/figure>\n\n\n\n<figure class=\"wp-block-image size-large\"><img loading=\"lazy\" decoding=\"async\" width=\"886\" height=\"591\" data-id=\"246082\" src=\"https:\/\/www.tucomarca.com\/wordpress\/segunda\/wp-content\/uploads\/2024\/11\/LitroSantaCecilia24-03.jpg\" alt=\"\" class=\"wp-image-246082\" srcset=\"https:\/\/tucomarca.whitekongsoftware.com\/wp-content\/uploads\/2024\/11\/LitroSantaCecilia24-03.jpg 886w, https:\/\/tucomarca.whitekongsoftware.com\/wp-content\/uploads\/2024\/11\/LitroSantaCecilia24-03-300x200.jpg 300w, https:\/\/tucomarca.whitekongsoftware.com\/wp-content\/uploads\/2024\/11\/LitroSantaCecilia24-03-768x512.jpg 768w\" sizes=\"auto, (max-width: 886px) 100vw, 886px\" \/><\/figure>\n\n\n\n<figure class=\"wp-block-image size-large\"><img loading=\"lazy\" decoding=\"async\" width=\"886\" height=\"591\" data-id=\"246084\" src=\"https:\/\/www.tucomarca.com\/wordpress\/segunda\/wp-content\/uploads\/2024\/11\/LitroSantaCecilia24-04.jpg\" alt=\"\" class=\"wp-image-246084\" srcset=\"https:\/\/tucomarca.whitekongsoftware.com\/wp-content\/uploads\/2024\/11\/LitroSantaCecilia24-04.jpg 886w, https:\/\/tucomarca.whitekongsoftware.com\/wp-content\/uploads\/2024\/11\/LitroSantaCecilia24-04-300x200.jpg 300w, https:\/\/tucomarca.whitekongsoftware.com\/wp-content\/uploads\/2024\/11\/LitroSantaCecilia24-04-768x512.jpg 768w\" sizes=\"auto, (max-width: 886px) 100vw, 886px\" \/><\/figure>\n\n\n\n<figure class=\"wp-block-image size-large\"><img loading=\"lazy\" decoding=\"async\" width=\"886\" height=\"591\" data-id=\"246086\" src=\"https:\/\/www.tucomarca.com\/wordpress\/segunda\/wp-content\/uploads\/2024\/11\/LitroSantaCecilia24-05.jpg\" alt=\"\" class=\"wp-image-246086\" srcset=\"https:\/\/tucomarca.whitekongsoftware.com\/wp-content\/uploads\/2024\/11\/LitroSantaCecilia24-05.jpg 886w, https:\/\/tucomarca.whitekongsoftware.com\/wp-content\/uploads\/2024\/11\/LitroSantaCecilia24-05-300x200.jpg 300w, https:\/\/tucomarca.whitekongsoftware.com\/wp-content\/uploads\/2024\/11\/LitroSantaCecilia24-05-768x512.jpg 768w\" sizes=\"auto, (max-width: 886px) 100vw, 886px\" \/><\/figure>\n\n\n\n<figure class=\"wp-block-image size-large\"><img loading=\"lazy\" decoding=\"async\" width=\"886\" height=\"591\" data-id=\"246088\" src=\"https:\/\/www.tucomarca.com\/wordpress\/segunda\/wp-content\/uploads\/2024\/11\/LitroSantaCecilia24-06.jpg\" alt=\"\" class=\"wp-image-246088\" srcset=\"https:\/\/tucomarca.whitekongsoftware.com\/wp-content\/uploads\/2024\/11\/LitroSantaCecilia24-06.jpg 886w, https:\/\/tucomarca.whitekongsoftware.com\/wp-content\/uploads\/2024\/11\/LitroSantaCecilia24-06-300x200.jpg 300w, https:\/\/tucomarca.whitekongsoftware.com\/wp-content\/uploads\/2024\/11\/LitroSantaCecilia24-06-768x512.jpg 768w\" sizes=\"auto, (max-width: 886px) 100vw, 886px\" \/><\/figure>\n\n\n\n<figure class=\"wp-block-image size-large\"><img loading=\"lazy\" decoding=\"async\" width=\"886\" height=\"591\" data-id=\"246090\" src=\"https:\/\/www.tucomarca.com\/wordpress\/segunda\/wp-content\/uploads\/2024\/11\/LitroSantaCecilia24-07.jpg\" alt=\"\" class=\"wp-image-246090\" srcset=\"https:\/\/tucomarca.whitekongsoftware.com\/wp-content\/uploads\/2024\/11\/LitroSantaCecilia24-07.jpg 886w, https:\/\/tucomarca.whitekongsoftware.com\/wp-content\/uploads\/2024\/11\/LitroSantaCecilia24-07-300x200.jpg 300w, https:\/\/tucomarca.whitekongsoftware.com\/wp-content\/uploads\/2024\/11\/LitroSantaCecilia24-07-768x512.jpg 768w\" sizes=\"auto, (max-width: 886px) 100vw, 886px\" \/><\/figure>\n\n\n\n<figure class=\"wp-block-image size-large\"><img loading=\"lazy\" decoding=\"async\" width=\"886\" height=\"591\" data-id=\"246092\" src=\"https:\/\/www.tucomarca.com\/wordpress\/segunda\/wp-content\/uploads\/2024\/11\/LitroSantaCecilia24-08.jpg\" alt=\"\" class=\"wp-image-246092\" srcset=\"https:\/\/tucomarca.whitekongsoftware.com\/wp-content\/uploads\/2024\/11\/LitroSantaCecilia24-08.jpg 886w, https:\/\/tucomarca.whitekongsoftware.com\/wp-content\/uploads\/2024\/11\/LitroSantaCecilia24-08-300x200.jpg 300w, https:\/\/tucomarca.whitekongsoftware.com\/wp-content\/uploads\/2024\/11\/LitroSantaCecilia24-08-768x512.jpg 768w\" sizes=\"auto, (max-width: 886px) 100vw, 886px\" \/><\/figure>\n<\/figure>\n","protected":false},"excerpt":{"rendered":"<div class=\"mh-excerpt\">El Centre Instructiu Musical \u201cLa Arm\u00f3nica\u201d continua aquesta setmana amb les activitats en honor a Santa Cecilia, patrona de la m\u00fasica. El dissabte, l&#8217;Orquestra del CIM \u201cLa Arm\u00f3nica\u201d, dirigida per Sa\u00fcl G\u00f3mez Soler, va oferir <a class=\"mh-excerpt-more\" href=\"https:\/\/tucomarca.whitekongsoftware.com\/ca\/fotogaleria-el-cim-la-armonica-celebra-santa-cecilia-amb-musica-solidaritat-i-tradicio\/\" title=\"Fotogaler\u00eda: el CIM \u201cLa Arm\u00f3nica\u201d celebra Santa Cecilia amb m\u00fasica, solidaritat i tradici\u00f3\">[+] <\/a><\/div>\n","protected":false},"author":12,"featured_media":246094,"comment_status":"open","ping_status":"open","sticky":false,"template":"","format":"gallery","meta":{"footnotes":""},"categories":[10911,11005,10894,10912,11007,10896],"tags":[10913,11209,10914,13054],"class_list":["post-246096","post","type-post","status-publish","format-gallery","has-post-thumbnail","category-bunol-ca","category-canal-musica","category-la-comarca-ca","category-la-hoya-ca","category-ocio-y-cultura-ca","category-seccion-ca","tag-bunol-ca","tag-cim-la-armonica-de-bunol-ca","tag-la-hoya-de-bunol-chiva-ca","tag-santa-cecilia-ca","post_format-post-format-gallery"],"_links":{"self":[{"href":"https:\/\/tucomarca.whitekongsoftware.com\/ca\/wp-json\/wp\/v2\/posts\/246096","targetHints":{"allow":["GET"]}}],"collection":[{"href":"https:\/\/tucomarca.whitekongsoftware.com\/ca\/wp-json\/wp\/v2\/posts"}],"about":[{"href":"https:\/\/tucomarca.whitekongsoftware.com\/ca\/wp-json\/wp\/v2\/types\/post"}],"author":[{"embeddable":true,"href":"https:\/\/tucomarca.whitekongsoftware.com\/ca\/wp-json\/wp\/v2\/users\/12"}],"replies":[{"embeddable":true,"href":"https:\/\/tucomarca.whitekongsoftware.com\/ca\/wp-json\/wp\/v2\/comments?post=246096"}],"version-history":[{"count":0,"href":"https:\/\/tucomarca.whitekongsoftware.com\/ca\/wp-json\/wp\/v2\/posts\/246096\/revisions"}],"wp:featuredmedia":[{"embeddable":true,"href":"https:\/\/tucomarca.whitekongsoftware.com\/ca\/wp-json\/wp\/v2\/media\/246094"}],"wp:attachment":[{"href":"https:\/\/tucomarca.whitekongsoftware.com\/ca\/wp-json\/wp\/v2\/media?parent=246096"}],"wp:term":[{"taxonomy":"category","embeddable":true,"href":"https:\/\/tucomarca.whitekongsoftware.com\/ca\/wp-json\/wp\/v2\/categories?post=246096"},{"taxonomy":"post_tag","embeddable":true,"href":"https:\/\/tucomarca.whitekongsoftware.com\/ca\/wp-json\/wp\/v2\/tags?post=246096"}],"curies":[{"name":"wp","href":"https:\/\/api.w.org\/{rel}","templated":true}]}}