{"id":246071,"date":"2024-11-21T12:30:00","date_gmt":"2024-11-21T10:30:00","guid":{"rendered":"https:\/\/www.tucomarca.com\/wordpress\/segunda\/?p=246071"},"modified":"2024-11-21T23:29:11","modified_gmt":"2024-11-21T21:29:11","slug":"la-diputacio-de-valencia-dedica-el-25n-a-commemorar-les-dos-decades-de-la-llei-contra-la-violencia-de-genere","status":"publish","type":"post","link":"https:\/\/tucomarca.whitekongsoftware.com\/ca\/la-diputacio-de-valencia-dedica-el-25n-a-commemorar-les-dos-decades-de-la-llei-contra-la-violencia-de-genere\/","title":{"rendered":"La Diputaci\u00f3 de Val\u00e8ncia dedica el 25N a commemorar les dos d\u00e8cades de la Llei contra la Viol\u00e8ncia de G\u00e8nere"},"content":{"rendered":"\n<h3 class=\"wp-block-heading\">L&#8217;\u00e0rea d&#8217;Igualtat que dirigix Nat\u00e0lia Enguix facilita als ajuntaments un cartell autoeditable per als seus actes amb motiu del Dia Internacional de l&#8217;Eliminaci\u00f3 de la Viol\u00e8ncia contra la Dona.<\/h3>\n\n\n\n<p class=\"wp-block-paragraph\">La Diputaci\u00f3 de Val\u00e8ncia dedica enguany el 25N a commemorar el vint\u00e9 aniversari de la Llei contra la Viol\u00e8ncia de G\u00e8nere. \u201cUna llei que ha salvat vides i ha perm\u00e9s a moltes dones eixir d&#8217;eixe cercle de viol\u00e8ncia i identificar les situacions per a poder-les denunciar\u201d, destaca la vicepresidenta primera i diputada d&#8217;Igualtat, Nat\u00e0lia Enguix, qui informa als ajuntaments de la prov\u00edncia que &#8220;disposaran d&#8217;un cartell autoeditable per als seus actes amb motiu del Dia Internacional de l&#8217;Eliminaci\u00f3 de la Viol\u00e8ncia contra la Dona\u201d.<\/p>\n\n\n<div class=\"wp-block-image\">\n<figure class=\"alignleft size-large is-resized\"><img loading=\"lazy\" decoding=\"async\" width=\"785\" height=\"1024\" src=\"http:\/\/www.tucomarca.com\/wordpress\/segunda\/wp-content\/uploads\/2024\/11\/DipuCartel25N-785x1024.jpg\" alt=\"\" class=\"wp-image-246068\" style=\"width:296px;height:auto\" srcset=\"https:\/\/tucomarca.whitekongsoftware.com\/wp-content\/uploads\/2024\/11\/DipuCartel25N-785x1024.jpg 785w, https:\/\/tucomarca.whitekongsoftware.com\/wp-content\/uploads\/2024\/11\/DipuCartel25N-230x300.jpg 230w, https:\/\/tucomarca.whitekongsoftware.com\/wp-content\/uploads\/2024\/11\/DipuCartel25N-768x1002.jpg 768w, https:\/\/tucomarca.whitekongsoftware.com\/wp-content\/uploads\/2024\/11\/DipuCartel25N.jpg 886w\" sizes=\"auto, (max-width: 785px) 100vw, 785px\" \/><\/figure>\n<\/div>\n\n\n<p class=\"wp-block-paragraph\">El cartell, obra d&#8217;A. Alberca, presenta \u201cuna il\u00b7lustraci\u00f3 intrigant i elegant alhora, que busca transmetre l&#8217;estat de preocupaci\u00f3 d&#8217;una dona que \u00f2bviament no l&#8217;est\u00e0 passant b\u00e9\u201d. La imatge \u00e9s part de la campanya provincial amb motiu del 25N, que tindr\u00e0 el seu acte central dilluns que ve amb la lectura del manifest contra la viol\u00e8ncia de g\u00e8nere per part de representants de la instituci\u00f3.<\/p>\n\n\n\n<p class=\"wp-block-paragraph\">\u201cHi ha determinades lluites que no poden detindre&#8217;s davant contratemps o cat\u00e0strofes, com \u00e9s el cas de la DANA\u201d, apunta Nat\u00e0lia Enguix, qui alerta: \u201cen temps de crisi, les v\u00edctimes d&#8217;esta xacra social presenten una major vulnerabilitat, si cap, a causa de l&#8217;augment dels nivells de viol\u00e8ncia provocats per l&#8217;ansietat i la frustraci\u00f3 que poden generar estes situacions en els agressors\u201d.<\/p>\n\n\n\n<p class=\"wp-block-paragraph\">En este context de crisi, la Diputaci\u00f3 s&#8217;ha posat a la disposici\u00f3 de la Generalitat, que treballa per a donar resposta a l&#8217;increment de les situacions de conflictivitat i agressions fruit de conviv\u00e8ncies for\u00e7ades, com va succeir durant el confinament en pand\u00e8mia, o l&#8217;increment dels problemes familiars a conseq\u00fc\u00e8ncia d&#8217;episodis com la DANA. La vicepresidenta Enguix destaca el paper dels ajuntaments en la lluita per a fer front a les viol\u00e8ncies exercides contra les dones. En la seua opini\u00f3, \u201cs\u00f3n la porta d&#8217;entrada a l&#8217;atenci\u00f3 i protecci\u00f3 de les v\u00edctimes, a trav\u00e9s de les policies locals i els servicis socials\u201d.<\/p>\n\n\n\n<p class=\"wp-block-paragraph\">Un total de 237 consistoris formen part de la Xarxa de Municipis Protegits contra la Viol\u00e8ncia de G\u00e8nere de la Diputaci\u00f3, que coordina eixe treball conjunt per a oferir la millor resposta a les v\u00edctimes i la ciutadania. \u201cContinuarem impulsant mesures preventives de discriminaci\u00f3 i accions integrals que servixen als municipis per a complir amb els objectius d&#8217;igualtat i eliminaci\u00f3 de viol\u00e8ncia contra les dones, a trav\u00e9s de campanyes de formaci\u00f3, coeducaci\u00f3 i col\u00b7laboraci\u00f3 amb les regidories d&#8217;Igualtat i el moviment associatiu local\u201d, explica la responsable provincial.<\/p>\n\n\n\n<p class=\"wp-block-paragraph\"><strong>El Feminari, al desembre<\/strong><\/p>\n\n\n\n<p class=\"wp-block-paragraph\">A conseq\u00fc\u00e8ncia de la DANA, l&#8217;\u00e0rea d&#8217;Igualtat de la Diputaci\u00f3 ha canviat les dates del seu Feminari, que finalment se celebrar\u00e0 els dies 9 i 10 de desembre. En la l\u00ednia de la campanya del 25N, la setena edici\u00f3 del congr\u00e9s feminista commemorar\u00e0 el vint\u00e9 aniversari de la Llei de Viol\u00e8ncia de G\u00e8nere, \u201cuna conquesta que \u00e9s resultat de la lluita feminista, del treball d&#8217;un feminisme que tamb\u00e9 ha impulsat altres lleis com la d&#8217;Igualtat, la del Divorci i la de l&#8217;Avortament\u201d.<\/p>\n\n\n\n<p class=\"wp-block-paragraph\">El Feminari de la Diputaci\u00f3 recordar\u00e0 la import\u00e0ncia de la llei i far\u00e0 un reconeixement a Ana Orantes, la granadina que va denunciar en televisi\u00f3 la viol\u00e8ncia a la qual havia sigut sotmesa pel seu ex marit, que la va assassinar dies despr\u00e9s, al desembre de 1997. El cas va commocionar l&#8217;opini\u00f3 p\u00fablica i va ser el detonant per a considerar la viol\u00e8ncia de g\u00e8nere com un problema social i per a impulsar la reforma del Codi Penal. Tamb\u00e9 va ser el punt de partida per a instar les v\u00edctimes a denunciar als seus agressors. Arran del crim, l&#8217;Estat va posar en marxa la maquin\u00e0ria de protecci\u00f3 de les dones maltractades, amb la creaci\u00f3 de cossos policials especialitzats en l&#8217;atenci\u00f3 a les v\u00edctimes, jutjats de viol\u00e8ncia de g\u00e8nere i recursos socials espec\u00edfics per a les v\u00edctimes.<\/p>\n\n\n\n<p class=\"wp-block-paragraph\">En paraules de la vicepresidenta, \u201cel Feminari \u00e9s una trobada que ens servix per a analitzar on estem en mat\u00e8ria d&#8217;Igualtat i els reptes que hem d&#8217;afrontar\u201d. \u201cS&#8217;ha avan\u00e7at molt amb la creaci\u00f3 del sistema VioG\u00e9n, els jutjats i la fiscalia de viol\u00e8ncia de g\u00e8nere, aix\u00ed com en l&#8217;ajuda econ\u00f2mica i psicol\u00f2gica, i les pol\u00edtiques socials i educatives en mat\u00e8ria de prevenci\u00f3\u201d, afig Nat\u00e0lia Enguix, qui destaca entre els assumptes pendents el de revisar el concepte de viol\u00e8ncia de g\u00e8nere, que va molt m\u00e9s all\u00e0 de la relaci\u00f3 de parella; la protecci\u00f3 a nivell europeu de les dones v\u00edctimes; o l&#8217;ampliaci\u00f3 de recursos residencials, laborals i econ\u00f2mics.. \u201cL&#8217;assassinat d&#8217;una dona \u00e9s nom\u00e9s la punta de l&#8217;iceberg de la viol\u00e8ncia que patim cada dia les dones per q\u00fcestions econ\u00f2miques, psicol\u00f2giques o sexuals\u201d, conclou.<\/p>\n","protected":false},"excerpt":{"rendered":"<div class=\"mh-excerpt\">L&#8217;\u00e0rea d&#8217;Igualtat que dirigix Nat\u00e0lia Enguix facilita als ajuntaments un cartell autoeditable per als seus actes amb motiu del Dia Internacional de l&#8217;Eliminaci\u00f3 de la Viol\u00e8ncia contra la Dona. La Diputaci\u00f3 de Val\u00e8ncia dedica enguany <a class=\"mh-excerpt-more\" href=\"https:\/\/tucomarca.whitekongsoftware.com\/ca\/la-diputacio-de-valencia-dedica-el-25n-a-commemorar-les-dos-decades-de-la-llei-contra-la-violencia-de-genere\/\" title=\"La Diputaci\u00f3 de Val\u00e8ncia dedica el 25N a commemorar les dos d\u00e8cades de la Llei contra la Viol\u00e8ncia de G\u00e8nere\">[+] <\/a><\/div>\n","protected":false},"author":12,"featured_media":246067,"comment_status":"open","ping_status":"open","sticky":false,"template":"","format":"standard","meta":{"footnotes":""},"categories":[20541,10898,10948,10894,10904,20456,10947,10896],"tags":[13087,11246,20809,21612,20262,11629],"class_list":["post-246071","post","type-post","status-publish","format-standard","has-post-thumbnail","category-igualtat-i-diversitat","category-ventana-ca","category-infraestructuras-ca","category-la-comarca-ca","category-sin-categorizar-ca","category-la-diputacio-de-valencia-informa-ca","category-politica","category-seccion-ca","tag-25n-ca","tag-diputacio-de-valencia-ca","tag-diversidad-e-igualdad-ca","tag-nartalia-enguix-ca","tag-natalia-enguix-ca","tag-violencia-de-genero-ca"],"_links":{"self":[{"href":"https:\/\/tucomarca.whitekongsoftware.com\/ca\/wp-json\/wp\/v2\/posts\/246071","targetHints":{"allow":["GET"]}}],"collection":[{"href":"https:\/\/tucomarca.whitekongsoftware.com\/ca\/wp-json\/wp\/v2\/posts"}],"about":[{"href":"https:\/\/tucomarca.whitekongsoftware.com\/ca\/wp-json\/wp\/v2\/types\/post"}],"author":[{"embeddable":true,"href":"https:\/\/tucomarca.whitekongsoftware.com\/ca\/wp-json\/wp\/v2\/users\/12"}],"replies":[{"embeddable":true,"href":"https:\/\/tucomarca.whitekongsoftware.com\/ca\/wp-json\/wp\/v2\/comments?post=246071"}],"version-history":[{"count":0,"href":"https:\/\/tucomarca.whitekongsoftware.com\/ca\/wp-json\/wp\/v2\/posts\/246071\/revisions"}],"wp:featuredmedia":[{"embeddable":true,"href":"https:\/\/tucomarca.whitekongsoftware.com\/ca\/wp-json\/wp\/v2\/media\/246067"}],"wp:attachment":[{"href":"https:\/\/tucomarca.whitekongsoftware.com\/ca\/wp-json\/wp\/v2\/media?parent=246071"}],"wp:term":[{"taxonomy":"category","embeddable":true,"href":"https:\/\/tucomarca.whitekongsoftware.com\/ca\/wp-json\/wp\/v2\/categories?post=246071"},{"taxonomy":"post_tag","embeddable":true,"href":"https:\/\/tucomarca.whitekongsoftware.com\/ca\/wp-json\/wp\/v2\/tags?post=246071"}],"curies":[{"name":"wp","href":"https:\/\/api.w.org\/{rel}","templated":true}]}}