{"id":245992,"date":"2024-11-21T08:50:00","date_gmt":"2024-11-21T06:50:00","guid":{"rendered":"https:\/\/www.tucomarca.com\/wordpress\/segunda\/?p=245992"},"modified":"2024-11-21T15:26:48","modified_gmt":"2024-11-21T13:26:48","slug":"la-unio-reclama-deduccions-fiscals-per-a-les-donacions-solidaries-per-la-dana-i-exempcions-fiscals-per-als-beneficiaris-dajudes-privades","status":"publish","type":"post","link":"https:\/\/tucomarca.whitekongsoftware.com\/ca\/la-unio-reclama-deduccions-fiscals-per-a-les-donacions-solidaries-per-la-dana-i-exempcions-fiscals-per-als-beneficiaris-dajudes-privades\/","title":{"rendered":"La Uni\u00f3 reclama deduccions fiscals per a les donacions solid\u00e0ries per la DANA i exempcions fiscals per als beneficiaris d&#8217;ajudes privades"},"content":{"rendered":"\n<h3 class=\"wp-block-heading\">Continua tamb\u00e9 sol\u00b7licitant noves mesures o ampliacions de les ja aprovades per a garantir la recuperaci\u00f3 econ\u00f2mica i social del sector agrari valenci\u00e0 d&#8217;una manera \u00e0gil i efica\u00e7<\/h3>\n\n\n\n<h3 class=\"wp-block-heading\"><strong><strong>Demanda entre altres coses ampliar localitats afectades, reducci\u00f3 del llindar de mal del 40% al 30% per a accedir a ajudes i augmentar el l\u00edmit de les ajudes de 25.000 a 42.000 euros<\/strong><\/strong><\/h3>\n\n\n\n<p class=\"wp-block-paragraph\">El fort moviment solidari que ha sorgit despr\u00e9s de la DANA ha generat nombroses donacions i ajudes privades destinades als damnificats. Per a enfortir aquestes iniciatives, la Uni\u00f3 Llauradora i Ramadera ha proposat al Govern d&#8217;Espanya, d&#8217;una banda, que hi haja <strong>deduccions fiscals per a les donacions solid\u00e0ries<\/strong>, equiparant-les a les realitzades a entitats de mecenatge reconegudes per la Llei 49\/2002 i, per una altra, <strong>l&#8217;exempci\u00f3 fiscal per als beneficiaris d&#8217;ajudes privades<\/strong>, garantint que aquestes no s&#8217;incloguen en la base imposable de l&#8217;IRPF ni de l&#8217;Impost de societats, evitant aix\u00ed una c\u00e0rrega fiscal injusta per als afectats.<\/p>\n\n\n\n<p class=\"wp-block-paragraph\">D&#8217;altra banda, La Uni\u00f3 continua sol\u00b7licitant al Govern d&#8217;Espanya un conjunt de noves mesures fiscals i administratives o ampliacions o modificacions de les ja aprovades, a fi de fer costat als afectats per la DANA que ha provocat danys devastadors en la Comunitat Valenciana. Les propostes busquen donar resposta a les necessitats de llauradors, ramaders i altres sectors afectats, garantint la recuperaci\u00f3 econ\u00f2mica i social d&#8217;una manera \u00e0gil i efica\u00e7.<\/p>\n\n\n\n<p class=\"wp-block-paragraph\">La Uni\u00f3 insisteix en la necessitat d&#8217;<strong>ampliar el llistat de localitats afectades per la DANA<\/strong> i proposa que s&#8217;incloguen les seg\u00fcents:<\/p>\n\n\n\n<p class=\"wp-block-paragraph\">A la prov\u00edncia de Val\u00e8ncia, i ara amb el suport de la Resoluci\u00f3 de la Conselleria de Just\u00edcia i Interior de la Generalitat Valenciana que ha incl\u00f2s la majoria de les seg\u00fcents poblacions com afectades i per tant, amb dret a ajudes a l&#8217;habitatge i municipis, per\u00f2 sense acc\u00e9s a les ajudes agr\u00e0ries: La Pobla Llarga, Carcaixent, Castell\u00f3, Chulilla, l&#8217;\u00c9nova, Manuel, Millares, Rafelguaraf, Senyera, Tor\u00eds, Venta del Moro i Villargordo del Cabriel. A la prov\u00edncia de Castell\u00f3: Alcal\u00e0 de Xivert, Altura, Atzeneta, Benassal, Benicarl\u00f3, Borriol, Cabanes, C\u00e0lig, Canet lo Roig, Cat\u00ed, las Fuentes de d&#8217;Ay\u00f3dar, Gaibiel, Higueras, La Pobla Tornesa, La Salzadella, La Serratella, La Serra d&#8217;en Galceran, La Torre d&#8217;en Besora, Les Coves de Vinrom\u00e0, Morella, Orpesa, Pen\u00edscola Rossell, Sant Mateu, Santa Magdalena, T\u00edrig, Torreblanca, la Vall d&#8217;Alba, Vallibona, Vilar de Canes, Vilafranca, Villanueva de la Reina, Vinar\u00f2s, Xert. La inclusi\u00f3 d&#8217;aquests municipis permetr\u00e0 als llauradors i ramaders afectats accedir a les mesures i ajudes establides en el Reial decret llei necess\u00e0ries per a la reparaci\u00f3 d&#8217;infraestructures i la recuperaci\u00f3 de l&#8217;activitat agr\u00e0ria.<\/p>\n\n\n\n<p class=\"wp-block-paragraph\">L&#8217;organitzaci\u00f3 tamb\u00e9 demanda que es <strong>redu\u00efsca el llindar de dany del 40% al 30%<\/strong> per a accedir a ajudes i <strong>augmentar el l\u00edmit de les ajudes de 25.000 a 42.000 euros<\/strong>, alineant-se amb la normativa europea en tramitaci\u00f3.<\/p>\n\n\n\n<p class=\"wp-block-paragraph\">Cal assenyalar que entre els b\u00e9ns m\u00e9s afectats per la DANA es troben m\u00e9s de 120.000 vehicles, incloent-hi maquin\u00e0ria agr\u00edcola essencial per a l&#8217;activitat productiva. Molts d&#8217;aquests vehicles han sigut declarats en p\u00e8rdua total, la qual cosa implica la necessitat d&#8217;establir procediments clars i justos de compensaci\u00f3. A m\u00e9s de traslladar-ho a la Presid\u00e8ncia del Govern, La Uni\u00f3 ha contactat amb la Direcci\u00f3 General d&#8217;Assegurances i Fons de Pensions, que ha mostrat el seu suport a una de les mesures clau propostes. La primera \u00e9s la <strong>devoluci\u00f3 autom\u00e0tica de la prima d&#8217;asseguran\u00e7a no consumida<\/strong>. Aquest procediment garantiria que els assegurats reben l&#8217;import corresponent a la prima no consumida en cas de p\u00e8rdua total del vehicle. La devoluci\u00f3 hauria de ser autom\u00e0tica, sense que l&#8217;afectat haja de presentar una sol\u00b7licitud addicional, i s&#8217;ingressaria en el compte bancari de l&#8217;assegurat. No obstant aix\u00f2, algunes companyies asseguradores plantegen destinar aquest import a futures p\u00f2lisses del mateix client. La Uni\u00f3 insisteix que aquesta opci\u00f3 no \u00e9s v\u00e0lida en tots els casos perqu\u00e8 pot oc\u00f3rrer, per exemple, que l&#8217;assegurat no adquirisca un nou vehicle o decidisca canviar de companyia asseguradora. Per aix\u00f2, l&#8217;organitzaci\u00f3 reitera la necessitat d&#8217;un sistema de devoluci\u00f3 directa que garantisca als afectats el seu dret a rebre l&#8217;import no consumit, fomentant un tracte equitatiu i transparent.<\/p>\n\n\n\n<p class=\"wp-block-paragraph\">Com a part de les accions de suport, La Uni\u00f3 proposa tamb\u00e9 <strong>reduir els impostos per als vehicles i maquin\u00e0ria agr\u00edcola que els afectats necessiten adquirir com a reposici\u00f3<\/strong>. S\u00f3n l&#8217;IVA redu\u00eft i eliminaci\u00f3 de l&#8217;Impost Especial sobre Determinats Mitjans de Transport (IEDMT) per a b\u00e9ns nous, la rebaixa de l&#8217;Impost de Transmissions Patrimonials (ITP) en el cas de vehicles i maquin\u00e0ria usats. Aquestes mesures alleujarien una c\u00e0rrega financera immediata dels afectats i fomentarien la recuperaci\u00f3 del sector agrari, simplificant els tr\u00e0mits i millorant la liquiditat en un moment cr\u00edtic.<\/p>\n","protected":false},"excerpt":{"rendered":"<div class=\"mh-excerpt\">Continua tamb\u00e9 sol\u00b7licitant noves mesures o ampliacions de les ja aprovades per a garantir la recuperaci\u00f3 econ\u00f2mica i social del sector agrari valenci\u00e0 d&#8217;una manera \u00e0gil i efica\u00e7 Demanda entre altres coses ampliar localitats afectades, <a class=\"mh-excerpt-more\" href=\"https:\/\/tucomarca.whitekongsoftware.com\/ca\/la-unio-reclama-deduccions-fiscals-per-a-les-donacions-solidaries-per-la-dana-i-exempcions-fiscals-per-als-beneficiaris-dajudes-privades\/\" title=\"La Uni\u00f3 reclama deduccions fiscals per a les donacions solid\u00e0ries per la DANA i exempcions fiscals per als beneficiaris d&#8217;ajudes privades\">[+] <\/a><\/div>\n","protected":false},"author":12,"featured_media":246020,"comment_status":"open","ping_status":"open","sticky":false,"template":"","format":"standard","meta":{"footnotes":""},"categories":[10905,11036,21466,11046,10898,10948,10963,10894,10904,10942,10902,10998,10903,10970,10947,11002,10909,10896,10897,11047,11060,11061],"tags":[11309,15409,11199,21082],"class_list":["post-245992","post","type-post","status-publish","format-standard","has-post-thumbnail","category-agricultura-la-comarca-ca","category-chulilla-ca","category-dana-ca","category-los-serranos-ca","category-ventana-ca","category-infraestructuras-ca","category-la-canal-de-navarres-ca","category-la-comarca-ca","category-sin-categorizar-ca","category-la-pobla-llarga-ca","category-la-ribera-ca","category-manuel-ca","category-medio-ambiente-la-comarca-ca","category-millares-ca","category-politica","category-rafelguaraf-ca","category-requena-utiel-ca","category-seccion-ca","category-sucesos-la-comarca-ca","category-turis-ca","category-venta-del-moro-ca","category-villargordo-del-cabriel-ca","tag-agricultura-ca","tag-dana-2-ca","tag-la-comunitat-ca","tag-la-unio-llauradora-i-ramadera-ca"],"_links":{"self":[{"href":"https:\/\/tucomarca.whitekongsoftware.com\/ca\/wp-json\/wp\/v2\/posts\/245992","targetHints":{"allow":["GET"]}}],"collection":[{"href":"https:\/\/tucomarca.whitekongsoftware.com\/ca\/wp-json\/wp\/v2\/posts"}],"about":[{"href":"https:\/\/tucomarca.whitekongsoftware.com\/ca\/wp-json\/wp\/v2\/types\/post"}],"author":[{"embeddable":true,"href":"https:\/\/tucomarca.whitekongsoftware.com\/ca\/wp-json\/wp\/v2\/users\/12"}],"replies":[{"embeddable":true,"href":"https:\/\/tucomarca.whitekongsoftware.com\/ca\/wp-json\/wp\/v2\/comments?post=245992"}],"version-history":[{"count":0,"href":"https:\/\/tucomarca.whitekongsoftware.com\/ca\/wp-json\/wp\/v2\/posts\/245992\/revisions"}],"wp:featuredmedia":[{"embeddable":true,"href":"https:\/\/tucomarca.whitekongsoftware.com\/ca\/wp-json\/wp\/v2\/media\/246020"}],"wp:attachment":[{"href":"https:\/\/tucomarca.whitekongsoftware.com\/ca\/wp-json\/wp\/v2\/media?parent=245992"}],"wp:term":[{"taxonomy":"category","embeddable":true,"href":"https:\/\/tucomarca.whitekongsoftware.com\/ca\/wp-json\/wp\/v2\/categories?post=245992"},{"taxonomy":"post_tag","embeddable":true,"href":"https:\/\/tucomarca.whitekongsoftware.com\/ca\/wp-json\/wp\/v2\/tags?post=245992"}],"curies":[{"name":"wp","href":"https:\/\/api.w.org\/{rel}","templated":true}]}}