{"id":245923,"date":"2024-11-20T11:30:00","date_gmt":"2024-11-20T09:30:00","guid":{"rendered":"https:\/\/www.tucomarca.com\/wordpress\/segunda\/?p=245923"},"modified":"2024-11-20T19:33:52","modified_gmt":"2024-11-20T17:33:52","slug":"obert-un-pas-provisional-de-vehicles-per-a-les-urbanitzacions-de-xiva-en-el-barranc-gallego","status":"publish","type":"post","link":"https:\/\/tucomarca.whitekongsoftware.com\/ca\/obert-un-pas-provisional-de-vehicles-per-a-les-urbanitzacions-de-xiva-en-el-barranc-gallego\/","title":{"rendered":"Obert un pas provisional de vehicles per a les urbanitzacions de Xiva en el barranc Gallego"},"content":{"rendered":"\n<h3 class=\"wp-block-heading\">Permet la circulaci\u00f3 de vehicles de fins a 3.500 kg. i facilita la connexi\u00f3 a Sierra Perenchiza, Calicanto, Entrepinos i El Bosc.<\/h3>\n\n\n\n<h3 class=\"wp-block-heading\">L&#8217;obra ha comptat amb la col\u00b7laboraci\u00f3 ve\u00efnal, que ha sigut fonamental des del 29 d&#8217;octubre per a l&#8217;assist\u00e8ncia als damnificats de les urbanitzacions del municipi.<\/h3>\n\n\n\n<p class=\"wp-block-paragraph\">Hui ha quedat obert al tr\u00e0nsit a Xiva un pas provisional per a vehicles en el barranc Gallego, que millora l&#8217;acc\u00e9s i la connexi\u00f3 als ve\u00efns de les urbanitzacions de Sierra Perenchiza, Calicanto, Entrepinos i El Bosc. Es tracta d&#8217;una passarel\u00b7la per a vehicles de fins a 3.500 quilos, situada en el punt on existia un pont que va quedar destrossat pels efectes de la DANA del passat 29 d&#8217;octubre.<br>La construcci\u00f3 d&#8217;aquesta infraestructura, que millora sensiblement la connectivitat dels ve\u00efns de les urbanitzacions de Xiva, ha sigut possible gr\u00e0cies a la col\u00b7laboraci\u00f3 entre l&#8217;Ajuntament de Xiva, l&#8217;UME i els ve\u00efns de Sierra Perenchiza. Per a aquesta obra s&#8217;ha utilitzat maquin\u00e0ria pesant proporcionada pel Consistori i tamb\u00e9 per particulars residents en la zona. La col\u00b7laboraci\u00f3 ve\u00efnal ha sigut fonamental en aquest cas, com en totes les accions d&#8217;assist\u00e8ncia als damnificats posades en marxa des del 29 d&#8217;octubre.<br>L&#8217;Ajuntament manifesta el seu m\u00e9s sincer agra\u00efment a tots els presidents d&#8217;urbanitzacions i nuclis disseminats per la seua valuosa col\u00b7laboraci\u00f3 amb l&#8217;ajuntament de Xiva en totes les tasques d&#8217;assist\u00e8ncia als ve\u00efns d&#8217;aquestes \u00e0rees. La seua implicaci\u00f3 i dedicaci\u00f3 ha perm\u00e9s als serveis municipals i d&#8217;emerg\u00e8ncia arribar de manera m\u00e9s efica\u00e7 als ve\u00efns necessitats de les urbanitzacions i disseminats. Les comunitats de ve\u00efns han treballat amb generositat i lliurament, facilitant punts de recollida d&#8217;aliments i gestionant el lliurament solidari d&#8217;aliments i b\u00e9ns de primera necessitat. En molts casos es van encarregar de realitzar directament el repartiment als habitatges de m\u00e9s dif\u00edcil acc\u00e9s.<br>El Consistori vol destacar la cooperaci\u00f3 de la urbanitzaci\u00f3 Sierra Perenchiza, la urbanitzaci\u00f3 El Bosc, PAC de Calicanto i el Col\u00b7legi Internacional de Llevant, que generosament va cedir una zona de les seues instal\u00b7lacions per a poder repartir queviures als ve\u00efns de Calicanto.<br>L&#8217;Ajuntament tamb\u00e9 fa un reconeixement destacat a l&#8217;extraordin\u00e0ria labor realitzada per l&#8217;equip m\u00e8dic format per volunt\u00e0ries de la urbanitzaci\u00f3 Sierra Perenchiza. Durant els deu dies en qu\u00e8 la urbanitzaci\u00f3 va romandre incomunicada a causa del tall de l&#8217;eixida cap a la CV-424, van treballar incansablement per a cuidar de la salut dels ve\u00efns. Aquest equip de metgesses i infermeres va brindar atenci\u00f3 m\u00e8dica als ve\u00efns m\u00e9s vulnerables, assegurant que reberen la medicaci\u00f3 necess\u00e0ria a trav\u00e9s dels SIP, amb la col\u00b7laboraci\u00f3 d&#8217;altres voluntaris. A m\u00e9s, van realitzar capellans i van proporcionar atenci\u00f3 sanit\u00e0ria tamb\u00e9 als ve\u00efns de la urbanitzaci\u00f3 de Calicanto. El seu treball exemplar, supervisat per la coordinadora de Salut de Xiva, va ser fonamental per a garantir la salut i el benestar de la comunitat en aquesta situaci\u00f3 extraordinari d&#8217;emerg\u00e8ncia.<\/p>\n","protected":false},"excerpt":{"rendered":"<div class=\"mh-excerpt\">Permet la circulaci\u00f3 de vehicles de fins a 3.500 kg. i facilita la connexi\u00f3 a Sierra Perenchiza, Calicanto, Entrepinos i El Bosc. L&#8217;obra ha comptat amb la col\u00b7laboraci\u00f3 ve\u00efnal, que ha sigut fonamental des del <a class=\"mh-excerpt-more\" href=\"https:\/\/tucomarca.whitekongsoftware.com\/ca\/obert-un-pas-provisional-de-vehicles-per-a-les-urbanitzacions-de-xiva-en-el-barranc-gallego\/\" title=\"Obert un pas provisional de vehicles per a les urbanitzacions de Xiva en el barranc Gallego\">[+] <\/a><\/div>\n","protected":false},"author":12,"featured_media":245921,"comment_status":"open","ping_status":"open","sticky":false,"template":"","format":"standard","meta":{"footnotes":""},"categories":[21466,10898,10948,10894,10904,10912,10903,10947,10896,10897,10975],"tags":[21603,11195,15409,10914],"class_list":["post-245923","post","type-post","status-publish","format-standard","has-post-thumbnail","category-dana-ca","category-ventana-ca","category-infraestructuras-ca","category-la-comarca-ca","category-sin-categorizar-ca","category-la-hoya-ca","category-medio-ambiente-la-comarca-ca","category-politica","category-seccion-ca","category-sucesos-la-comarca-ca","category-chiva-ca","tag-barranco-gallego-ca","tag-chiva-ca","tag-dana-2-ca","tag-la-hoya-de-bunol-chiva-ca"],"_links":{"self":[{"href":"https:\/\/tucomarca.whitekongsoftware.com\/ca\/wp-json\/wp\/v2\/posts\/245923","targetHints":{"allow":["GET"]}}],"collection":[{"href":"https:\/\/tucomarca.whitekongsoftware.com\/ca\/wp-json\/wp\/v2\/posts"}],"about":[{"href":"https:\/\/tucomarca.whitekongsoftware.com\/ca\/wp-json\/wp\/v2\/types\/post"}],"author":[{"embeddable":true,"href":"https:\/\/tucomarca.whitekongsoftware.com\/ca\/wp-json\/wp\/v2\/users\/12"}],"replies":[{"embeddable":true,"href":"https:\/\/tucomarca.whitekongsoftware.com\/ca\/wp-json\/wp\/v2\/comments?post=245923"}],"version-history":[{"count":0,"href":"https:\/\/tucomarca.whitekongsoftware.com\/ca\/wp-json\/wp\/v2\/posts\/245923\/revisions"}],"wp:featuredmedia":[{"embeddable":true,"href":"https:\/\/tucomarca.whitekongsoftware.com\/ca\/wp-json\/wp\/v2\/media\/245921"}],"wp:attachment":[{"href":"https:\/\/tucomarca.whitekongsoftware.com\/ca\/wp-json\/wp\/v2\/media?parent=245923"}],"wp:term":[{"taxonomy":"category","embeddable":true,"href":"https:\/\/tucomarca.whitekongsoftware.com\/ca\/wp-json\/wp\/v2\/categories?post=245923"},{"taxonomy":"post_tag","embeddable":true,"href":"https:\/\/tucomarca.whitekongsoftware.com\/ca\/wp-json\/wp\/v2\/tags?post=245923"}],"curies":[{"name":"wp","href":"https:\/\/api.w.org\/{rel}","templated":true}]}}