{"id":245896,"date":"2024-11-20T08:35:00","date_gmt":"2024-11-20T06:35:00","guid":{"rendered":"https:\/\/www.tucomarca.com\/wordpress\/segunda\/?p=245896"},"modified":"2024-11-20T19:14:13","modified_gmt":"2024-11-20T17:14:13","slug":"la-diputacio-de-valencia-proporciona-als-ajuntaments-afectats-lequipament-informatic-necessari-perque-puguen-posar-se-en-marxa","status":"publish","type":"post","link":"https:\/\/tucomarca.whitekongsoftware.com\/ca\/la-diputacio-de-valencia-proporciona-als-ajuntaments-afectats-lequipament-informatic-necessari-perque-puguen-posar-se-en-marxa\/","title":{"rendered":"La Diputaci\u00f3 de Val\u00e8ncia proporciona als ajuntaments afectats l&#8217;equipament inform\u00e0tic necessari perqu\u00e8 puguen posar-se en marxa"},"content":{"rendered":"\n<h3 class=\"wp-block-heading\"><strong><strong>La corporaci\u00f3 provincial destina prop d&#8217;1 mili\u00f3 d&#8217;euros a la compra d&#8217;ordinadors, impressores, port\u00e0tils i esc\u00e0ners per a garantir que els ajuntaments damnificats tornen a prestar els seus servicis al m\u00e9s prompte possible<\/strong><\/strong>.<\/h3>\n\n\n\n<h3 class=\"wp-block-heading\"><strong><strong>Des de l&#8217;\u00e0rea d&#8217;Administraci\u00f3 Electr\u00f2nica, que dirigix Juan Ram\u00f3n Adsuara, s&#8217;ha contactat amb tots els municipis afectats per a con\u00e9ixer l&#8217;abast dels danys patits en els seus equipaments inform\u00e0tics<\/strong><\/strong>.<\/h3>\n\n\n\n<p class=\"wp-block-paragraph\">La Diputaci\u00f3 de Val\u00e8ncia ha fet un pas al capdavant per a garantir la reactivaci\u00f3 dels servicis municipals despr\u00e9s dels greus danys ocasionats per la DANA en nombrosos ajuntaments. D&#8217;esta manera, la corporaci\u00f3 provincial s&#8217;est\u00e0 encarregant d&#8217;adquirir i distribuir els equips inform\u00e0tics que necessita cada municipi, per a aix\u00f2 es destinar\u00e0 quasi 1 mili\u00f3 d&#8217;euros. Aix\u00f2 inclou ordinadors de sobretaula, monitors, port\u00e0tils, impressores, esc\u00e0ners i SAIs (Sistema d&#8217;Alimentaci\u00f3 Ininterrompuda).<\/p>\n\n\n\n<p class=\"wp-block-paragraph\">Per a dur a terme este procediment, l&#8217;\u00e0rea d&#8217;Administraci\u00f3 Electr\u00f2nica, que dirigix Juan Ram\u00f3n Adsuara, ha contactat un a un amb tots els ajuntaments afectats per a con\u00e9ixer l&#8217;abast concret dels danys patits en equipament de comunicacions, servidors, llocs de treball i altres elements inform\u00e0tics, imprescindibles per a prestar els diferents servicis municipals als ciutadans.&nbsp;<\/p>\n\n\n\n<p class=\"wp-block-paragraph\">\u201cL&#8217;objectiu \u00e9s garantir que tots els ajuntaments damnificats puguen tornar al m\u00e9s prompte possible a la normalitat, especialment en un moment cr\u00edtic com el que es troben immersos, atesos els ve\u00efns i empreses dels seus municipis per a ajudar-los en la tramitaci\u00f3 de les ajudes del Govern, la Generalitat Valenciana i la pr\u00f2pia Diputaci\u00f3. Disposar de sistemes inform\u00e0tics plenament operatius \u00e9s clau per a respondre amb efic\u00e0cia\u201d, ha manifestat el president de la Diputaci\u00f3, Vicent Momp\u00f3.&nbsp;<\/p>\n\n\n\n<p class=\"wp-block-paragraph\">Cal tindre en compte que, despr\u00e9s del pas de la DANA, molts ajuntaments han estat durant dies paralitzats, sense posar en marxa els seus servicis b\u00e0sics d&#8217;atenci\u00f3 a la ciutadania i altres servicis per al funcionament quotidi\u00e0 de l&#8217;ajuntament. I \u00e9s que s&#8217;han vist afectats els sistemes centrals inform\u00e0tics, llocs de treball, sistemes d&#8217;impressi\u00f3, comunicacions internes (xarxa local, punts de connexi\u00f3, armaris de comunicacions) i externes (comunicaci\u00f3 entre edificis) de nombrosos consistoris.&nbsp;<\/p>\n\n\n\n<p class=\"wp-block-paragraph\">Per aix\u00f2, la Diputaci\u00f3 de Val\u00e8ncia, com a administraci\u00f3 de car\u00e0cter supramunicipal encarregada de donar servici i assist\u00e8ncia inform\u00e0tica als ajuntaments, ha impulsat dos contractes d&#8217;emerg\u00e8ncia per a donar resposta a totes les necessitats expressades per un total de 41 municipis.<\/p>\n\n\n\n<p class=\"wp-block-paragraph\"><strong>Contractes d&#8217;emerg\u00e8ncia i municipis<\/strong><\/p>\n\n\n\n<p class=\"wp-block-paragraph\">Per a cobrir estes necessitats, la Diputaci\u00f3 ha impulsat dos contractes d&#8217;emerg\u00e8ncia. El primer, dotat amb 195.000 euros, va permetre actuar immediatament en els dies posteriors al desastre, entregant material b\u00e0sic a diversos ajuntaments.<\/p>\n\n\n\n<p class=\"wp-block-paragraph\">Actualment, s&#8217;est\u00e0 tancant un segon contracte de 720.000 euros destinat a la compra de 450 ordinadors, 530 monitors, 160 port\u00e0tils, 68 esc\u00e0ners, 92 impressores i 52 SAI. Este material es distribuir\u00e0 la setmana vinent entre els municipis afectats.<\/p>\n\n\n\n<p class=\"wp-block-paragraph\">A m\u00e9s, la Diputaci\u00f3 de Barcelona ha col\u00b7laborat amb una donaci\u00f3 de 300.000 euros, que ha sigut destinada \u00edntegrament a la compra d&#8217;equipament inform\u00e0tic per a agilitzar la recuperaci\u00f3 dels servicis municipals.<\/p>\n\n\n\n<p class=\"wp-block-paragraph\">Els municipis de l&#8217;Horta Sud que han expressat les seues necessitats davant l&#8217;oferiment de la Diputaci\u00f3 i que, per tant, rebran l&#8217;equipament sol\u00b7licitat s\u00f3n Alaqu\u00e0s, Albal, Alc\u00e0sser, Aldaia, Alfafar, Benet\u00fasser, Beniparrell, Catarroja, Llocnou de la Corona, Massanassa, Paiporta, Picanya, Picassent, Quart de Poblet, Sedav\u00ed i Torrent.<\/p>\n\n\n\n<p class=\"wp-block-paragraph\">Els ajuntaments de la Ribera Baixa que han fet el propi s\u00f3n Albalat de la Ribera, Favara i Riola, mentres que de la Ribera Alta s\u00f3n Algemes\u00ed, Alginet, Carlet, Catadau, Guadassuar, l&#8217;Alc\u00fadia, Montroi, Montserrat i Tur\u00eds.<\/p>\n\n\n\n<p class=\"wp-block-paragraph\">Per part seua, de la comarca de la Foia de Bunyol-Xiva han demanat material inform\u00e0tic les localitats d&#8217;Alborache, Bunyol, Dos Aguas, Godelleta, Millares, Siete Aguas i Y\u00e1tova. De la Serran\u00eda ho han fet Bugarra, Calles, Gestalgar, Pedralba i Sot de Chera. Finalment, Utiel \u00e9s l&#8217;\u00fanic municipi de la Plana de Utiel-Requena que rebr\u00e0 estos equips.<\/p>\n\n\n\n<p class=\"wp-block-paragraph\">\u201cAmb esta acci\u00f3, la Diputaci\u00f3 de Val\u00e8ncia refor\u00e7a el seu comprom\u00eds com a administraci\u00f3 supramunicipal, garantint l&#8217;operativitat dels ajuntaments i el servici a la ciutadania en un context especialment complicat\u201d, sent\u00e8ncia el president Vicent Momp\u00f3.<\/p>\n","protected":false},"excerpt":{"rendered":"<div class=\"mh-excerpt\">La corporaci\u00f3 provincial destina prop d&#8217;1 mili\u00f3 d&#8217;euros a la compra d&#8217;ordinadors, impressores, port\u00e0tils i esc\u00e0ners per a garantir que els ajuntaments damnificats tornen a prestar els seus servicis al m\u00e9s prompte possible. Des de <a class=\"mh-excerpt-more\" href=\"https:\/\/tucomarca.whitekongsoftware.com\/ca\/la-diputacio-de-valencia-proporciona-als-ajuntaments-afectats-lequipament-informatic-necessari-perque-puguen-posar-se-en-marxa\/\" title=\"La Diputaci\u00f3 de Val\u00e8ncia proporciona als ajuntaments afectats l&#8217;equipament inform\u00e0tic necessari perqu\u00e8 puguen posar-se en marxa\">[+] <\/a><\/div>\n","protected":false},"author":13,"featured_media":245890,"comment_status":"open","ping_status":"open","sticky":false,"template":"","format":"standard","meta":{"footnotes":""},"categories":[10973,10983,11040,10911,11038,10990,10991,21466,10976,11046,10898,11034,10977,10994,10980,10948,10995,10963,10894,10904,10912,10902,10970,11000,11001,11025,10947,10909,10896,10979,11026,10897,11047,11059],"tags":[16483,15409,12903,11199,21009],"class_list":["post-245896","post","type-post","status-publish","format-standard","has-post-thumbnail","category-alborache-ca","category-algemesi-ca","category-bugarra-ca","category-bunol-ca","category-calles-ca","category-carlet-ca","category-catadau-ca","category-dana-ca","category-dos-aguas-ca","category-los-serranos-ca","category-ventana-ca","category-gestalgar-ca","category-godelleta-ca","category-guadassuar-ca","category-yatova-ca","category-infraestructuras-ca","category-lalcudia-ca","category-la-canal-de-navarres-ca","category-la-comarca-ca","category-sin-categorizar-ca","category-la-hoya-ca","category-la-ribera-ca","category-millares-ca","category-monserrat-ca","category-montroi-ca","category-pedralba-ca","category-politica","category-requena-utiel-ca","category-seccion-ca","category-siete-aguas-ca","category-sot-de-chera-ca","category-sucesos-la-comarca-ca","category-turis-ca","category-utiel-ca","tag-ayuda-ca","tag-dana-2-ca","tag-infraestructuras-ca","tag-la-comunitat-ca","tag-la-diputacio-de-valencia-ca"],"_links":{"self":[{"href":"https:\/\/tucomarca.whitekongsoftware.com\/ca\/wp-json\/wp\/v2\/posts\/245896","targetHints":{"allow":["GET"]}}],"collection":[{"href":"https:\/\/tucomarca.whitekongsoftware.com\/ca\/wp-json\/wp\/v2\/posts"}],"about":[{"href":"https:\/\/tucomarca.whitekongsoftware.com\/ca\/wp-json\/wp\/v2\/types\/post"}],"author":[{"embeddable":true,"href":"https:\/\/tucomarca.whitekongsoftware.com\/ca\/wp-json\/wp\/v2\/users\/13"}],"replies":[{"embeddable":true,"href":"https:\/\/tucomarca.whitekongsoftware.com\/ca\/wp-json\/wp\/v2\/comments?post=245896"}],"version-history":[{"count":0,"href":"https:\/\/tucomarca.whitekongsoftware.com\/ca\/wp-json\/wp\/v2\/posts\/245896\/revisions"}],"wp:featuredmedia":[{"embeddable":true,"href":"https:\/\/tucomarca.whitekongsoftware.com\/ca\/wp-json\/wp\/v2\/media\/245890"}],"wp:attachment":[{"href":"https:\/\/tucomarca.whitekongsoftware.com\/ca\/wp-json\/wp\/v2\/media?parent=245896"}],"wp:term":[{"taxonomy":"category","embeddable":true,"href":"https:\/\/tucomarca.whitekongsoftware.com\/ca\/wp-json\/wp\/v2\/categories?post=245896"},{"taxonomy":"post_tag","embeddable":true,"href":"https:\/\/tucomarca.whitekongsoftware.com\/ca\/wp-json\/wp\/v2\/tags?post=245896"}],"curies":[{"name":"wp","href":"https:\/\/api.w.org\/{rel}","templated":true}]}}