{"id":245847,"date":"2024-11-19T12:20:00","date_gmt":"2024-11-19T10:20:00","guid":{"rendered":"https:\/\/www.tucomarca.com\/wordpress\/segunda\/?p=245847"},"modified":"2024-11-20T13:15:17","modified_gmt":"2024-11-20T11:15:17","slug":"el-tinent-general-francisco-jose-gan-pampols-assumira-la-vicepresidencia-per-a-la-recuperacio-economica-i-social","status":"publish","type":"post","link":"https:\/\/tucomarca.whitekongsoftware.com\/ca\/el-tinent-general-francisco-jose-gan-pampols-assumira-la-vicepresidencia-per-a-la-recuperacio-economica-i-social\/","title":{"rendered":"El tinent general Francisco Jos\u00e9 Gan Pampols assumir\u00e0 la Vicepresid\u00e8ncia per a la Recuperaci\u00f3 Econ\u00f2mica i Social"},"content":{"rendered":"\n<h3 class=\"wp-block-heading\">Entre les seues funcions s\u2019inclouran el disseny d\u2019un pla de recuperaci\u00f3 i coordinar\u00e0 les labors de reconstrucci\u00f3 i normalitzaci\u00f3 econ\u00f2mica i social de la prov\u00edncia de Val\u00e8ncia.<\/h3>\n\n\n\n<h3 class=\"wp-block-heading\">Presidir\u00e0 la comissi\u00f3 interdepartamental que coordinar\u00e0 tots els departaments del Consell implicats en el proc\u00e9s de reconstrucci\u00f3.<\/h3>\n\n\n\n<h3 class=\"wp-block-heading\">\u00c9s tinent general de l\u2019Ex\u00e8rcit de Terra en situaci\u00f3 de retir.<\/h3>\n\n\n\n<p class=\"wp-block-paragraph\">El tinent general de l\u2019Ex\u00e8rcit de Terra, Francisco Jos\u00e9 Gan Pampols, assumir\u00e0 la Vicepresid\u00e8ncia del Govern Valenci\u00e0 per a la Recuperaci\u00f3 Econ\u00f2mica i Social.<\/p>\n\n\n\n<p class=\"wp-block-paragraph\">Esta vicepresid\u00e8ncia es crea per a centralitzar totes les accions del Consell encaminades a la recuperaci\u00f3 i normalitzaci\u00f3 econ\u00f2mica i social de la prov\u00edncia de Val\u00e8ncia i especialment en els municipis afectats per la riuada del 29 d\u2019octubre.<\/p>\n\n\n\n<p class=\"wp-block-paragraph\">El nou vicepresident tindr\u00e0 entre les seues funcions el disseny d\u2019un pla de recuperaci\u00f3 i la coordinaci\u00f3 de les labors de reconstrucci\u00f3 de les zones afectades, per la qual cosa ser\u00e0 tamb\u00e9 el responsable de presidir la Comissi\u00f3 Interdepartamental encarregada d\u2019organitzar i coordinar a tots els departaments del Consell orientats al proc\u00e9s de reconstrucci\u00f3 de les comarques afectades.<\/p>\n\n\n\n<p class=\"wp-block-paragraph\">Una altra de les funcions que assumir\u00e0 Francisco Jos\u00e9 Gan Pampols ser\u00e0 el desenrotllament d\u2019un pla de protecci\u00f3 per a afrontar possibles cat\u00e0strofes naturals que suposen riscos per a la poblaci\u00f3. Per a fer-ho, la Generalitat abordar\u00e0 una an\u00e0lisi detallada de les infraestructures relacionades amb la prevenci\u00f3.<\/p>\n\n\n\n<p class=\"wp-block-paragraph\">Francisco Jos\u00e9 Gan Pampols va ingressar en 1975 en l\u2019Acad\u00e8mia General Militar (Saragossa) i durant la seua carrera ha anat ascendint de grau fins a tinent general en 2016. En l\u2019actualitat es troba en situaci\u00f3 de retir per haver complit l\u2019edat reglament\u00e0ria. Va n\u00e0ixer a Figueres l\u2019any 1958.<\/p>\n\n\n\n<p class=\"wp-block-paragraph\">Entre les seues moltes responsabilitats en l\u2019\u00e0mbit militar destaquen, entre altres, la seua designaci\u00f3 en 2009 com a director de l\u2019Acad\u00e8mia General Militar, c\u00e0rrec que va exercir fins a mar\u00e7 de 2013. En mar\u00e7 de 2013 va ser nomenat assessor del 2n cap de l\u2019Estat Major de l\u2019Ex\u00e8rcit, romanent en este lloc fins a maig d\u2019eixe any. En maig de 2013, \u00e9s nomenat director del Centre d\u2019Intel\u00b7lig\u00e8ncia de les Forces Armades i en desembre de 2016 ascendix a tinent general, i ha estat en el c\u00e0rrec fins a maig de 2017, data en la qual \u00e9s nomenat general cap de la Caserna General Terrestre d\u2019Alta Disponibilitat.<\/p>\n\n\n\n<p class=\"wp-block-paragraph\">Gan Pampols suma nombroses operacions i missions de manteniment de la pau en diferents pa\u00efsos. De fet, va participar en 1995 com a cap d\u2019operacions de l\u2019AGT \u2018Arag\u00f3\u2019 en la Missi\u00f3 de Nacions Unides a B\u00f2snia i Hercegovina. En 1996 va ser cap d\u2019operacions de SPABRI I com a membre d\u2019OTAN a B\u00f2snia i Hercegovina. En els anys 2000-2001 s\u2019incorpora com a cap d\u2019Estat Major Operatiu de la Brigada Multinacional Oest a Kosovo i en 2007 \u00e9s nomenat cap de l\u2019equip de Reconstrucci\u00f3 Provincial a Quala e Naw (l\u2019Afganistan).<\/p>\n\n\n\n<p class=\"wp-block-paragraph\">El tinent general Gan Pampols \u00e9s llicenciat en Ci\u00e8ncies Pol\u00edtiques i Sociologia per la UNED, i doctor honoris causa per la Universitat Cat\u00f2lica de Val\u00e8ncia; tamb\u00e9 \u00e9s membre del C\u00edrculo C\u00edvico de Opini\u00f3n.<\/p>\n\n\n\n<p class=\"wp-block-paragraph\">A m\u00e9s, est\u00e0 en possessi\u00f3 de diverses condecoracions civils i militars; entre estes figuren la Gran Creu del M\u00e8rit Militar, la Gran Creu de l\u2019Orde del M\u00e8rit de la Gu\u00e0rdia Civil i la Real i Militar Orde de Sant Hermenegild, aix\u00ed com altres deu creus blanques al m\u00e8rit militar.<\/p>\n","protected":false},"excerpt":{"rendered":"<div class=\"mh-excerpt\">Entre les seues funcions s\u2019inclouran el disseny d\u2019un pla de recuperaci\u00f3 i coordinar\u00e0 les labors de reconstrucci\u00f3 i normalitzaci\u00f3 econ\u00f2mica i social de la prov\u00edncia de Val\u00e8ncia. Presidir\u00e0 la comissi\u00f3 interdepartamental que coordinar\u00e0 tots els <a class=\"mh-excerpt-more\" href=\"https:\/\/tucomarca.whitekongsoftware.com\/ca\/el-tinent-general-francisco-jose-gan-pampols-assumira-la-vicepresidencia-per-a-la-recuperacio-economica-i-social\/\" title=\"El tinent general Francisco Jos\u00e9 Gan Pampols assumir\u00e0 la Vicepresid\u00e8ncia per a la Recuperaci\u00f3 Econ\u00f2mica i Social\">[+] <\/a><\/div>\n","protected":false},"author":12,"featured_media":245845,"comment_status":"open","ping_status":"open","sticky":false,"template":"","format":"standard","meta":{"footnotes":""},"categories":[21466,10898,10948,10894,10904,10903,10947,10896,10897],"tags":[15409,21600,11498,21601],"class_list":["post-245847","post","type-post","status-publish","format-standard","has-post-thumbnail","category-dana-ca","category-ventana-ca","category-infraestructuras-ca","category-la-comarca-ca","category-sin-categorizar-ca","category-medio-ambiente-la-comarca-ca","category-politica","category-seccion-ca","category-sucesos-la-comarca-ca","tag-dana-2-ca","tag-francisco-jose-gan-pampols-ca","tag-generalitat-valenciana-ca","tag-vicepresidencia-para-la-recuperacion-economica-y-social-ca"],"_links":{"self":[{"href":"https:\/\/tucomarca.whitekongsoftware.com\/ca\/wp-json\/wp\/v2\/posts\/245847","targetHints":{"allow":["GET"]}}],"collection":[{"href":"https:\/\/tucomarca.whitekongsoftware.com\/ca\/wp-json\/wp\/v2\/posts"}],"about":[{"href":"https:\/\/tucomarca.whitekongsoftware.com\/ca\/wp-json\/wp\/v2\/types\/post"}],"author":[{"embeddable":true,"href":"https:\/\/tucomarca.whitekongsoftware.com\/ca\/wp-json\/wp\/v2\/users\/12"}],"replies":[{"embeddable":true,"href":"https:\/\/tucomarca.whitekongsoftware.com\/ca\/wp-json\/wp\/v2\/comments?post=245847"}],"version-history":[{"count":0,"href":"https:\/\/tucomarca.whitekongsoftware.com\/ca\/wp-json\/wp\/v2\/posts\/245847\/revisions"}],"wp:featuredmedia":[{"embeddable":true,"href":"https:\/\/tucomarca.whitekongsoftware.com\/ca\/wp-json\/wp\/v2\/media\/245845"}],"wp:attachment":[{"href":"https:\/\/tucomarca.whitekongsoftware.com\/ca\/wp-json\/wp\/v2\/media?parent=245847"}],"wp:term":[{"taxonomy":"category","embeddable":true,"href":"https:\/\/tucomarca.whitekongsoftware.com\/ca\/wp-json\/wp\/v2\/categories?post=245847"},{"taxonomy":"post_tag","embeddable":true,"href":"https:\/\/tucomarca.whitekongsoftware.com\/ca\/wp-json\/wp\/v2\/tags?post=245847"}],"curies":[{"name":"wp","href":"https:\/\/api.w.org\/{rel}","templated":true}]}}