{"id":245832,"date":"2024-11-20T08:00:00","date_gmt":"2024-11-20T06:00:00","guid":{"rendered":"https:\/\/www.tucomarca.com\/wordpress\/segunda\/?p=245832"},"modified":"2024-11-20T13:06:41","modified_gmt":"2024-11-20T11:06:41","slug":"les-bambolles-de-la-solidaritat-arriben-des-de-requena-al-mercat-de-colon-de-valencia","status":"publish","type":"post","link":"https:\/\/tucomarca.whitekongsoftware.com\/ca\/les-bambolles-de-la-solidaritat-arriben-des-de-requena-al-mercat-de-colon-de-valencia\/","title":{"rendered":"Les Bambolles de la Solidaritat arriben des de Requena al Mercat de Col\u00f3n de Val\u00e8ncia"},"content":{"rendered":"\n<h3 class=\"wp-block-heading\">L&#8217;esdeveniment se celebra aquest dissabte 23 de novembre de 12 a 15 i de 19 a 22 hores. La recaptaci\u00f3 \u00edntegra de l&#8217;esdeveniment anir\u00e0 destinada a ajudar als afectats per la DANA a trav\u00e9s de Casa Caridad.<\/h3>\n\n\n<div class=\"wp-block-image\">\n<figure class=\"alignleft size-large is-resized\"><img loading=\"lazy\" decoding=\"async\" width=\"817\" height=\"1024\" src=\"https:\/\/www.tucomarca.com\/wordpress\/segunda\/wp-content\/uploads\/2024\/11\/cartel-BurbujasSolidarias-817x1024.jpg\" alt=\"\" class=\"wp-image-245825\" style=\"width:429px;height:auto\" srcset=\"https:\/\/tucomarca.whitekongsoftware.com\/wp-content\/uploads\/2024\/11\/cartel-BurbujasSolidarias-817x1024.jpg 817w, https:\/\/tucomarca.whitekongsoftware.com\/wp-content\/uploads\/2024\/11\/cartel-BurbujasSolidarias-239x300.jpg 239w, https:\/\/tucomarca.whitekongsoftware.com\/wp-content\/uploads\/2024\/11\/cartel-BurbujasSolidarias-768x963.jpg 768w, https:\/\/tucomarca.whitekongsoftware.com\/wp-content\/uploads\/2024\/11\/cartel-BurbujasSolidarias-1225x1536.jpg 1225w, https:\/\/tucomarca.whitekongsoftware.com\/wp-content\/uploads\/2024\/11\/cartel-BurbujasSolidarias-1633x2048.jpg 1633w, https:\/\/tucomarca.whitekongsoftware.com\/wp-content\/uploads\/2024\/11\/cartel-BurbujasSolidarias-scaled.jpg 2041w\" sizes=\"auto, (max-width: 817px) 100vw, 817px\" \/><\/figure>\n<\/div>\n\n\n<p class=\"wp-block-paragraph\">El passat 29 d&#8217;octubre ens va canviar la vida a tots els valencians. Les bambolles s\u00f3n normalment sin\u00f2nim de felicitat. De bons moments envoltats de sers estimats. S\u00f3n presents en totes les celebracions. Si hi ha unes bambolles aut\u00f2ctones de les quals tots ens sentim orgullosos eixes s\u00f3n les del Cava de Requena. L&#8217;Associaci\u00f3 d&#8217;Elaboradors de Cava de Requena, composta per set cellers (Caves Marevia, Covi\u00f1as, Barraques Carrascal, Domini de la Vega, Hisp\u00e0+Su\u00efsses, Pagament de Tharsys i Torre Oria), haguera de celebrar el pen\u00faltim cap de setmana de novembre la desena edici\u00f3 de la seua tradicional Fira del Cava Valenci\u00e0 en el Mercat de Col\u00f3n. Per\u00f2 els cellers tenen el cor encongit, perqu\u00e8 a m\u00e9s d&#8217;haver patit directament els efectes de la DANA que ha sacsejat durament la comarca en qu\u00e8 s&#8217;instal\u00b7len aquestes signatures, l&#8217;ocorregut a la prov\u00edncia de Val\u00e8ncia el passat 29 d&#8217;octubre amb la devastadora DANA ha canviat for\u00e7osament l&#8217;enfocament de l&#8217;acci\u00f3. La felicitat deixa passe a la solidaritat. Aix\u00ed, els elaboradors valencians volen col\u00b7laborar a pal\u00b7liar els seus devastadors efectes amb un esdeveniment solidari en el qual tota la recaptaci\u00f3 de tiquets de degustacions ser\u00e0 destinada de manera directa als afectats a trav\u00e9s de Casa de la Caritat.<\/p>\n\n\n\n<p class=\"wp-block-paragraph\">L&#8217;escenari ser\u00e0 tamb\u00e9 el Mercat de Col\u00f3n de Val\u00e8ncia. La data, el dissabte 23 de novembre en dues sessions: de 12 a 15h i de 19 a 22h. L&#8217;esdeveniment funcionar\u00e0 mitjan\u00e7ant el tradicional sistema de tiquets que \u00fanicament podran adquirir-se eixe dia en el Mercat de Col\u00f3n. Seran 20 euros que donaran dret a 4 degustacions, dues de cava de guarda i dos de cava premium. Els caves estaran acompanyats de la gastronomia que oferisquen els mercaders i restauradors del Mercat de Col\u00f3n: Mart\u00edn&amp;Mary, Suc de Lluna, Les Cerveses del Mercat, Pantal\u00e0 5, El meu Cub, Down, Casa de la Orxata i Dt. Khin. L&#8217;Associaci\u00f3 de Comerciants del Mercat de Col\u00f3n destinar\u00e0 tot el recaptat de les tapes, pinchos i montaditos al Mercat d&#8217;Aldaia juntament amb l&#8217;aportaci\u00f3 econ\u00f2mica de l&#8217;establiment \u2018Vins i Flores\u2019.<\/p>\n\n\n\n<p class=\"wp-block-paragraph\">L&#8217;Associaci\u00f3 d&#8217;Elaboradors de Cava crear\u00e0 tamb\u00e9 una Fila Zero, \u201cBrindis des de la Dist\u00e0ncia\u201d, perqu\u00e8 tots aquells que ho desitgen puguen col\u00b7laborar amb donatius a partir de 20 euros i reben una botella de cava de l&#8217;Associaci\u00f3 indicant en el concepte de la transfer\u00e8ncia un n\u00famero de contacte per a generar l&#8217;enviament.&nbsp;<\/p>\n\n\n\n<p class=\"wp-block-paragraph\">D&#8217;aquesta manera els cellers que elaboren les bambolles valencianes posaran el millor que saben fer, els seus excepcionals caves, perqu\u00e8 la societat valenciana puga bolcar-se amb aquesta altruista fi, en una fusi\u00f3 de solidaritat que des de l&#8217;Associaci\u00f3 d&#8217;Elaboradors de Cava de Requena esperen que servisca per a posar el seu xicotet gra d&#8217;arena en l&#8217;ardu treball de la reconstrucci\u00f3 de les poblacions afectades.<\/p>\n\n\n\n<p class=\"wp-block-paragraph\">Bambolles de Solidaritat compta amb el suport de Aumsa, que cedeix de manera gratu\u00efta\u00a0 el Mercat de Col\u00f3n i oferir\u00e0 tot el suport log\u00edstic necessari per als cellers, aix\u00ed com Cajamar, BMW Marcos Automoci\u00f3n, Ajuntament de Requena, Casa de la Caritat, Ajuntament de Val\u00e8ncia i la Conselleria d&#8217;Agricultura, que s&#8217;han bolcat amb els cavistes de Requena per a portar avant aquest esdeveniment solidari. Informa, <strong>Luis Ib\u00e1\u00f1ez<\/strong>.<\/p>\n","protected":false},"excerpt":{"rendered":"<div class=\"mh-excerpt\">L&#8217;esdeveniment se celebra aquest dissabte 23 de novembre de 12 a 15 i de 19 a 22 hores. La recaptaci\u00f3 \u00edntegra de l&#8217;esdeveniment anir\u00e0 destinada a ajudar als afectats per la DANA a trav\u00e9s de <a class=\"mh-excerpt-more\" href=\"https:\/\/tucomarca.whitekongsoftware.com\/ca\/les-bambolles-de-la-solidaritat-arriben-des-de-requena-al-mercat-de-colon-de-valencia\/\" title=\"Les Bambolles de la Solidaritat arriben des de Requena al Mercat de Col\u00f3n de Val\u00e8ncia\">[+] <\/a><\/div>\n","protected":false},"author":13,"featured_media":245824,"comment_status":"open","ping_status":"open","sticky":false,"template":"","format":"standard","meta":{"footnotes":""},"categories":[11006,21466,10894,10904,11007,10908,10909,10896,10897],"tags":[21075,15409,11199,15856,11099,10910],"class_list":["post-245832","post","type-post","status-publish","format-standard","has-post-thumbnail","category-canal-vinos","category-dana-ca","category-la-comarca-ca","category-sin-categorizar-ca","category-ocio-y-cultura-ca","category-requena-ca","category-requena-utiel-ca","category-seccion-ca","category-sucesos-la-comarca-ca","tag-canal-vinos-ca","tag-dana-2-ca","tag-la-comunitat-ca","tag-ocio-y-cultura-ca","tag-requena-ca","tag-requena-utiel-ca"],"_links":{"self":[{"href":"https:\/\/tucomarca.whitekongsoftware.com\/ca\/wp-json\/wp\/v2\/posts\/245832","targetHints":{"allow":["GET"]}}],"collection":[{"href":"https:\/\/tucomarca.whitekongsoftware.com\/ca\/wp-json\/wp\/v2\/posts"}],"about":[{"href":"https:\/\/tucomarca.whitekongsoftware.com\/ca\/wp-json\/wp\/v2\/types\/post"}],"author":[{"embeddable":true,"href":"https:\/\/tucomarca.whitekongsoftware.com\/ca\/wp-json\/wp\/v2\/users\/13"}],"replies":[{"embeddable":true,"href":"https:\/\/tucomarca.whitekongsoftware.com\/ca\/wp-json\/wp\/v2\/comments?post=245832"}],"version-history":[{"count":0,"href":"https:\/\/tucomarca.whitekongsoftware.com\/ca\/wp-json\/wp\/v2\/posts\/245832\/revisions"}],"wp:featuredmedia":[{"embeddable":true,"href":"https:\/\/tucomarca.whitekongsoftware.com\/ca\/wp-json\/wp\/v2\/media\/245824"}],"wp:attachment":[{"href":"https:\/\/tucomarca.whitekongsoftware.com\/ca\/wp-json\/wp\/v2\/media?parent=245832"}],"wp:term":[{"taxonomy":"category","embeddable":true,"href":"https:\/\/tucomarca.whitekongsoftware.com\/ca\/wp-json\/wp\/v2\/categories?post=245832"},{"taxonomy":"post_tag","embeddable":true,"href":"https:\/\/tucomarca.whitekongsoftware.com\/ca\/wp-json\/wp\/v2\/tags?post=245832"}],"curies":[{"name":"wp","href":"https:\/\/api.w.org\/{rel}","templated":true}]}}