{"id":245812,"date":"2024-11-20T09:00:00","date_gmt":"2024-11-20T07:00:00","guid":{"rendered":"https:\/\/www.tucomarca.com\/wordpress\/segunda\/?p=245812"},"modified":"2024-11-20T12:58:54","modified_gmt":"2024-11-20T10:58:54","slug":"el-general-de-brigada-de-lexercit-de-terra-venancio-aguado-ocupara-la-secretaria-autonomica-del-gabinet-del-vicepresident-per-a-la-recuperacio-economica-i-social","status":"publish","type":"post","link":"https:\/\/tucomarca.whitekongsoftware.com\/ca\/el-general-de-brigada-de-lexercit-de-terra-venancio-aguado-ocupara-la-secretaria-autonomica-del-gabinet-del-vicepresident-per-a-la-recuperacio-economica-i-social\/","title":{"rendered":"El general de brigada de l\u2019Ex\u00e8rcit de Terra, Venancio Aguado, ocupar\u00e0 la Secretaria Auton\u00f2mica del gabinet del vicepresident per a la Recuperaci\u00f3 Econ\u00f2mica i Social"},"content":{"rendered":"\n<h3 class=\"wp-block-heading\">Acompanyar\u00e0 el tinent general de l\u2019Ex\u00e8rcit de Terra, Francisco Jos\u00e9 Gan Pampols, en la coordinaci\u00f3 de les actuacions que impulsa la Generalitat per a la reconstrucci\u00f3 de les zones de la prov\u00edncia de Val\u00e8ncia afectades per la riuada del 29 d\u2019octubre.<\/h3>\n\n\n\n<p class=\"wp-block-paragraph\">El general de brigada de l\u2019Ex\u00e8rcit de Terra, Venancio Aguado de Diego, ocupar\u00e0 la Secretaria Auton\u00f2mica del gabinet del vicepresident per a la Recuperaci\u00f3 Econ\u00f2mica i Social de la Comunitat Valenciana.<\/p>\n\n\n\n<p class=\"wp-block-paragraph\">Aguado de Diego, que va passar a la reserva en mar\u00e7 de 2020, s\u2019incorporar\u00e0 al departament encap\u00e7alat pel tinent general de l\u2019Ex\u00e8rcit de Terra, Francisco Jos\u00e9 Gan Pampols, encarregat de coordinar les actuacions del Consell per a la reconstrucci\u00f3 de les zones de la prov\u00edncia de Val\u00e8ncia afectades per la riuada del 29 d\u2019octubre.<\/p>\n\n\n\n<p class=\"wp-block-paragraph\">Venancio Aguado va n\u00e0ixer en 1961 i pertany a la XL promoci\u00f3 de l\u2019Acad\u00e8mia General Militar, i va ser promogut a tinent d\u2019infanteria en juliol de 1985.<\/p>\n\n\n\n<p class=\"wp-block-paragraph\">\u00c9s diplomat en el Comandament de Tropes de Muntanya i va ocupar destinaci\u00f3 en diferents unitats d\u2019esta especialitat a Jaca, Sant Sebasti\u00e0 i Pamplona.<\/p>\n\n\n\n<p class=\"wp-block-paragraph\">Superat el curs d\u2019Estat Major i en l\u2019\u00fas de comandant, presta els seus servicis en la Caserna General de la Brigada de Muntanya. En 2005 \u00e9s ascendit a tinent coronel i destinat a la Divisi\u00f3 d\u2019Operacions de l\u2019Estat Major de l\u2019Ex\u00e8rcit, i va ser nomenat posteriorment cap de l\u2019Estat Major de la Brigada de Ca\u00e7adors de Muntanya.<\/p>\n\n\n\n<p class=\"wp-block-paragraph\">Despr\u00e9s del seu pas per la Caserna General de Forces Lleugeres, ascendix a coronel en 2012, i va exercir el comandament del regiment Garellano 45 a Biscaia i la Direcci\u00f3 d\u2019Estat Major del Centre d\u2019Intel\u00b7lig\u00e8ncia de les Forces Armades. En 2016 \u00e9s nomenat General de Brigada i assum\u00ed el comandament de la brigada operativa \u2018Can\u00e0ries\u2019.<\/p>\n\n\n\n<p class=\"wp-block-paragraph\">Ha estat desplegat en les missions de l\u2019OTAN a Kosovo, com a cap d\u2019Operacions de l\u2019AGT Arag\u00f3 i a l\u2019Afganistan, en la secci\u00f3 d\u2019Operacions Futures de la Brigada Multinacional de la Regi\u00f3 W. En 2017 va exercir el comandament del sector Est de la missi\u00f3 de Nacions Unides al L\u00edban.<\/p>\n\n\n\n<p class=\"wp-block-paragraph\">Est\u00e0 en possessi\u00f3, entre altres condecoracions i reconeixements, de la Gran Creu del M\u00e8rit Militar, de la Gran Creu de l\u2019Orde de Sant Hermenegild, de l\u2019Orde de M\u00e8rit de la Rep\u00fablica Libanesa i de huit creus al M\u00e8rit Militar, la Creu de M\u00e8rit de la Gu\u00e0rdia Civil i la Creu al M\u00e8rit Policial.<\/p>\n","protected":false},"excerpt":{"rendered":"<div class=\"mh-excerpt\">Acompanyar\u00e0 el tinent general de l\u2019Ex\u00e8rcit de Terra, Francisco Jos\u00e9 Gan Pampols, en la coordinaci\u00f3 de les actuacions que impulsa la Generalitat per a la reconstrucci\u00f3 de les zones de la prov\u00edncia de Val\u00e8ncia afectades <a class=\"mh-excerpt-more\" href=\"https:\/\/tucomarca.whitekongsoftware.com\/ca\/el-general-de-brigada-de-lexercit-de-terra-venancio-aguado-ocupara-la-secretaria-autonomica-del-gabinet-del-vicepresident-per-a-la-recuperacio-economica-i-social\/\" title=\"El general de brigada de l\u2019Ex\u00e8rcit de Terra, Venancio Aguado, ocupar\u00e0 la Secretaria Auton\u00f2mica del gabinet del vicepresident per a la Recuperaci\u00f3 Econ\u00f2mica i Social\">[+] <\/a><\/div>\n","protected":false},"author":12,"featured_media":245811,"comment_status":"open","ping_status":"open","sticky":false,"template":"","format":"standard","meta":{"footnotes":""},"categories":[21466,10898,10948,10894,10904,10947,10896,10897],"tags":[15409,11498,21592,21593],"class_list":["post-245812","post","type-post","status-publish","format-standard","has-post-thumbnail","category-dana-ca","category-ventana-ca","category-infraestructuras-ca","category-la-comarca-ca","category-sin-categorizar-ca","category-politica","category-seccion-ca","category-sucesos-la-comarca-ca","tag-dana-2-ca","tag-generalitat-valenciana-ca","tag-secretaria-autonomica-para-la-recuperacion-economical-y-social-ca","tag-venancio-aguado-ca"],"_links":{"self":[{"href":"https:\/\/tucomarca.whitekongsoftware.com\/ca\/wp-json\/wp\/v2\/posts\/245812","targetHints":{"allow":["GET"]}}],"collection":[{"href":"https:\/\/tucomarca.whitekongsoftware.com\/ca\/wp-json\/wp\/v2\/posts"}],"about":[{"href":"https:\/\/tucomarca.whitekongsoftware.com\/ca\/wp-json\/wp\/v2\/types\/post"}],"author":[{"embeddable":true,"href":"https:\/\/tucomarca.whitekongsoftware.com\/ca\/wp-json\/wp\/v2\/users\/12"}],"replies":[{"embeddable":true,"href":"https:\/\/tucomarca.whitekongsoftware.com\/ca\/wp-json\/wp\/v2\/comments?post=245812"}],"version-history":[{"count":0,"href":"https:\/\/tucomarca.whitekongsoftware.com\/ca\/wp-json\/wp\/v2\/posts\/245812\/revisions"}],"wp:featuredmedia":[{"embeddable":true,"href":"https:\/\/tucomarca.whitekongsoftware.com\/ca\/wp-json\/wp\/v2\/media\/245811"}],"wp:attachment":[{"href":"https:\/\/tucomarca.whitekongsoftware.com\/ca\/wp-json\/wp\/v2\/media?parent=245812"}],"wp:term":[{"taxonomy":"category","embeddable":true,"href":"https:\/\/tucomarca.whitekongsoftware.com\/ca\/wp-json\/wp\/v2\/categories?post=245812"},{"taxonomy":"post_tag","embeddable":true,"href":"https:\/\/tucomarca.whitekongsoftware.com\/ca\/wp-json\/wp\/v2\/tags?post=245812"}],"curies":[{"name":"wp","href":"https:\/\/api.w.org\/{rel}","templated":true}]}}