{"id":245513,"date":"2024-11-18T08:33:00","date_gmt":"2024-11-18T06:33:00","guid":{"rendered":"https:\/\/www.tucomarca.com\/wordpress\/segunda\/?p=245513"},"modified":"2024-11-18T20:17:19","modified_gmt":"2024-11-18T18:17:19","slug":"el-ple-de-xest-dona-llum-verda-al-projecte-de-millora-de-la-canalitzacio-daigues-pluvials-i-als-tramits-previs-a-la-licitacio-de-la-gestio-esportiva-municipal","status":"publish","type":"post","link":"https:\/\/tucomarca.whitekongsoftware.com\/ca\/el-ple-de-xest-dona-llum-verda-al-projecte-de-millora-de-la-canalitzacio-daigues-pluvials-i-als-tramits-previs-a-la-licitacio-de-la-gestio-esportiva-municipal\/","title":{"rendered":"El ple de Xest dona llum verda al projecte de millora de la canalitzaci\u00f3 d&#8217;aig\u00fces pluvials i als tr\u00e0mits previs a la licitaci\u00f3 de la gesti\u00f3 esportiva municipal"},"content":{"rendered":"\n<p class=\"wp-block-paragraph\">El ple de Xest va celebrar una sessi\u00f3 extraordin\u00e0ria i urgent, davant la impossibilitat de celebraci\u00f3 de la sessi\u00f3 ordin\u00e0ria d&#8217;octubre, a causa de la DANA, aquest passat divendres, 15 de novembre. Entre altres temes es van abordar:<\/p>\n\n\n\n<p class=\"wp-block-paragraph\"><strong>Gesti\u00f3 esportiva municipal<\/strong><\/p>\n\n\n\n<p class=\"wp-block-paragraph\">En primer lloc, el ple va aprovar per unanimitat els punts de l&#8217;ordre del dia necessaris per a poder licitar el model de gesti\u00f3 esportiva municipal. D&#8217;una banda, es va donar llum verda a l&#8217;ordenan\u00e7a fiscal que regula les taxes dels actes esportius, culturals i festius, i per una altra, es va aprovar el primer reglament d&#8217;\u00fas i funcionament de les instal\u00b7lacions esportives municipals.<\/p>\n\n\n\n<p class=\"wp-block-paragraph\">&nbsp;\u201cVist que el model anterior de gesti\u00f3 esportiva municipal no ha generat els resultats&nbsp; que esper\u00e0vem, hem decidit canviar el seu funcionament licitant el servei, ja que pensem que \u00e9s una forma transparent i molt m\u00e9s efectiva de portar el tema de les escoles esportives municipals, que tant de temps portem intentant millorar\u201d, explicava el regidor d&#8217;Esports, Adri\u00e1n Tar\u00edn. &#8220;En primer lloc, perqu\u00e8 la licitaci\u00f3 es puga fer l&#8217;any que ve s\u00f3n necessaris els plecs i, per a aix\u00f2, cal actualitzar els preus de l&#8217;ordenan\u00e7a fiscal. D&#8217;altra banda, el nou reglament d&#8217;\u00fas de la instal\u00b7lacions esportives ens permetr\u00e0 evitar l&#8217;\u00fas indegut d&#8217;aquestes, i amb les noves bases per a la concessi\u00f3 de les subvencions esportives, els esportistes que representen a Xest rebran les ajudes d&#8217;una forma equitativa i transparent. \u00c9s un canvi radical i necessari, per\u00f2 per a dur-lo a terme ha fet falta temps; ara ja est\u00e0 fet i l&#8217;objectiu \u00e9s poder licitar el servei perqu\u00e8 estiga llest de cara al curs escolar esportiu de l&#8217;any que ve\u201d.<\/p>\n\n\n\n<p class=\"wp-block-paragraph\">Per part seua, l&#8217;alcalde de Xest, Jos\u00e9 Morell, va incidir en la import\u00e0ncia de regular el model de gesti\u00f3 esportiva municipal: \u201cEs tracta d&#8217;un pas important per a equilibrar els salaris dels monitors i evitar retards en els pagaments\u201d, apuntava Morell.<\/p>\n\n\n\n<p class=\"wp-block-paragraph\">Des de l&#8217;oposici\u00f3, el portaveu del PP, Enrique Peinado, va justificar el vot a favor del seu grup argumentant la necess\u00e0ria revisi\u00f3 i actualitzaci\u00f3 d&#8217;ordenances i proposant l&#8217;augment de la subvenci\u00f3 a les persones esportistes en el futur. \u201cRespecte al reglament, ens hauria agradat aportar idees, per\u00f2 no se&#8217;ns ha obert eixa porta\u201d, postil\u00b7lava Pentinat.<\/p>\n\n\n\n<p class=\"wp-block-paragraph\"><strong>Bonificacions en els actes municipals<\/strong><\/p>\n\n\n\n<p class=\"wp-block-paragraph\">La regidora d&#8217;Hisenda, M\u00aa \u00c1ngeles Llorente, va explicar tamb\u00e9 que en la nova ordenan\u00e7a fiscal que regula les taxes dels actes esportius, culturals i festius, s&#8217;han introdu\u00eft canvis en les bonificacions. \u201cS&#8217;han contemplat bonificacions per tindre Carnet Jove o per tindre entre 12 i 17 anys, hi ha bonificacions per diversitat funcional, fam\u00edlia nombrosa, fam\u00edlia monoparental, fam\u00edlia acollidora i per a pensionistes i jubilats; encara que no s\u00f3n les mateixes en l&#8217;\u00e0mbit esportiu que en cultural\u201d, explicava Llorente.<\/p>\n\n\n\n<p class=\"wp-block-paragraph\"><strong>Canalitzaci\u00f3 d&#8217;aig\u00fces pluvials<\/strong><\/p>\n\n\n\n<p class=\"wp-block-paragraph\">El ple tamb\u00e9 va aprovar, amb tots els vots a favor, el projecte i la licitaci\u00f3 de les obres d&#8217;ampliaci\u00f3 del sistema d&#8217;evacuaci\u00f3 d&#8217;aig\u00fces pluvials i la remodelaci\u00f3 del carrer Llorer, que va explicar detalladament l&#8217;alcalde.<\/p>\n\n\n\n<p class=\"wp-block-paragraph\">\u201cEn els \u00faltims anys, l&#8217;augment dels episodis de pluges torrencials i la menor capacitat d&#8217;absorci\u00f3 de la terra, a causa de la urbanitzaci\u00f3 en el pol\u00edgon Pi Blay, est\u00e0 provocant que el barranquico Silleta, que \u00e9s la columna vertebral de l&#8217;evacuaci\u00f3 de les aig\u00fces pluvials del nostre poble, s&#8217;estiga convertint en un problema, no sols per als ve\u00efns del carrer Llorer, si no tamb\u00e9 per als de l&#8217;avinguda Castella\u201d, explicava Morell. \u201cEn el marc del Pla d&#8217;inundacions que encarreguem a Egevasa es van realitzar la primera i la segona fase de remodelaci\u00f3 de pluvials, amb la duplicaci\u00f3 de l&#8217;eixida del barranc Silleta, amb una nova canalitzaci\u00f3 pel Carrer Malpich que vam fer amb una subvenci\u00f3 de Diputaci\u00f3. Com \u00e9s evident que no \u00e9s suficient, hem d&#8217;abordar una tercera fase de remodelaci\u00f3 de pluvials, que t\u00e9 un valor de 1,2 milions d&#8217;euros, i per a fer front a la inversi\u00f3 ens ha eixit l&#8217;oportunitat de sumar-nos al Pla Obert de Diputaci\u00f3, que ofereix una subvenci\u00f3 de 800.000 euros, disponible durant quatre anys, amb la qual podrem evitar problemes administratius; la segona part es finan\u00e7ar\u00e0 amb el que paguem tots els chestanos en el rebut de l&#8217;aigua per a inversions\u201d.<\/p>\n\n\n\n<p class=\"wp-block-paragraph\">Tal com va explicar l&#8217;alcalde, s&#8217;espera que les obres puguen comen\u00e7ar a l&#8217;inici de l&#8217;any,&nbsp; encara que a causa de l&#8217;elevat cost del contracte els terminis per a l&#8217;adjudicaci\u00f3 s\u00f3n m\u00e9s llargs.&nbsp; Respecte al pla d&#8217;obra, Morell va afirmar que el personal t\u00e8cnic ha establit la seua execuci\u00f3 per trams de 70 metres, per a minimitzar les mol\u00e8sties, i que es convocaran reunions amb el ve\u00efnat afectat quan ja estiga adjudicat el contracte.<\/p>\n\n\n\n<p class=\"wp-block-paragraph\">El punt es va aprovar amb els vots a favor de PSOE i IU i el PP va justificar la seua abstenci\u00f3 davant la falta d&#8217;informaci\u00f3 oferida al seu grup respecte a aquest tema.<\/p>\n\n\n\n<p class=\"wp-block-paragraph\"><strong>Pla General Estructural (PGE)<\/strong><\/p>\n\n\n\n<p class=\"wp-block-paragraph\">D&#8217;altra banda, durant la sessi\u00f3 plen\u00e0ria es va ratificar la resoluci\u00f3 de l&#8217;al\u00b7legaci\u00f3 presentada per Pavasal al Pla General Estructural provisional de Xest.&nbsp;<\/p>\n\n\n\n<p class=\"wp-block-paragraph\">\u201cPavasal, en relaci\u00f3 a l&#8217;aprovaci\u00f3 provisional del Pla General que es va fer el mes d&#8217;agost, considerava que la regulaci\u00f3 que hav\u00edem posat de l&#8217;activitat de la pedrera perjudicava els seus interessos; sobre aquest tema, van presentar un recurs ben fonamentat en el qual es proposaven tres alternatives per a la regulaci\u00f3 de l&#8217;acc\u00e9s a activitat en eixe s\u00f2l, i hem agafat una d&#8217;elles, que permet que les activitats que ja estaven autoritzades es puguen continuar desenvolupant. Amb aix\u00f2, en el cas de ser aprovada la resoluci\u00f3 del recurs, tornarem a enviar tota la documentaci\u00f3 de l&#8217;aprovaci\u00f3 provisional del Pla General, retocada, i llavors estarem en fase d&#8217;aprovaci\u00f3 definitiva del Pla, que ja \u00e9s una tramitaci\u00f3 de la Generalitat\u201d, explicava l&#8217;alcalde.<\/p>\n\n\n\n<p class=\"wp-block-paragraph\"><strong>Compta general i subvencions<\/strong><\/p>\n\n\n\n<p class=\"wp-block-paragraph\">Entre els punts del ple tamb\u00e9 es va contemplar l&#8217;aprovaci\u00f3 definitiva del Compte General 2023, despr\u00e9s de la finalitzaci\u00f3 del per\u00edode d&#8217;al\u00b7legacions, amb l&#8217;abstenci\u00f3 del PP; i la modificaci\u00f3 de l&#8217;annex de subvencions per a destinar a l&#8217;Associaci\u00f3 de monitors de les Escoles Esportives Municipals 37.000 euros per a pal\u00b7liar la possible p\u00e8rdua de patrocinis, a causa de la DANA, i retornar a les fam\u00edlies la quota corresponent a la quinzena en la qual no hi ha hagut activitats esportives, pel mateix motiu. Aquest \u00faltim punt es va aprovar per unanimitat.<\/p>\n","protected":false},"excerpt":{"rendered":"<div class=\"mh-excerpt\">El ple de Xest va celebrar una sessi\u00f3 extraordin\u00e0ria i urgent, davant la impossibilitat de celebraci\u00f3 de la sessi\u00f3 ordin\u00e0ria d&#8217;octubre, a causa de la DANA, aquest passat divendres, 15 de novembre. Entre altres temes <a class=\"mh-excerpt-more\" href=\"https:\/\/tucomarca.whitekongsoftware.com\/ca\/el-ple-de-xest-dona-llum-verda-al-projecte-de-millora-de-la-canalitzacio-daigues-pluvials-i-als-tramits-previs-a-la-licitacio-de-la-gestio-esportiva-municipal\/\" title=\"El ple de Xest dona llum verda al projecte de millora de la canalitzaci\u00f3 d&#8217;aig\u00fces pluvials i als tr\u00e0mits previs a la licitaci\u00f3 de la gesti\u00f3 esportiva municipal\">[+] <\/a><\/div>\n","protected":false},"author":13,"featured_media":245509,"comment_status":"open","ping_status":"open","sticky":false,"template":"","format":"standard","meta":{"footnotes":""},"categories":[21466,10898,10948,10894,10904,10912,10903,10947,10896,10897,10974],"tags":[11071,15409,12903,11199,10914,11140],"class_list":["post-245513","post","type-post","status-publish","format-standard","has-post-thumbnail","category-dana-ca","category-ventana-ca","category-infraestructuras-ca","category-la-comarca-ca","category-sin-categorizar-ca","category-la-hoya-ca","category-medio-ambiente-la-comarca-ca","category-politica","category-seccion-ca","category-sucesos-la-comarca-ca","category-cheste-ca","tag-cheste","tag-dana-2-ca","tag-infraestructuras-ca","tag-la-comunitat-ca","tag-la-hoya-de-bunol-chiva-ca","tag-politica-ca"],"_links":{"self":[{"href":"https:\/\/tucomarca.whitekongsoftware.com\/ca\/wp-json\/wp\/v2\/posts\/245513","targetHints":{"allow":["GET"]}}],"collection":[{"href":"https:\/\/tucomarca.whitekongsoftware.com\/ca\/wp-json\/wp\/v2\/posts"}],"about":[{"href":"https:\/\/tucomarca.whitekongsoftware.com\/ca\/wp-json\/wp\/v2\/types\/post"}],"author":[{"embeddable":true,"href":"https:\/\/tucomarca.whitekongsoftware.com\/ca\/wp-json\/wp\/v2\/users\/13"}],"replies":[{"embeddable":true,"href":"https:\/\/tucomarca.whitekongsoftware.com\/ca\/wp-json\/wp\/v2\/comments?post=245513"}],"version-history":[{"count":0,"href":"https:\/\/tucomarca.whitekongsoftware.com\/ca\/wp-json\/wp\/v2\/posts\/245513\/revisions"}],"wp:featuredmedia":[{"embeddable":true,"href":"https:\/\/tucomarca.whitekongsoftware.com\/ca\/wp-json\/wp\/v2\/media\/245509"}],"wp:attachment":[{"href":"https:\/\/tucomarca.whitekongsoftware.com\/ca\/wp-json\/wp\/v2\/media?parent=245513"}],"wp:term":[{"taxonomy":"category","embeddable":true,"href":"https:\/\/tucomarca.whitekongsoftware.com\/ca\/wp-json\/wp\/v2\/categories?post=245513"},{"taxonomy":"post_tag","embeddable":true,"href":"https:\/\/tucomarca.whitekongsoftware.com\/ca\/wp-json\/wp\/v2\/tags?post=245513"}],"curies":[{"name":"wp","href":"https:\/\/api.w.org\/{rel}","templated":true}]}}