{"id":245471,"date":"2024-11-18T10:00:00","date_gmt":"2024-11-18T08:00:00","guid":{"rendered":"https:\/\/www.tucomarca.com\/wordpress\/segunda\/?p=245471"},"modified":"2024-11-18T15:20:14","modified_gmt":"2024-11-18T13:20:14","slug":"lautobus-labora-visitara-benaguasil-per-a-acostar-els-serveis-docupacio-als-ciutadans","status":"publish","type":"post","link":"https:\/\/tucomarca.whitekongsoftware.com\/ca\/lautobus-labora-visitara-benaguasil-per-a-acostar-els-serveis-docupacio-als-ciutadans\/","title":{"rendered":"L&#8217;autob\u00fas Labora visitar\u00e0 Benaguasil per a acostar els serveis d&#8217;ocupaci\u00f3 als ciutadans"},"content":{"rendered":"\n<h3 class=\"wp-block-heading\">L&#8217;autob\u00fas m\u00f2bil estar\u00e0 aparcat els dies 25 i 26 de novembre en l&#8217;Avinguda de Montiel.<\/h3>\n\n\n\n<p class=\"wp-block-paragraph\">Els pr\u00f2xims dies 25 i 26 de novembre Benaguasil rebr\u00e0 la visita de l&#8217;autob\u00fas m\u00f2bil de Labora per a informar i assessorar la ciutadania sobre l&#8217;oferta de serveis d&#8217;ocupaci\u00f3, orientaci\u00f3 i formaci\u00f3 de Labora.<br>L&#8217;autob\u00fas se situar\u00e0 en l&#8217;Avinguda de Montiel en horari ininterromput de 10h a 17 hores i comptar\u00e0 amb alguns dels serveis d&#8217;un espai Labora convencional.<\/p>\n\n\n<div class=\"wp-block-image\">\n<figure class=\"alignleft size-large is-resized\"><img loading=\"lazy\" decoding=\"async\" width=\"725\" height=\"1024\" src=\"http:\/\/www.tucomarca.com\/wordpress\/segunda\/wp-content\/uploads\/2024\/11\/BenaguasilLabora-725x1024.jpg\" alt=\"\" class=\"wp-image-245468\" style=\"width:392px;height:auto\" srcset=\"https:\/\/tucomarca.whitekongsoftware.com\/wp-content\/uploads\/2024\/11\/BenaguasilLabora-725x1024.jpg 725w, https:\/\/tucomarca.whitekongsoftware.com\/wp-content\/uploads\/2024\/11\/BenaguasilLabora-212x300.jpg 212w, https:\/\/tucomarca.whitekongsoftware.com\/wp-content\/uploads\/2024\/11\/BenaguasilLabora-768x1085.jpg 768w, https:\/\/tucomarca.whitekongsoftware.com\/wp-content\/uploads\/2024\/11\/BenaguasilLabora.jpg 886w\" sizes=\"auto, (max-width: 725px) 100vw, 725px\" \/><\/figure>\n<\/div>\n\n\n<p class=\"wp-block-paragraph\">L&#8217;autob\u00fas se situar\u00e0 en l&#8217;Avinguda de Montiel en horari ininterromput de 10h a 17 hores i comptar\u00e0 amb alguns dels serveis d&#8217;un espai Labora convencional.<br>Les persones interessades podran acudir al lloc on est\u00e0 aparcat el bus, on personal especialitzat de Labora oferir\u00e0 ajuda a la ciutadania en relaci\u00f3 amb les diferents gestions i serveis de Labora com s\u00f3n renovar el DARDE i la cerca de formaci\u00f3 o demanda d&#8217;orientaci\u00f3, entre altres.<br>Amb aquesta iniciativa, l&#8217;Ajuntament de Benaguasil vol continuar apostant per millorar l&#8217;ocupabilitat i la formaci\u00f3 de les persones del municipi, proporcionant-los les eines necess\u00e0ries per a aix\u00f2, en el marc de l&#8217;adhesi\u00f3 al conveni de col\u00b7laboraci\u00f3 entre el consistori amb la Federaci\u00f3 Valenciana de Municipis i Prov\u00edncies (FVMP) i el Servici Valenci\u00e0 d&#8217;Ocupaci\u00f3 i Formaci\u00f3 (Labora) amb el repte de dotar a la ciutadania d&#8217;orientaci\u00f3 tant laboral com formativa.<\/p>\n","protected":false},"excerpt":{"rendered":"<div class=\"mh-excerpt\">L&#8217;autob\u00fas m\u00f2bil estar\u00e0 aparcat els dies 25 i 26 de novembre en l&#8217;Avinguda de Montiel. Els pr\u00f2xims dies 25 i 26 de novembre Benaguasil rebr\u00e0 la visita de l&#8217;autob\u00fas m\u00f2bil de Labora per a informar <a class=\"mh-excerpt-more\" href=\"https:\/\/tucomarca.whitekongsoftware.com\/ca\/lautobus-labora-visitara-benaguasil-per-a-acostar-els-serveis-docupacio-als-ciutadans\/\" title=\"L&#8217;autob\u00fas Labora visitar\u00e0 Benaguasil per a acostar els serveis d&#8217;ocupaci\u00f3 als ciutadans\">[+] <\/a><\/div>\n","protected":false},"author":12,"featured_media":245469,"comment_status":"open","ping_status":"open","sticky":false,"template":"","format":"standard","meta":{"footnotes":""},"categories":[11019,10952,10892,10948,10894,10947,10896],"tags":[21578,11136,10899],"class_list":["post-245471","post","type-post","status-publish","format-standard","has-post-thumbnail","category-agenda-ca","category-benaguasil-ca","category-camp-de-turia-ca","category-infraestructuras-ca","category-la-comarca-ca","category-politica","category-seccion-ca","tag-autobus-de-labora-ca","tag-benaguasil-ca","tag-camp-de-turia-ca"],"_links":{"self":[{"href":"https:\/\/tucomarca.whitekongsoftware.com\/ca\/wp-json\/wp\/v2\/posts\/245471","targetHints":{"allow":["GET"]}}],"collection":[{"href":"https:\/\/tucomarca.whitekongsoftware.com\/ca\/wp-json\/wp\/v2\/posts"}],"about":[{"href":"https:\/\/tucomarca.whitekongsoftware.com\/ca\/wp-json\/wp\/v2\/types\/post"}],"author":[{"embeddable":true,"href":"https:\/\/tucomarca.whitekongsoftware.com\/ca\/wp-json\/wp\/v2\/users\/12"}],"replies":[{"embeddable":true,"href":"https:\/\/tucomarca.whitekongsoftware.com\/ca\/wp-json\/wp\/v2\/comments?post=245471"}],"version-history":[{"count":0,"href":"https:\/\/tucomarca.whitekongsoftware.com\/ca\/wp-json\/wp\/v2\/posts\/245471\/revisions"}],"wp:featuredmedia":[{"embeddable":true,"href":"https:\/\/tucomarca.whitekongsoftware.com\/ca\/wp-json\/wp\/v2\/media\/245469"}],"wp:attachment":[{"href":"https:\/\/tucomarca.whitekongsoftware.com\/ca\/wp-json\/wp\/v2\/media?parent=245471"}],"wp:term":[{"taxonomy":"category","embeddable":true,"href":"https:\/\/tucomarca.whitekongsoftware.com\/ca\/wp-json\/wp\/v2\/categories?post=245471"},{"taxonomy":"post_tag","embeddable":true,"href":"https:\/\/tucomarca.whitekongsoftware.com\/ca\/wp-json\/wp\/v2\/tags?post=245471"}],"curies":[{"name":"wp","href":"https:\/\/api.w.org\/{rel}","templated":true}]}}