{"id":245450,"date":"2024-11-18T08:30:00","date_gmt":"2024-11-18T06:30:00","guid":{"rendered":"https:\/\/www.tucomarca.com\/wordpress\/segunda\/?p=245450"},"modified":"2024-11-18T12:30:21","modified_gmt":"2024-11-18T10:30:21","slug":"la-iniciativa-sos-valencia-pt-porta-des-de-portugal-a-xest-11-tones-de-productes-per-a-les-poblacions-afectades-per-la-dana","status":"publish","type":"post","link":"https:\/\/tucomarca.whitekongsoftware.com\/ca\/la-iniciativa-sos-valencia-pt-porta-des-de-portugal-a-xest-11-tones-de-productes-per-a-les-poblacions-afectades-per-la-dana\/","title":{"rendered":"La iniciativa SOS Val\u00e8ncia PT porta des de Portugal a Xest 11 tones de productes per a les poblacions afectades per la DANA\u00a0"},"content":{"rendered":"\n<p class=\"wp-block-paragraph\">Sota la iniciativa solid\u00e0ria SOS Val\u00e8ncia PT, l&#8217;Ajuntament de Xest ha rebut m\u00e9s d&#8217;11 tones de productes de primera necessitat destinats a les persones afectades per la DANA, procedents de Portugal, concretament de Porto i de Lisboa. En la donaci\u00f3 han participat m\u00e9s d&#8217;una vintena d&#8217;entitats, entre les quals es troben empreses de transport, associacions i escoles, que han aportat materials per a la neteja i protecci\u00f3, roba, aliments no peribles i productes d&#8217;higiene.&nbsp;<\/p>\n\n\n\n<p class=\"wp-block-paragraph\">Des de l&#8217;Ajuntament s&#8217;agraeix aquesta mostra de solidaritat del poble portugu\u00e9s amb el valenci\u00e0, aix\u00ed com la labor mediadora per part de la Escola Sindical de Formaci\u00f3 Melchor Botella, entre SOS Val\u00e8ncia PT i l&#8217;Ajuntament de Xest, per a aconseguir que la iniciativa s&#8217;haja dut a terme.<\/p>\n\n\n\n<p class=\"wp-block-paragraph\">La mercaderia donada estar\u00e0 emmagatzemada en el Circuit Ricardo Tormo i l&#8217;Ajuntament col\u00b7laborar\u00e0 en la seua distribuci\u00f3 a les zones afectades, posant-se en contacte amb altres ajuntaments per a oferir-los l&#8217;acc\u00e9s als productes acumulats.&nbsp;<\/p>\n\n\n\n<p class=\"wp-block-paragraph\">La persona de contacte encarregada de la coordinaci\u00f3 d&#8217;aquesta iniciativa a l&#8217;Ajuntament \u00e9s Rosa Zan\u00f3n &#8211; 653 80 65 76.<\/p>\n","protected":false},"excerpt":{"rendered":"<div class=\"mh-excerpt\">Sota la iniciativa solid\u00e0ria SOS Val\u00e8ncia PT, l&#8217;Ajuntament de Xest ha rebut m\u00e9s d&#8217;11 tones de productes de primera necessitat destinats a les persones afectades per la DANA, procedents de Portugal, concretament de Porto i <a class=\"mh-excerpt-more\" href=\"https:\/\/tucomarca.whitekongsoftware.com\/ca\/la-iniciativa-sos-valencia-pt-porta-des-de-portugal-a-xest-11-tones-de-productes-per-a-les-poblacions-afectades-per-la-dana\/\" title=\"La iniciativa SOS Val\u00e8ncia PT porta des de Portugal a Xest 11 tones de productes per a les poblacions afectades per la DANA\u00a0\">[+] <\/a><\/div>\n","protected":false},"author":12,"featured_media":245449,"comment_status":"open","ping_status":"open","sticky":false,"template":"","format":"standard","meta":{"footnotes":""},"categories":[21466,10898,10948,10894,10904,10912,10903,10947,10896,10897,10974],"tags":[11071,15409,10914,21577],"class_list":["post-245450","post","type-post","status-publish","format-standard","has-post-thumbnail","category-dana-ca","category-ventana-ca","category-infraestructuras-ca","category-la-comarca-ca","category-sin-categorizar-ca","category-la-hoya-ca","category-medio-ambiente-la-comarca-ca","category-politica","category-seccion-ca","category-sucesos-la-comarca-ca","category-cheste-ca","tag-cheste","tag-dana-2-ca","tag-la-hoya-de-bunol-chiva-ca","tag-sos-valencia-pt-ca"],"_links":{"self":[{"href":"https:\/\/tucomarca.whitekongsoftware.com\/ca\/wp-json\/wp\/v2\/posts\/245450","targetHints":{"allow":["GET"]}}],"collection":[{"href":"https:\/\/tucomarca.whitekongsoftware.com\/ca\/wp-json\/wp\/v2\/posts"}],"about":[{"href":"https:\/\/tucomarca.whitekongsoftware.com\/ca\/wp-json\/wp\/v2\/types\/post"}],"author":[{"embeddable":true,"href":"https:\/\/tucomarca.whitekongsoftware.com\/ca\/wp-json\/wp\/v2\/users\/12"}],"replies":[{"embeddable":true,"href":"https:\/\/tucomarca.whitekongsoftware.com\/ca\/wp-json\/wp\/v2\/comments?post=245450"}],"version-history":[{"count":0,"href":"https:\/\/tucomarca.whitekongsoftware.com\/ca\/wp-json\/wp\/v2\/posts\/245450\/revisions"}],"wp:featuredmedia":[{"embeddable":true,"href":"https:\/\/tucomarca.whitekongsoftware.com\/ca\/wp-json\/wp\/v2\/media\/245449"}],"wp:attachment":[{"href":"https:\/\/tucomarca.whitekongsoftware.com\/ca\/wp-json\/wp\/v2\/media?parent=245450"}],"wp:term":[{"taxonomy":"category","embeddable":true,"href":"https:\/\/tucomarca.whitekongsoftware.com\/ca\/wp-json\/wp\/v2\/categories?post=245450"},{"taxonomy":"post_tag","embeddable":true,"href":"https:\/\/tucomarca.whitekongsoftware.com\/ca\/wp-json\/wp\/v2\/tags?post=245450"}],"curies":[{"name":"wp","href":"https:\/\/api.w.org\/{rel}","templated":true}]}}