{"id":245421,"date":"2024-11-17T12:00:00","date_gmt":"2024-11-17T10:00:00","guid":{"rendered":"https:\/\/www.tucomarca.com\/wordpress\/segunda\/?p=245421"},"modified":"2024-11-18T10:29:46","modified_gmt":"2024-11-18T08:29:46","slug":"riba-roja-de-turia-reconstruira-el-pont-vell-del-segle-xvi-destruit-per-la-dana-que-servia-per-a-comunicar-el-nucli-urba-amb-els-camps-de-cultiu","status":"publish","type":"post","link":"https:\/\/tucomarca.whitekongsoftware.com\/ca\/riba-roja-de-turia-reconstruira-el-pont-vell-del-segle-xvi-destruit-per-la-dana-que-servia-per-a-comunicar-el-nucli-urba-amb-els-camps-de-cultiu\/","title":{"rendered":"Riba-roja de T\u00faria reconstruir\u00e0 el &#8216;Pont Vell&#8217; del segle XVI destru\u00eft per la DANA que servia per a comunicar el nucli urb\u00e0 amb els camps de cultiu"},"content":{"rendered":"\n<h3 class=\"wp-block-heading\">L&#8217;equip de govern anuncia un projecte per a la reconstrucci\u00f3 d&#8217;una via de comunicaci\u00f3 que ha aguantat durant quasi cinc-cents anys d&#8217;hist\u00f2ria.<\/h3>\n\n\n\n<p class=\"wp-block-paragraph\">L&#8217;Ajuntament de Riba-roja de T\u00faria reconstruir\u00e0 l&#8217;actual \u201cPont Vell\u201d de la localitat que ha quedat greument danyat pel pas de la DANA (Depressi\u00f3 A\u00efllada en Nivells Alts) a la fi d&#8217;octubre. L&#8217;objectiu \u00e9s tornar a al\u00e7ar aquest pont que data de mitjan segle XVI i que servia com a punt de pas entre una part i una altra del riu T\u00faria.<\/p>\n\n\n\n<p class=\"wp-block-paragraph\">Les conseq\u00fc\u00e8ncies de la DANA ocorreguda el passat 29 d&#8217;octubre han suposat un greu danye sobre una bona part d&#8217;aquest pont -conegut popularment com el \u201cPont Vell\u201d- que discorre pel parc fluvial del T\u00faria, forma part de l&#8217;itinerari tur\u00edstic dissenyat i posat en marxa per l&#8217;Ajuntament de Riba-roja i permet el pas de vianants, ciclistes i genets, excepte els vehicles de motor.<\/p>\n\n\n\n<p class=\"wp-block-paragraph\">Els t\u00e8cnics analitzaran els danys que el pas de la DANA ha provocat sobre aquest patrimoni cultural de la localitat, tant en l&#8217;estructura com en altres parts de la construcci\u00f3. Les conclusions d&#8217;aquesta an\u00e0lisi i estudi per part dels t\u00e8cnics municipals permetr\u00e0 establir la situaci\u00f3 actual d&#8217;aquest b\u00e9 de rellev\u00e0ncia local (BRL) i, a continuaci\u00f3, posar en marxa un pla per a la seua recuperaci\u00f3.<\/p>\n\n\n\n<figure class=\"wp-block-gallery has-nested-images columns-default is-cropped wp-block-gallery-1 is-layout-flex wp-block-gallery-is-layout-flex\">\n<figure class=\"wp-block-image size-large\"><img loading=\"lazy\" decoding=\"async\" width=\"886\" height=\"524\" data-id=\"245418\" src=\"https:\/\/www.tucomarca.com\/wordpress\/segunda\/wp-content\/uploads\/2024\/11\/RibaDANAPuente1.jpg\" alt=\"\" class=\"wp-image-245418\" srcset=\"https:\/\/tucomarca.whitekongsoftware.com\/wp-content\/uploads\/2024\/11\/RibaDANAPuente1.jpg 886w, https:\/\/tucomarca.whitekongsoftware.com\/wp-content\/uploads\/2024\/11\/RibaDANAPuente1-300x177.jpg 300w, https:\/\/tucomarca.whitekongsoftware.com\/wp-content\/uploads\/2024\/11\/RibaDANAPuente1-768x454.jpg 768w\" sizes=\"auto, (max-width: 886px) 100vw, 886px\" \/><\/figure>\n\n\n\n<figure class=\"wp-block-image size-large\"><img loading=\"lazy\" decoding=\"async\" width=\"886\" height=\"662\" data-id=\"245414\" src=\"https:\/\/www.tucomarca.com\/wordpress\/segunda\/wp-content\/uploads\/2024\/11\/RibaDANAPuente2.jpg\" alt=\"\" class=\"wp-image-245414\" srcset=\"https:\/\/tucomarca.whitekongsoftware.com\/wp-content\/uploads\/2024\/11\/RibaDANAPuente2.jpg 886w, https:\/\/tucomarca.whitekongsoftware.com\/wp-content\/uploads\/2024\/11\/RibaDANAPuente2-300x224.jpg 300w, https:\/\/tucomarca.whitekongsoftware.com\/wp-content\/uploads\/2024\/11\/RibaDANAPuente2-768x574.jpg 768w, https:\/\/tucomarca.whitekongsoftware.com\/wp-content\/uploads\/2024\/11\/RibaDANAPuente2-326x245.jpg 326w, https:\/\/tucomarca.whitekongsoftware.com\/wp-content\/uploads\/2024\/11\/RibaDANAPuente2-80x60.jpg 80w\" sizes=\"auto, (max-width: 886px) 100vw, 886px\" \/><\/figure>\n<\/figure>\n\n\n\n<p class=\"wp-block-paragraph\">L&#8217;origen d&#8217;aquest pont arranca l&#8217;any 1548 a trav\u00e9s de la seua construcci\u00f3 d&#8217;obra amb l&#8217;objectiu de connectar el nucli urb\u00e0 amb l&#8217;\u00e0rea nord del terme municipal en ell s&#8217;assentaven bona part dels camps de cultiu dels agricultors. D&#8217;aquesta manera, el pont permetia salvar la pres\u00e8ncia del riu T\u00faria que vorejava el nucli urb\u00e0 i, al mateix temps, connectar amb la resta dels municipis m\u00e9s pr\u00f2xims.<\/p>\n\n\n\n<p class=\"wp-block-paragraph\">La import\u00e0ncia d&#8217;aquest pont \u00e9s tal que, de fet, \u00e9s el m\u00e9s antic existent en l&#8217;actualitat entre la ciutat de Val\u00e8ncia i Adem\u00fas, amb una import\u00e0ncia econ\u00f2mica, geo estrat\u00e8gica i social enorme en el desenvolupament de la localitat. A m\u00e9s, tenia altres funcions, com el pas dels ramats a trav\u00e9s de la coneguda Canyada Xurra que discorria entre les serres de G\u00fadar i Javalambre cap al Pla de Quart i la Ribera.<br>La Carta de poblament que es va concedir a Riba-roja de T\u00faria l&#8217;any 1611 ja feia refer\u00e8ncia al \u201cPont Vell\u201d i el car\u00e0cter econ\u00f2mic d&#8217;aquest. Era lloc de pas per a les persones, les mercaderies, els productes de l&#8217;horta i, tamb\u00e9, d&#8217;animals, com a nexe d&#8217;uni\u00f3 principal amb la capital, Val\u00e8ncia. Es va establir un dret de pas que obligava al pagament d&#8217;un c\u00e0non per la utilitzaci\u00f3 del pont, tant per a les persones com per als animals.<\/p>\n\n\n\n<p class=\"wp-block-paragraph\">No obstant aix\u00f2, els agents meteorol\u00f2gics tamb\u00e9 han afectat la hist\u00f2ria d&#8217;aquest conegut pont, com les riuades que daten de l&#8217;any 1776 que a punt va estar d&#8217;acabar amb aquesta construcci\u00f3, amb el trencament de tres dels dotze arcs que es dibuixen en ell. A m\u00e9s, per a evitar el pas de les tropes franceses l&#8217;any 1811, es van tallar dos arcs com a manera de parar l&#8217;avan\u00e7 cap a la zona sud de Val\u00e8ncia.<\/p>\n\n\n\n<p class=\"wp-block-paragraph\">L&#8217;any 1871 una altra riuada va empitjorar m\u00e9s encara el seu estat de conservaci\u00f3, amb una greu deterioraci\u00f3 i el perill de pas per a les persones i els animals. Va ser llavors quan el Comte de Revillagigedo, com a propietari del pont, el va cedir a la Comunitat de Regants de l&#8217;horta de Riba-roja de T\u00faria l&#8217;any 1897. L&#8217;any 1921 es van iniciar les obres de reparaci\u00f3 i ampliaci\u00f3 del pont que, novament, es veurien malparades per la riuada de l&#8217;any 1957 i, deu anys m\u00e9s tard, es va construir el pont nou.<\/p>\n\n\n\n<p class=\"wp-block-paragraph\">L&#8217;alcalde de Riba-roja de T\u00faria, Robert Raga, ha anunciat que el Pont Vell \u201ces tornar\u00e0 a recuperar com a patrimoni local, molt volgut per tots els ve\u00efns i que forma part de la nostra hist\u00f2ria, amb un valor indubtable en el desenvolupament econ\u00f2mic i social al llarg de tants segles, que ha aguantat guerres, conflictes i el pas de diverses riuades per\u00f2 que no ha pogut suportar el pas d&#8217;aquesta DANA\u201d.<\/p>\n","protected":false},"excerpt":{"rendered":"<div class=\"mh-excerpt\">L&#8217;equip de govern anuncia un projecte per a la reconstrucci\u00f3 d&#8217;una via de comunicaci\u00f3 que ha aguantat durant quasi cinc-cents anys d&#8217;hist\u00f2ria. L&#8217;Ajuntament de Riba-roja de T\u00faria reconstruir\u00e0 l&#8217;actual \u201cPont Vell\u201d de la localitat que <a class=\"mh-excerpt-more\" href=\"https:\/\/tucomarca.whitekongsoftware.com\/ca\/riba-roja-de-turia-reconstruira-el-pont-vell-del-segle-xvi-destruit-per-la-dana-que-servia-per-a-comunicar-el-nucli-urba-amb-els-camps-de-cultiu\/\" title=\"Riba-roja de T\u00faria reconstruir\u00e0 el &#8216;Pont Vell&#8217; del segle XVI destru\u00eft per la DANA que servia per a comunicar el nucli urb\u00e0 amb els camps de cultiu\">[+] <\/a><\/div>\n","protected":false},"author":12,"featured_media":245417,"comment_status":"open","ping_status":"open","sticky":false,"template":"","format":"gallery","meta":{"footnotes":""},"categories":[10892,21466,10898,10948,10894,10904,10903,10947,10906,10896,10897],"tags":[10899,15409,15024],"class_list":["post-245421","post","type-post","status-publish","format-gallery","has-post-thumbnail","category-camp-de-turia-ca","category-dana-ca","category-ventana-ca","category-infraestructuras-ca","category-la-comarca-ca","category-sin-categorizar-ca","category-medio-ambiente-la-comarca-ca","category-politica","category-riba-roja-ca","category-seccion-ca","category-sucesos-la-comarca-ca","tag-camp-de-turia-ca","tag-dana-2-ca","tag-riba-roja-de-turia-ca","post_format-post-format-gallery"],"_links":{"self":[{"href":"https:\/\/tucomarca.whitekongsoftware.com\/ca\/wp-json\/wp\/v2\/posts\/245421","targetHints":{"allow":["GET"]}}],"collection":[{"href":"https:\/\/tucomarca.whitekongsoftware.com\/ca\/wp-json\/wp\/v2\/posts"}],"about":[{"href":"https:\/\/tucomarca.whitekongsoftware.com\/ca\/wp-json\/wp\/v2\/types\/post"}],"author":[{"embeddable":true,"href":"https:\/\/tucomarca.whitekongsoftware.com\/ca\/wp-json\/wp\/v2\/users\/12"}],"replies":[{"embeddable":true,"href":"https:\/\/tucomarca.whitekongsoftware.com\/ca\/wp-json\/wp\/v2\/comments?post=245421"}],"version-history":[{"count":0,"href":"https:\/\/tucomarca.whitekongsoftware.com\/ca\/wp-json\/wp\/v2\/posts\/245421\/revisions"}],"wp:featuredmedia":[{"embeddable":true,"href":"https:\/\/tucomarca.whitekongsoftware.com\/ca\/wp-json\/wp\/v2\/media\/245417"}],"wp:attachment":[{"href":"https:\/\/tucomarca.whitekongsoftware.com\/ca\/wp-json\/wp\/v2\/media?parent=245421"}],"wp:term":[{"taxonomy":"category","embeddable":true,"href":"https:\/\/tucomarca.whitekongsoftware.com\/ca\/wp-json\/wp\/v2\/categories?post=245421"},{"taxonomy":"post_tag","embeddable":true,"href":"https:\/\/tucomarca.whitekongsoftware.com\/ca\/wp-json\/wp\/v2\/tags?post=245421"}],"curies":[{"name":"wp","href":"https:\/\/api.w.org\/{rel}","templated":true}]}}