{"id":245408,"date":"2024-11-16T11:00:00","date_gmt":"2024-11-16T09:00:00","guid":{"rendered":"https:\/\/www.tucomarca.com\/wordpress\/segunda\/?p=245408"},"modified":"2024-11-16T14:19:11","modified_gmt":"2024-11-16T12:19:11","slug":"xest-rep-la-visita-de-la-ministra-de-defensa-durant-les-labors-previes-a-la-installacio-del-pont-mabey-en-la-cv-50","status":"publish","type":"post","link":"https:\/\/tucomarca.whitekongsoftware.com\/ca\/xest-rep-la-visita-de-la-ministra-de-defensa-durant-les-labors-previes-a-la-installacio-del-pont-mabey-en-la-cv-50\/","title":{"rendered":"Xest rep la visita de la Ministra de Defensa durant les labors pr\u00e8vies a la instal\u00b7laci\u00f3 del pont Mabey en la CV-50"},"content":{"rendered":"\n<p class=\"wp-block-paragraph\">Durant aquests dies, l&#8217;UME est\u00e0 treballant en les fases pr\u00e8vies a la instal\u00b7laci\u00f3 d&#8217;un pont Mabey provisional en la CV-50, en el tram afectat per la DANA, per a recuperar el tr\u00e0nsit rodat per aquesta via, que connecta Xest amb l&#8217;A3.<\/p>\n\n\n\n<p class=\"wp-block-paragraph\">En aquest context, la Ministra de Defensa, Margarita Robles, va visitar ahir el lloc en el qual instal\u00b7lar\u00e0 el pont, acompanyada pel tinent general de la UME, Javier Marcos, on van ser rebuts per l&#8217;alcalde de Xest, Jos\u00e9 Morell, i la primera i segona tinentes d&#8217;alcalde, M\u00aa \u00c1ngeles Llorente i Brenda Jim\u00e9nez, respectivament.<br>El pont provisional tindr\u00e0 una longitud d&#8217;una mica m\u00e9s de 30 metres, dividits en tres trams, i ja ha viatjat des de Torrej\u00f3n de Ardoz a Requena, on estar\u00e0 emmagatzemat fins al moment de la seua instal\u00b7laci\u00f3, com m\u00e9s prompte millor. Aquests ponts de suport log\u00edstic Mabey poden suportar fins a 80 tones i s&#8217;utilitzen, fonamentalment, per a substituir els ponts civils danyats, reempla\u00e7ant les passarel\u00b7les d&#8217;assalt temporals i de suport generals.<\/p>\n\n\n\n<p class=\"wp-block-paragraph\">La passarel\u00b7la permetr\u00e0 el passe a vehicles pesants, restringit en els passos provisionals oberts fins al moment en la poblaci\u00f3, per la qual cosa ajudar\u00e0 a pal\u00b7liar les actuals dificultats d&#8217;acc\u00e9s a transportistes i possibilitar\u00e0 la recuperaci\u00f3 del transport p\u00fablic amb autob\u00fas en la localitat. La circulaci\u00f3 en aquest pont provisional ser\u00e0 d&#8217;un sol carril i es regular\u00e0 a trav\u00e9s d&#8217;un sem\u00e0for.<\/p>\n\n\n\n<figure class=\"wp-block-gallery has-nested-images columns-2 is-cropped wp-block-gallery-1 is-layout-flex wp-block-gallery-is-layout-flex\">\n<figure class=\"wp-block-image size-large\"><img loading=\"lazy\" decoding=\"async\" width=\"1024\" height=\"768\" data-id=\"245405\" src=\"https:\/\/www.tucomarca.com\/wordpress\/segunda\/wp-content\/uploads\/2024\/11\/Cheste_VisitaMinistraPuenteCV-50_4-1024x768.jpg\" alt=\"\" class=\"wp-image-245405\" srcset=\"https:\/\/tucomarca.whitekongsoftware.com\/wp-content\/uploads\/2024\/11\/Cheste_VisitaMinistraPuenteCV-50_4-1024x768.jpg 1024w, https:\/\/tucomarca.whitekongsoftware.com\/wp-content\/uploads\/2024\/11\/Cheste_VisitaMinistraPuenteCV-50_4-300x225.jpg 300w, https:\/\/tucomarca.whitekongsoftware.com\/wp-content\/uploads\/2024\/11\/Cheste_VisitaMinistraPuenteCV-50_4-768x576.jpg 768w, https:\/\/tucomarca.whitekongsoftware.com\/wp-content\/uploads\/2024\/11\/Cheste_VisitaMinistraPuenteCV-50_4-678x509.jpg 678w, https:\/\/tucomarca.whitekongsoftware.com\/wp-content\/uploads\/2024\/11\/Cheste_VisitaMinistraPuenteCV-50_4-326x245.jpg 326w, https:\/\/tucomarca.whitekongsoftware.com\/wp-content\/uploads\/2024\/11\/Cheste_VisitaMinistraPuenteCV-50_4-80x60.jpg 80w, https:\/\/tucomarca.whitekongsoftware.com\/wp-content\/uploads\/2024\/11\/Cheste_VisitaMinistraPuenteCV-50_4.jpg 1181w\" sizes=\"auto, (max-width: 1024px) 100vw, 1024px\" \/><\/figure>\n\n\n\n<figure class=\"wp-block-image size-large\"><img loading=\"lazy\" decoding=\"async\" width=\"1024\" height=\"768\" data-id=\"245403\" src=\"https:\/\/www.tucomarca.com\/wordpress\/segunda\/wp-content\/uploads\/2024\/11\/Cheste_VisitaMinistraPuenteCV-50_3-1024x768.jpg\" alt=\"\" class=\"wp-image-245403\" srcset=\"https:\/\/tucomarca.whitekongsoftware.com\/wp-content\/uploads\/2024\/11\/Cheste_VisitaMinistraPuenteCV-50_3-1024x768.jpg 1024w, https:\/\/tucomarca.whitekongsoftware.com\/wp-content\/uploads\/2024\/11\/Cheste_VisitaMinistraPuenteCV-50_3-300x225.jpg 300w, https:\/\/tucomarca.whitekongsoftware.com\/wp-content\/uploads\/2024\/11\/Cheste_VisitaMinistraPuenteCV-50_3-768x576.jpg 768w, https:\/\/tucomarca.whitekongsoftware.com\/wp-content\/uploads\/2024\/11\/Cheste_VisitaMinistraPuenteCV-50_3-678x509.jpg 678w, https:\/\/tucomarca.whitekongsoftware.com\/wp-content\/uploads\/2024\/11\/Cheste_VisitaMinistraPuenteCV-50_3-326x245.jpg 326w, https:\/\/tucomarca.whitekongsoftware.com\/wp-content\/uploads\/2024\/11\/Cheste_VisitaMinistraPuenteCV-50_3-80x60.jpg 80w, https:\/\/tucomarca.whitekongsoftware.com\/wp-content\/uploads\/2024\/11\/Cheste_VisitaMinistraPuenteCV-50_3.jpg 1181w\" sizes=\"auto, (max-width: 1024px) 100vw, 1024px\" \/><\/figure>\n\n\n\n<figure class=\"wp-block-image size-large\"><img loading=\"lazy\" decoding=\"async\" width=\"1024\" height=\"768\" data-id=\"245401\" src=\"https:\/\/www.tucomarca.com\/wordpress\/segunda\/wp-content\/uploads\/2024\/11\/Cheste_VisitaMinistraPuenteCV-50_2-1024x768.jpg\" alt=\"\" class=\"wp-image-245401\" srcset=\"https:\/\/tucomarca.whitekongsoftware.com\/wp-content\/uploads\/2024\/11\/Cheste_VisitaMinistraPuenteCV-50_2-1024x768.jpg 1024w, https:\/\/tucomarca.whitekongsoftware.com\/wp-content\/uploads\/2024\/11\/Cheste_VisitaMinistraPuenteCV-50_2-300x225.jpg 300w, https:\/\/tucomarca.whitekongsoftware.com\/wp-content\/uploads\/2024\/11\/Cheste_VisitaMinistraPuenteCV-50_2-768x576.jpg 768w, https:\/\/tucomarca.whitekongsoftware.com\/wp-content\/uploads\/2024\/11\/Cheste_VisitaMinistraPuenteCV-50_2-678x509.jpg 678w, https:\/\/tucomarca.whitekongsoftware.com\/wp-content\/uploads\/2024\/11\/Cheste_VisitaMinistraPuenteCV-50_2-326x245.jpg 326w, https:\/\/tucomarca.whitekongsoftware.com\/wp-content\/uploads\/2024\/11\/Cheste_VisitaMinistraPuenteCV-50_2-80x60.jpg 80w, https:\/\/tucomarca.whitekongsoftware.com\/wp-content\/uploads\/2024\/11\/Cheste_VisitaMinistraPuenteCV-50_2.jpg 1181w\" sizes=\"auto, (max-width: 1024px) 100vw, 1024px\" \/><\/figure>\n<\/figure>\n\n\n\n<p class=\"wp-block-paragraph\"><strong>Reconstrucci\u00f3 d&#8217;infraestructures<\/strong><\/p>\n\n\n\n<p class=\"wp-block-paragraph\">Despr\u00e9s de la instal\u00b7laci\u00f3 del pont provisional, comen\u00e7aran les obres del pont de l&#8217;antiga gasolinera, que connectava la poblaci\u00f3 amb la CV-378 i l&#8217;A3, per part de Diputaci\u00f3. Amb aquest pont ja en funcionament, es procedir\u00e0 a la desinstal\u00b7laci\u00f3 del pont Mabey de la CV-50 i a la reconstrucci\u00f3 definitiva del tram afectat, per part de la Generalitat.<\/p>\n\n\n\n<p class=\"wp-block-paragraph\">D&#8217;aquesta manera es facilitar\u00e0 la connectivitat de la poblaci\u00f3, assegurant en tot el proc\u00e9s de reconstrucci\u00f3 d&#8217;accessos que hi haur\u00e0 un pont obert a la circulaci\u00f3.<\/p>\n","protected":false},"excerpt":{"rendered":"<div class=\"mh-excerpt\">Durant aquests dies, l&#8217;UME est\u00e0 treballant en les fases pr\u00e8vies a la instal\u00b7laci\u00f3 d&#8217;un pont Mabey provisional en la CV-50, en el tram afectat per la DANA, per a recuperar el tr\u00e0nsit rodat per aquesta <a class=\"mh-excerpt-more\" href=\"https:\/\/tucomarca.whitekongsoftware.com\/ca\/xest-rep-la-visita-de-la-ministra-de-defensa-durant-les-labors-previes-a-la-installacio-del-pont-mabey-en-la-cv-50\/\" title=\"Xest rep la visita de la Ministra de Defensa durant les labors pr\u00e8vies a la instal\u00b7laci\u00f3 del pont Mabey en la CV-50\">[+] <\/a><\/div>\n","protected":false},"author":12,"featured_media":245400,"comment_status":"open","ping_status":"open","sticky":false,"template":"","format":"gallery","meta":{"footnotes":""},"categories":[21466,10898,10948,10894,10904,10912,10947,10896,10897,10974],"tags":[11071,15409,10914,21573,21574,21575,12017],"class_list":["post-245408","post","type-post","status-publish","format-gallery","has-post-thumbnail","category-dana-ca","category-ventana-ca","category-infraestructuras-ca","category-la-comarca-ca","category-sin-categorizar-ca","category-la-hoya-ca","category-politica","category-seccion-ca","category-sucesos-la-comarca-ca","category-cheste-ca","tag-cheste","tag-dana-2-ca","tag-la-hoya-de-bunol-chiva-ca","tag-margarita-robles-ca","tag-ministra-de-defensa-ca","tag-puente-mabey-ca","tag-ume-ca","post_format-post-format-gallery"],"_links":{"self":[{"href":"https:\/\/tucomarca.whitekongsoftware.com\/ca\/wp-json\/wp\/v2\/posts\/245408","targetHints":{"allow":["GET"]}}],"collection":[{"href":"https:\/\/tucomarca.whitekongsoftware.com\/ca\/wp-json\/wp\/v2\/posts"}],"about":[{"href":"https:\/\/tucomarca.whitekongsoftware.com\/ca\/wp-json\/wp\/v2\/types\/post"}],"author":[{"embeddable":true,"href":"https:\/\/tucomarca.whitekongsoftware.com\/ca\/wp-json\/wp\/v2\/users\/12"}],"replies":[{"embeddable":true,"href":"https:\/\/tucomarca.whitekongsoftware.com\/ca\/wp-json\/wp\/v2\/comments?post=245408"}],"version-history":[{"count":0,"href":"https:\/\/tucomarca.whitekongsoftware.com\/ca\/wp-json\/wp\/v2\/posts\/245408\/revisions"}],"wp:featuredmedia":[{"embeddable":true,"href":"https:\/\/tucomarca.whitekongsoftware.com\/ca\/wp-json\/wp\/v2\/media\/245400"}],"wp:attachment":[{"href":"https:\/\/tucomarca.whitekongsoftware.com\/ca\/wp-json\/wp\/v2\/media?parent=245408"}],"wp:term":[{"taxonomy":"category","embeddable":true,"href":"https:\/\/tucomarca.whitekongsoftware.com\/ca\/wp-json\/wp\/v2\/categories?post=245408"},{"taxonomy":"post_tag","embeddable":true,"href":"https:\/\/tucomarca.whitekongsoftware.com\/ca\/wp-json\/wp\/v2\/tags?post=245408"}],"curies":[{"name":"wp","href":"https:\/\/api.w.org\/{rel}","templated":true}]}}