{"id":245366,"date":"2024-11-15T14:30:00","date_gmt":"2024-11-15T12:30:00","guid":{"rendered":"https:\/\/www.tucomarca.com\/wordpress\/segunda\/?p=245366"},"modified":"2024-11-15T20:20:51","modified_gmt":"2024-11-15T18:20:51","slug":"els-bombers-del-consorci-provincial-duen-a-terme-labors-dapuntalament-i-desenrunament-de-la-mutua-de-xiva","status":"publish","type":"post","link":"https:\/\/tucomarca.whitekongsoftware.com\/ca\/els-bombers-del-consorci-provincial-duen-a-terme-labors-dapuntalament-i-desenrunament-de-la-mutua-de-xiva\/","title":{"rendered":"Els Bombers del Consorci Provincial duen a terme labors d&#8217;apuntalament i desenrunament de La M\u00fatua de Xiva"},"content":{"rendered":"\n<p class=\"wp-block-paragraph\">L&#8217;hist\u00f2ric edifici de La M\u00fatua a Xiva, amb m\u00e9s d&#8217;un segle d&#8217;antiguitat i considerat un emblema del municipi, ha sigut greument afectat per la recent DANA. Davant els danys patits, els Bombers del Consorci Provincial han dut a terme labors d&#8217;apuntalament per a garantir la seguretat de l&#8217;estructura.<\/p>\n\n\n\n<p class=\"wp-block-paragraph\">La Unitat de Rescat en Emerg\u00e8ncies i Cat\u00e0strofes (UREC) ha jugat un paper crucial en l&#8217;estabilitzaci\u00f3 de l&#8217;immoble, duent a terme tasques com la fitaci\u00f3 de pilars i el desenrunament. Aquestes intervencions busquen evitar el col\u00b7lapse de l&#8217;edifici i permetre la seua avaluaci\u00f3 per a possibles reparacions futures.<\/p>\n\n\n\n<p class=\"wp-block-paragraph\">L&#8217;edifici de La M\u00fatua \u00e9s un s\u00edmbol de la identitat hist\u00f2rica de Xiva.<\/p>\n\n\n\n<figure class=\"wp-block-gallery has-nested-images columns-2 is-cropped wp-block-gallery-1 is-layout-flex wp-block-gallery-is-layout-flex\">\n<figure class=\"wp-block-image size-large\"><img loading=\"lazy\" decoding=\"async\" width=\"673\" height=\"1024\" data-id=\"245356\" src=\"https:\/\/www.tucomarca.com\/wordpress\/segunda\/wp-content\/uploads\/2024\/11\/DANAMutua01-673x1024.jpg\" alt=\"\" class=\"wp-image-245356\" srcset=\"https:\/\/tucomarca.whitekongsoftware.com\/wp-content\/uploads\/2024\/11\/DANAMutua01-673x1024.jpg 673w, https:\/\/tucomarca.whitekongsoftware.com\/wp-content\/uploads\/2024\/11\/DANAMutua01-197x300.jpg 197w, https:\/\/tucomarca.whitekongsoftware.com\/wp-content\/uploads\/2024\/11\/DANAMutua01-768x1168.jpg 768w, https:\/\/tucomarca.whitekongsoftware.com\/wp-content\/uploads\/2024\/11\/DANAMutua01.jpg 886w\" sizes=\"auto, (max-width: 673px) 100vw, 673px\" \/><\/figure>\n\n\n\n<figure class=\"wp-block-image size-large\"><img loading=\"lazy\" decoding=\"async\" width=\"629\" height=\"1024\" data-id=\"245358\" src=\"https:\/\/www.tucomarca.com\/wordpress\/segunda\/wp-content\/uploads\/2024\/11\/DANAMutua02-629x1024.jpg\" alt=\"\" class=\"wp-image-245358\" srcset=\"https:\/\/tucomarca.whitekongsoftware.com\/wp-content\/uploads\/2024\/11\/DANAMutua02-629x1024.jpg 629w, https:\/\/tucomarca.whitekongsoftware.com\/wp-content\/uploads\/2024\/11\/DANAMutua02-184x300.jpg 184w, https:\/\/tucomarca.whitekongsoftware.com\/wp-content\/uploads\/2024\/11\/DANAMutua02-768x1250.jpg 768w, https:\/\/tucomarca.whitekongsoftware.com\/wp-content\/uploads\/2024\/11\/DANAMutua02.jpg 886w\" sizes=\"auto, (max-width: 629px) 100vw, 629px\" \/><\/figure>\n\n\n\n<figure class=\"wp-block-image size-large\"><img loading=\"lazy\" decoding=\"async\" width=\"768\" height=\"1024\" data-id=\"245360\" src=\"https:\/\/www.tucomarca.com\/wordpress\/segunda\/wp-content\/uploads\/2024\/11\/DANAMutua03-768x1024.jpg\" alt=\"\" class=\"wp-image-245360\" srcset=\"https:\/\/tucomarca.whitekongsoftware.com\/wp-content\/uploads\/2024\/11\/DANAMutua03-768x1024.jpg 768w, https:\/\/tucomarca.whitekongsoftware.com\/wp-content\/uploads\/2024\/11\/DANAMutua03-225x300.jpg 225w, https:\/\/tucomarca.whitekongsoftware.com\/wp-content\/uploads\/2024\/11\/DANAMutua03.jpg 886w\" sizes=\"auto, (max-width: 768px) 100vw, 768px\" \/><\/figure>\n<\/figure>\n","protected":false},"excerpt":{"rendered":"<div class=\"mh-excerpt\">L&#8217;hist\u00f2ric edifici de La M\u00fatua a Xiva, amb m\u00e9s d&#8217;un segle d&#8217;antiguitat i considerat un emblema del municipi, ha sigut greument afectat per la recent DANA. Davant els danys patits, els Bombers del Consorci Provincial <a class=\"mh-excerpt-more\" href=\"https:\/\/tucomarca.whitekongsoftware.com\/ca\/els-bombers-del-consorci-provincial-duen-a-terme-labors-dapuntalament-i-desenrunament-de-la-mutua-de-xiva\/\" title=\"Els Bombers del Consorci Provincial duen a terme labors d&#8217;apuntalament i desenrunament de La M\u00fatua de Xiva\">[+] <\/a><\/div>\n","protected":false},"author":12,"featured_media":245363,"comment_status":"open","ping_status":"open","sticky":false,"template":"","format":"gallery","meta":{"footnotes":""},"categories":[21466,10898,10948,10894,10904,10912,10896,10897,10975],"tags":[11195,12834,15409,21473],"class_list":["post-245366","post","type-post","status-publish","format-gallery","has-post-thumbnail","category-dana-ca","category-ventana-ca","category-infraestructuras-ca","category-la-comarca-ca","category-sin-categorizar-ca","category-la-hoya-ca","category-seccion-ca","category-sucesos-la-comarca-ca","category-chiva-ca","tag-chiva-ca","tag-consorcio-provincial-de-bomberos-de-valencia-ca","tag-dana-2-ca","tag-la-mutua-ca","post_format-post-format-gallery"],"_links":{"self":[{"href":"https:\/\/tucomarca.whitekongsoftware.com\/ca\/wp-json\/wp\/v2\/posts\/245366","targetHints":{"allow":["GET"]}}],"collection":[{"href":"https:\/\/tucomarca.whitekongsoftware.com\/ca\/wp-json\/wp\/v2\/posts"}],"about":[{"href":"https:\/\/tucomarca.whitekongsoftware.com\/ca\/wp-json\/wp\/v2\/types\/post"}],"author":[{"embeddable":true,"href":"https:\/\/tucomarca.whitekongsoftware.com\/ca\/wp-json\/wp\/v2\/users\/12"}],"replies":[{"embeddable":true,"href":"https:\/\/tucomarca.whitekongsoftware.com\/ca\/wp-json\/wp\/v2\/comments?post=245366"}],"version-history":[{"count":0,"href":"https:\/\/tucomarca.whitekongsoftware.com\/ca\/wp-json\/wp\/v2\/posts\/245366\/revisions"}],"wp:featuredmedia":[{"embeddable":true,"href":"https:\/\/tucomarca.whitekongsoftware.com\/ca\/wp-json\/wp\/v2\/media\/245363"}],"wp:attachment":[{"href":"https:\/\/tucomarca.whitekongsoftware.com\/ca\/wp-json\/wp\/v2\/media?parent=245366"}],"wp:term":[{"taxonomy":"category","embeddable":true,"href":"https:\/\/tucomarca.whitekongsoftware.com\/ca\/wp-json\/wp\/v2\/categories?post=245366"},{"taxonomy":"post_tag","embeddable":true,"href":"https:\/\/tucomarca.whitekongsoftware.com\/ca\/wp-json\/wp\/v2\/tags?post=245366"}],"curies":[{"name":"wp","href":"https:\/\/api.w.org\/{rel}","templated":true}]}}