{"id":245346,"date":"2024-11-15T14:15:00","date_gmt":"2024-11-15T12:15:00","guid":{"rendered":"https:\/\/www.tucomarca.com\/wordpress\/segunda\/?p=245346"},"modified":"2024-11-15T20:23:35","modified_gmt":"2024-11-15T18:23:35","slug":"video-el-president-del-cd-bunyol-nicolas-galarza-explica-la-volta-del-club-a-la-competicio","status":"publish","type":"post","link":"https:\/\/tucomarca.whitekongsoftware.com\/ca\/video-el-president-del-cd-bunyol-nicolas-galarza-explica-la-volta-del-club-a-la-competicio\/","title":{"rendered":"V\u00eddeo: el president del CD Bunyol, Nicol\u00e1s Galarza, explica la volta del club a la competici\u00f3"},"content":{"rendered":"\n<figure class=\"wp-block-embed is-type-video is-provider-youtube wp-block-embed-youtube wp-embed-aspect-16-9 wp-has-aspect-ratio\"><div class=\"wp-block-embed__wrapper\">\n<iframe loading=\"lazy\" title=\"V\u00eddeo: El presidente del CD Bu\u00f1ol, Nicol\u00e1s Galarza, explica la vuelta del club a la competici\u00f3n\" width=\"500\" height=\"281\" src=\"https:\/\/www.youtube.com\/embed\/b-uZNo6a8dk?feature=oembed\" frameborder=\"0\" allow=\"accelerometer; autoplay; clipboard-write; encrypted-media; gyroscope; picture-in-picture; web-share\" referrerpolicy=\"strict-origin-when-cross-origin\" allowfullscreen><\/iframe>\n<\/div><\/figure>\n\n\n\n<p class=\"wp-block-paragraph\">El president del Club Esportiu Bunyol, Nicol\u00e1s Galarza, explica a <strong>tucomarca televisi\u00f3<\/strong> l&#8217;estat de l&#8217;entitat despr\u00e9s del devastador pas de la DANA per la localitat aix\u00ed com l&#8217;estat del club davant la volta a la competici\u00f3 prevista per a aquest cap de setmana.<\/p>\n","protected":false},"excerpt":{"rendered":"<div class=\"mh-excerpt\">El president del Club Esportiu Bunyol, Nicol\u00e1s Galarza, explica a tucomarca televisi\u00f3 l&#8217;estat de l&#8217;entitat despr\u00e9s del devastador pas de la DANA per la localitat aix\u00ed com l&#8217;estat del club davant la volta a la <a class=\"mh-excerpt-more\" href=\"https:\/\/tucomarca.whitekongsoftware.com\/ca\/video-el-president-del-cd-bunyol-nicolas-galarza-explica-la-volta-del-club-a-la-competicio\/\" title=\"V\u00eddeo: el president del CD Bunyol, Nicol\u00e1s Galarza, explica la volta del club a la competici\u00f3\">[+] <\/a><\/div>\n","protected":false},"author":1,"featured_media":245343,"comment_status":"open","ping_status":"open","sticky":false,"template":"","format":"video","meta":{"footnotes":""},"categories":[11019,10911,11015,21466,11003,10898,10894,10904,10912,10896,11062],"tags":[10913,11126,11074,11075,10914],"class_list":["post-245346","post","type-post","status-publish","format-video","has-post-thumbnail","category-agenda-ca","category-bunol-ca","category-canal-futbol","category-dana-ca","category-sports","category-ventana-ca","category-la-comarca-ca","category-sin-categorizar-ca","category-la-hoya-ca","category-seccion-ca","category-videos","tag-bunol-ca","tag-cd-bunol-ca","tag-deportes-ca","tag-futbol-ca","tag-la-hoya-de-bunol-chiva-ca","post_format-post-format-video"],"_links":{"self":[{"href":"https:\/\/tucomarca.whitekongsoftware.com\/ca\/wp-json\/wp\/v2\/posts\/245346","targetHints":{"allow":["GET"]}}],"collection":[{"href":"https:\/\/tucomarca.whitekongsoftware.com\/ca\/wp-json\/wp\/v2\/posts"}],"about":[{"href":"https:\/\/tucomarca.whitekongsoftware.com\/ca\/wp-json\/wp\/v2\/types\/post"}],"author":[{"embeddable":true,"href":"https:\/\/tucomarca.whitekongsoftware.com\/ca\/wp-json\/wp\/v2\/users\/1"}],"replies":[{"embeddable":true,"href":"https:\/\/tucomarca.whitekongsoftware.com\/ca\/wp-json\/wp\/v2\/comments?post=245346"}],"version-history":[{"count":0,"href":"https:\/\/tucomarca.whitekongsoftware.com\/ca\/wp-json\/wp\/v2\/posts\/245346\/revisions"}],"wp:featuredmedia":[{"embeddable":true,"href":"https:\/\/tucomarca.whitekongsoftware.com\/ca\/wp-json\/wp\/v2\/media\/245343"}],"wp:attachment":[{"href":"https:\/\/tucomarca.whitekongsoftware.com\/ca\/wp-json\/wp\/v2\/media?parent=245346"}],"wp:term":[{"taxonomy":"category","embeddable":true,"href":"https:\/\/tucomarca.whitekongsoftware.com\/ca\/wp-json\/wp\/v2\/categories?post=245346"},{"taxonomy":"post_tag","embeddable":true,"href":"https:\/\/tucomarca.whitekongsoftware.com\/ca\/wp-json\/wp\/v2\/tags?post=245346"}],"curies":[{"name":"wp","href":"https:\/\/api.w.org\/{rel}","templated":true}]}}