{"id":245314,"date":"2024-11-15T09:45:00","date_gmt":"2024-11-15T07:45:00","guid":{"rendered":"https:\/\/www.tucomarca.com\/wordpress\/segunda\/?p=245314"},"modified":"2024-11-15T16:50:40","modified_gmt":"2024-11-15T14:50:40","slug":"loperatiu-de-retirada-de-residus-evacua-17-000-tones-destris-en-les-ultimes-24-hores","status":"publish","type":"post","link":"https:\/\/tucomarca.whitekongsoftware.com\/ca\/loperatiu-de-retirada-de-residus-evacua-17-000-tones-destris-en-les-ultimes-24-hores\/","title":{"rendered":"L&#8217;operatiu de retirada de residus evacua 17.000 tones d&#8217;estris en les \u00faltimes 24 hores"},"content":{"rendered":"\n<h3 class=\"wp-block-heading\">El CECOPI reavalua les necessitats de cada sector per a adaptar de manera detallada les actuacions sobre el terreny.<\/h3>\n\n\n\n<h3 class=\"wp-block-heading\">Les condicions meteorol\u00f2giques permeten que es reprenga la cerca per mar i els treballs de rastreig persisteixen en l\u2019Albufera i la rambla del Poyo.<\/h3>\n\n\n\n<p class=\"wp-block-paragraph\">La directora general de Prevenci\u00f3 d&#8217;Incendis, Rosa Tour\u00eds, ha informat de les q\u00fcestions que s&#8217;han abordat en la reuni\u00f3 del CECOPI en el qual han participat el president de la Generalitat, Carlos Maz\u00f3n, i el ministre de l&#8217;Interior, Fernando Grande Marlaska.<br>El CECOPI ha reavaluat les necessitats de cadascun dels sectors en els quals s&#8217;est\u00e0 treballant per a atendre de manera detallada les diferents actuacions que s&#8217;estan desenvolupant sobre el terreny \u201ci poder aix\u00ed ser m\u00e9s efectius en el proc\u00e9s cap a una primera situaci\u00f3 de normalitat\u201d.<br>Tour\u00eds ha explicat que, \u201cd&#8217;aquesta manera, s&#8217;estudiaran les prioritats respecte a mitjans log\u00edstics, maquin\u00e0ria i mitjans operatius que s\u00f3n necessaris per a cada tipus d&#8217;intervenci\u00f3\u201d. Gr\u00e0cies a aquesta manera de procedir -ha afegit- \u201cen les \u00faltimes 24 hores s&#8217;ha aconseguit evacuar la major quantitat de residus de les zones afectades, un total de 17.000 tones\u201d.<br>Sobre la cerca i rescat de v\u00edctimes, la portaveu ha indicat que \u201cel treball del grup especial d&#8217;amague roman hui en la zona de l\u2019Albufera i la seua \u00e0rea d&#8217;influ\u00e8ncia. &nbsp;Es mant\u00e9 el nivell entre 10-12 cent\u00edmetres, tal com va sol\u00b7licitar Gu\u00e0rdia Civil per a facilitar aquestes labors\u201d. Respecte a la cerca en la mar de possibles v\u00edctimes es va reprendre aquest dijous conforme les condicions meteorol\u00f2giques ho van permetre.<\/p>\n\n\n\n<p class=\"wp-block-paragraph\"><strong>Efectius sobre el terreny<br><\/strong>Rosa Tour\u00eds ha detallat que els efectius d&#8217;emerg\u00e8ncia que continuen treballant: Sobre el terreny estan desplegats 2.190 bombers de prop de 40 organismes i 8.500 efectius de l&#8217;Ex\u00e8rcit dels quals 2.100 pertanyen a la UME. &nbsp;M\u00e9s de 800 voluntaris de Protecci\u00f3 Civil de tota Espanya, 9.728 agents, entre policies nacionals i gu\u00e0rdia civil, m\u00e9s de 500 efectius de les diferents policies locals i m\u00e9s de 130 efectius de la Policia de la Generalitat.<\/p>\n\n\n\n<p class=\"wp-block-paragraph\"><strong>Seguiment de la situaci\u00f3 meteorol\u00f2gica<br><\/strong>Sobre el seguiment de la situaci\u00f3 meteorol\u00f2gica, Tour\u00eds ha assenyalat que, \u201cen aquests moments estem sense cap alerta meteorol\u00f2gica en la Comunitat Valenciana, encara que continuem amb la situaci\u00f3 2 del Pla d&#8217;Inundacions en tota la prov\u00edncia de Val\u00e8ncia i situaci\u00f3 1 del Pla Especial d&#8217;Inundacions per pluges a la comarca del Baix Maestrat, a Castell\u00f3\u201d.<\/p>\n","protected":false},"excerpt":{"rendered":"<div class=\"mh-excerpt\">El CECOPI reavalua les necessitats de cada sector per a adaptar de manera detallada les actuacions sobre el terreny. Les condicions meteorol\u00f2giques permeten que es reprenga la cerca per mar i els treballs de rastreig <a class=\"mh-excerpt-more\" href=\"https:\/\/tucomarca.whitekongsoftware.com\/ca\/loperatiu-de-retirada-de-residus-evacua-17-000-tones-destris-en-les-ultimes-24-hores\/\" title=\"L&#8217;operatiu de retirada de residus evacua 17.000 tones d&#8217;estris en les \u00faltimes 24 hores\">[+] <\/a><\/div>\n","protected":false},"author":12,"featured_media":245313,"comment_status":"open","ping_status":"open","sticky":false,"template":"","format":"standard","meta":{"footnotes":""},"categories":[10892,21466,10898,10948,10894,10904,10912,10903,10947,10906,10896,10897,10975],"tags":[15409,11498,21567],"class_list":["post-245314","post","type-post","status-publish","format-standard","has-post-thumbnail","category-camp-de-turia-ca","category-dana-ca","category-ventana-ca","category-infraestructuras-ca","category-la-comarca-ca","category-sin-categorizar-ca","category-la-hoya-ca","category-medio-ambiente-la-comarca-ca","category-politica","category-riba-roja-ca","category-seccion-ca","category-sucesos-la-comarca-ca","category-chiva-ca","tag-dana-2-ca","tag-generalitat-valenciana-ca","tag-retirada-de-residuos-ca"],"_links":{"self":[{"href":"https:\/\/tucomarca.whitekongsoftware.com\/ca\/wp-json\/wp\/v2\/posts\/245314","targetHints":{"allow":["GET"]}}],"collection":[{"href":"https:\/\/tucomarca.whitekongsoftware.com\/ca\/wp-json\/wp\/v2\/posts"}],"about":[{"href":"https:\/\/tucomarca.whitekongsoftware.com\/ca\/wp-json\/wp\/v2\/types\/post"}],"author":[{"embeddable":true,"href":"https:\/\/tucomarca.whitekongsoftware.com\/ca\/wp-json\/wp\/v2\/users\/12"}],"replies":[{"embeddable":true,"href":"https:\/\/tucomarca.whitekongsoftware.com\/ca\/wp-json\/wp\/v2\/comments?post=245314"}],"version-history":[{"count":0,"href":"https:\/\/tucomarca.whitekongsoftware.com\/ca\/wp-json\/wp\/v2\/posts\/245314\/revisions"}],"wp:featuredmedia":[{"embeddable":true,"href":"https:\/\/tucomarca.whitekongsoftware.com\/ca\/wp-json\/wp\/v2\/media\/245313"}],"wp:attachment":[{"href":"https:\/\/tucomarca.whitekongsoftware.com\/ca\/wp-json\/wp\/v2\/media?parent=245314"}],"wp:term":[{"taxonomy":"category","embeddable":true,"href":"https:\/\/tucomarca.whitekongsoftware.com\/ca\/wp-json\/wp\/v2\/categories?post=245314"},{"taxonomy":"post_tag","embeddable":true,"href":"https:\/\/tucomarca.whitekongsoftware.com\/ca\/wp-json\/wp\/v2\/tags?post=245314"}],"curies":[{"name":"wp","href":"https:\/\/api.w.org\/{rel}","templated":true}]}}