{"id":245308,"date":"2024-11-15T10:00:00","date_gmt":"2024-11-15T08:00:00","guid":{"rendered":"https:\/\/www.tucomarca.com\/wordpress\/segunda\/?p=245308"},"modified":"2024-11-15T16:46:49","modified_gmt":"2024-11-15T14:46:49","slug":"la-diputacio-de-valencia-resol-dubtes-tributaris-als-afectats-per-la-dana-a-traves-del-seu-assistent-virtual","status":"publish","type":"post","link":"https:\/\/tucomarca.whitekongsoftware.com\/ca\/la-diputacio-de-valencia-resol-dubtes-tributaris-als-afectats-per-la-dana-a-traves-del-seu-assistent-virtual\/","title":{"rendered":"La Diputaci\u00f3 de Val\u00e8ncia resol dubtes tributaris als afectats per la DANA a trav\u00e9s del seu assistent virtual"},"content":{"rendered":"\n<p class=\"wp-block-paragraph\">La Diputaci\u00f3 de Val\u00e8ncia ha introdu\u00eft en Gestri, el xat per a consultes sobre tributs, respostes a les preguntes que estan entrant relacionades amb la DANA.&nbsp;<\/p>\n\n\n\n<p class=\"wp-block-paragraph\">L&#8217;assistent conversacional triling\u00fce (castell\u00e0-valenci\u00e0-angl\u00e9s) informa des de hui sobre els detalls del Reial Decret-llei 6\/2024, de 5 de novembre, pel qual s&#8217;adopten mesures urgents de resposta davant els danys causats per la DANA. En el seu article 12, este Reial Decret-llei reconeix l&#8217;exempci\u00f3 de les quotes de l&#8217;IBI i de l&#8217;IAE de 2024 quan s&#8217;acrediten les condicions arreplegades en esta normativa.<\/p>\n\n\n\n<p class=\"wp-block-paragraph\">A m\u00e9s, el Servici de Gesti\u00f3 Tribut\u00e0ria de la Diputaci\u00f3 de Val\u00e8ncia est\u00e0 ultimant el procediment per a facilitar la devoluci\u00f3 dels rebuts pagats per les persones afectades. Este tr\u00e0mit estar\u00e0 disponible pr\u00f2ximament en <a href=\"http:\/\/www.sede.dival.es\/oficinatributaria\">www.sede.dival.es\/oficinatributaria<\/a>. Amb l&#8217;ajuda de la intel\u00b7lig\u00e8ncia artificial, Gestri continuar\u00e0 actualitzant la informaci\u00f3 sobre este tema i oferint m\u00e9s detalls dels tr\u00e0mits a realitzar.<\/p>\n\n\n\n<figure class=\"wp-block-image size-large\"><img loading=\"lazy\" decoding=\"async\" width=\"1024\" height=\"562\" src=\"http:\/\/www.tucomarca.com\/wordpress\/segunda\/wp-content\/uploads\/2024\/11\/Gestri-1024x562.jpg\" alt=\"\" class=\"wp-image-245305\" srcset=\"https:\/\/tucomarca.whitekongsoftware.com\/wp-content\/uploads\/2024\/11\/Gestri-1024x562.jpg 1024w, https:\/\/tucomarca.whitekongsoftware.com\/wp-content\/uploads\/2024\/11\/Gestri-300x165.jpg 300w, https:\/\/tucomarca.whitekongsoftware.com\/wp-content\/uploads\/2024\/11\/Gestri-768x422.jpg 768w, https:\/\/tucomarca.whitekongsoftware.com\/wp-content\/uploads\/2024\/11\/Gestri.jpg 1080w\" sizes=\"auto, (max-width: 1024px) 100vw, 1024px\" \/><\/figure>\n","protected":false},"excerpt":{"rendered":"<div class=\"mh-excerpt\">La Diputaci\u00f3 de Val\u00e8ncia ha introdu\u00eft en Gestri, el xat per a consultes sobre tributs, respostes a les preguntes que estan entrant relacionades amb la DANA.&nbsp; L&#8217;assistent conversacional triling\u00fce (castell\u00e0-valenci\u00e0-angl\u00e9s) informa des de hui sobre <a class=\"mh-excerpt-more\" href=\"https:\/\/tucomarca.whitekongsoftware.com\/ca\/la-diputacio-de-valencia-resol-dubtes-tributaris-als-afectats-per-la-dana-a-traves-del-seu-assistent-virtual\/\" title=\"La Diputaci\u00f3 de Val\u00e8ncia resol dubtes tributaris als afectats per la DANA a trav\u00e9s del seu assistent virtual\">[+] <\/a><\/div>\n","protected":false},"author":12,"featured_media":245304,"comment_status":"open","ping_status":"open","sticky":false,"template":"","format":"standard","meta":{"footnotes":""},"categories":[21466,10898,10948,10894,10904,10903,10947,10896,10897],"tags":[15409,11246,21565],"class_list":["post-245308","post","type-post","status-publish","format-standard","has-post-thumbnail","category-dana-ca","category-ventana-ca","category-infraestructuras-ca","category-la-comarca-ca","category-sin-categorizar-ca","category-medio-ambiente-la-comarca-ca","category-politica","category-seccion-ca","category-sucesos-la-comarca-ca","tag-dana-2-ca","tag-diputacio-de-valencia-ca","tag-gestion-tributaria-de-la-diputacion-ca"],"_links":{"self":[{"href":"https:\/\/tucomarca.whitekongsoftware.com\/ca\/wp-json\/wp\/v2\/posts\/245308","targetHints":{"allow":["GET"]}}],"collection":[{"href":"https:\/\/tucomarca.whitekongsoftware.com\/ca\/wp-json\/wp\/v2\/posts"}],"about":[{"href":"https:\/\/tucomarca.whitekongsoftware.com\/ca\/wp-json\/wp\/v2\/types\/post"}],"author":[{"embeddable":true,"href":"https:\/\/tucomarca.whitekongsoftware.com\/ca\/wp-json\/wp\/v2\/users\/12"}],"replies":[{"embeddable":true,"href":"https:\/\/tucomarca.whitekongsoftware.com\/ca\/wp-json\/wp\/v2\/comments?post=245308"}],"version-history":[{"count":0,"href":"https:\/\/tucomarca.whitekongsoftware.com\/ca\/wp-json\/wp\/v2\/posts\/245308\/revisions"}],"wp:featuredmedia":[{"embeddable":true,"href":"https:\/\/tucomarca.whitekongsoftware.com\/ca\/wp-json\/wp\/v2\/media\/245304"}],"wp:attachment":[{"href":"https:\/\/tucomarca.whitekongsoftware.com\/ca\/wp-json\/wp\/v2\/media?parent=245308"}],"wp:term":[{"taxonomy":"category","embeddable":true,"href":"https:\/\/tucomarca.whitekongsoftware.com\/ca\/wp-json\/wp\/v2\/categories?post=245308"},{"taxonomy":"post_tag","embeddable":true,"href":"https:\/\/tucomarca.whitekongsoftware.com\/ca\/wp-json\/wp\/v2\/tags?post=245308"}],"curies":[{"name":"wp","href":"https:\/\/api.w.org\/{rel}","templated":true}]}}