{"id":245296,"date":"2024-11-15T13:00:00","date_gmt":"2024-11-15T11:00:00","guid":{"rendered":"https:\/\/www.tucomarca.com\/wordpress\/segunda\/?p=245296"},"modified":"2024-11-15T16:43:24","modified_gmt":"2024-11-15T14:43:24","slug":"la-generalitat-reobri-la-carretera-cv-390-i-recupera-la-mobilitat-dels-serrans-despres-de-finalitzar-els-treballs-demergencia-per-les-inundacions","status":"publish","type":"post","link":"https:\/\/tucomarca.whitekongsoftware.com\/ca\/la-generalitat-reobri-la-carretera-cv-390-i-recupera-la-mobilitat-dels-serrans-despres-de-finalitzar-els-treballs-demergencia-per-les-inundacions\/","title":{"rendered":"La Generalitat reobri la carretera CV-390 i recupera la mobilitat dels Serrans despr\u00e9s de finalitzar els treballs d&#8217;emerg\u00e8ncia per les inundacions"},"content":{"rendered":"\n<h3 class=\"wp-block-heading\">La via permet millorar la connectivitat de poblacions com Beng\u00e9ber o Tu\u00e9jar una vegada completada la reparaci\u00f3 de diferents foradades.<\/h3>\n\n\n\n<p class=\"wp-block-paragraph\">La Conselleria de Medi Ambient, Infraestructures i Territori ha finalitzat els treballs d&#8217;emerg\u00e8ncia en la CV-390 i ha reobert la carretera i recuperat aix\u00ed la mobilitat de la comarca dels Serrans despr\u00e9s de finalitzar els treballs d&#8217;emerg\u00e8ncia per les inundacions.<br>La Generalitat ha executat obres d&#8217;emerg\u00e8ncia en dos punts per a la reparaci\u00f3 de talussos i de la plataforma de la carretera que comptava amb dues grans foradades.<br>En total, era 1,6 quil\u00f2metres de carretera els afectats, que romanien tallats fins ara. Les actuacions s&#8217;han dut a terme en el tram compr\u00e9s entre el punt quilom\u00e8tric 3+100 i el 4+700 i entre el punt quilom\u00e8tric 13+300 i el 13+500.<br>La recuperaci\u00f3 d&#8217;aquesta via \u00e9s fonamental per a recuperar la connectivitat de la comarca, per\u00f2 tamb\u00e9 per a restablir la connexi\u00f3 amb el canal de reg de l&#8217;embassament que proveeix al Camp del T\u00faria, clau per a l&#8217;agricultura de la zona.<br>D&#8217;aquesta manera, la Generalitat ha recuperat la mobilitat en m\u00e9s d&#8217;una desena carreteres afectades per la DANA. Aquesta mateixa setmana s&#8217;ha obert de manera provisional la CV-33 i un tram de la CV-36. Es treballa per a restablir la totalitat d&#8217;aquesta via, aix\u00ed com la CV-42, la CV-50 o la CV-403 en els pr\u00f2xims dies.<\/p>\n","protected":false},"excerpt":{"rendered":"<div class=\"mh-excerpt\">La via permet millorar la connectivitat de poblacions com Beng\u00e9ber o Tu\u00e9jar una vegada completada la reparaci\u00f3 de diferents foradades. La Conselleria de Medi Ambient, Infraestructures i Territori ha finalitzat els treballs d&#8217;emerg\u00e8ncia en la <a class=\"mh-excerpt-more\" href=\"https:\/\/tucomarca.whitekongsoftware.com\/ca\/la-generalitat-reobri-la-carretera-cv-390-i-recupera-la-mobilitat-dels-serrans-despres-de-finalitzar-els-treballs-demergencia-per-les-inundacions\/\" title=\"La Generalitat reobri la carretera CV-390 i recupera la mobilitat dels Serrans despr\u00e9s de finalitzar els treballs d&#8217;emerg\u00e8ncia per les inundacions\">[+] <\/a><\/div>\n","protected":false},"author":12,"featured_media":108614,"comment_status":"open","ping_status":"open","sticky":false,"template":"","format":"standard","meta":{"footnotes":""},"categories":[11041,21466,11046,10898,10948,10894,10904,10903,10947,10896,10897,11028],"tags":[11198,21563,15409,11498,11080,11173],"class_list":["post-245296","post","type-post","status-publish","format-standard","has-post-thumbnail","category-benageber-ca","category-dana-ca","category-los-serranos-ca","category-ventana-ca","category-infraestructuras-ca","category-la-comarca-ca","category-sin-categorizar-ca","category-medio-ambiente-la-comarca-ca","category-politica","category-seccion-ca","category-sucesos-la-comarca-ca","category-tuejar-ca","tag-benageber-ca","tag-cv-390-ca","tag-dana-2-ca","tag-generalitat-valenciana-ca","tag-los-serranos-ca","tag-tuejar-ca"],"_links":{"self":[{"href":"https:\/\/tucomarca.whitekongsoftware.com\/ca\/wp-json\/wp\/v2\/posts\/245296","targetHints":{"allow":["GET"]}}],"collection":[{"href":"https:\/\/tucomarca.whitekongsoftware.com\/ca\/wp-json\/wp\/v2\/posts"}],"about":[{"href":"https:\/\/tucomarca.whitekongsoftware.com\/ca\/wp-json\/wp\/v2\/types\/post"}],"author":[{"embeddable":true,"href":"https:\/\/tucomarca.whitekongsoftware.com\/ca\/wp-json\/wp\/v2\/users\/12"}],"replies":[{"embeddable":true,"href":"https:\/\/tucomarca.whitekongsoftware.com\/ca\/wp-json\/wp\/v2\/comments?post=245296"}],"version-history":[{"count":0,"href":"https:\/\/tucomarca.whitekongsoftware.com\/ca\/wp-json\/wp\/v2\/posts\/245296\/revisions"}],"wp:featuredmedia":[{"embeddable":true,"href":"https:\/\/tucomarca.whitekongsoftware.com\/ca\/wp-json\/wp\/v2\/media\/108614"}],"wp:attachment":[{"href":"https:\/\/tucomarca.whitekongsoftware.com\/ca\/wp-json\/wp\/v2\/media?parent=245296"}],"wp:term":[{"taxonomy":"category","embeddable":true,"href":"https:\/\/tucomarca.whitekongsoftware.com\/ca\/wp-json\/wp\/v2\/categories?post=245296"},{"taxonomy":"post_tag","embeddable":true,"href":"https:\/\/tucomarca.whitekongsoftware.com\/ca\/wp-json\/wp\/v2\/tags?post=245296"}],"curies":[{"name":"wp","href":"https:\/\/api.w.org\/{rel}","templated":true}]}}