{"id":245126,"date":"2024-11-14T11:30:00","date_gmt":"2024-11-14T09:30:00","guid":{"rendered":"https:\/\/www.tucomarca.com\/wordpress\/segunda\/?p=245126"},"modified":"2024-11-14T13:04:36","modified_gmt":"2024-11-14T11:04:36","slug":"l-a-diputacio-garantix-el-subministrament-daigua-potable-a-villar-del-arzobispo-despres-dels-danys-causats-per-la-dana","status":"publish","type":"post","link":"https:\/\/tucomarca.whitekongsoftware.com\/ca\/l-a-diputacio-garantix-el-subministrament-daigua-potable-a-villar-del-arzobispo-despres-dels-danys-causats-per-la-dana\/","title":{"rendered":"La Diputaci\u00f3 garantix el subministrament d&#8217;aigua potable a Villar del Arzobispo despr\u00e9s dels danys causats per la DANA"},"content":{"rendered":"\n<h3 class=\"wp-block-heading\">Egevasa, empresa dependent de la corporaci\u00f3 provincial, equipa i posa en funcionament un pou per a proveir a la poblaci\u00f3. El canal que transcorre entre Benag\u00e9ber i el sif\u00f3 del Ti\u00f1oso ha resultat molt danyat.<\/h3>\n\n\n\n<h3 class=\"wp-block-heading\">La vicepresidenta i responsable d\u2019Egevasa, Nat\u00e0lia Enguix, destaca \u201cel treball de l&#8217;empresa p\u00fablica per a resoldre amb urg\u00e8ncia els problemes amb el servici, fins que puguen executar-se les reparacions definitives\u201d.<\/h3>\n\n\n\n<p class=\"wp-block-paragraph\">La Diputaci\u00f3 de Val\u00e8ncia garantix el subministrament d&#8217;aigua potable a Villar del Arzobispo despr\u00e9s dels danys causats per la DANA. Els t\u00e8cnics i operaris d\u2019Egevasa, empresa dependent de la corporaci\u00f3 provincial, han fet treballs d&#8217;urg\u00e8ncia per a equipar i posar en funcionament un pou situat en la mateixa parcel\u00b7la on est\u00e0 l&#8217;antic pou Cerro Gordo, fora d&#8217;\u00fas durant molts anys. \u201cAmb estes obres s&#8217;ha trobat una alternativa per a proveir d&#8217;aigua als ve\u00efns i ve\u00efnes de Villar fins que es puguen reparar de manera definitiva els danys en el canal\u201d, explica la vicepresidenta primera i responsable d\u2019Egevasa, Nat\u00e0lia Enguix.<\/p>\n\n\n\n<p class=\"wp-block-paragraph\">La mateixa Enguix ha explicat que, a causa de la DANA, \u201ces va produir un despreniment del vessant sobre el canal entre Benag\u00e9ber i el sif\u00f3 del Ti\u00f1oso, que \u00e9s per on circula el cabal d&#8217;aigua que prove\u00efx a la poblaci\u00f3 de Villar\u201d. \u201cLa reconstrucci\u00f3 de la canalitzaci\u00f3 \u00e9s complicada de solucionar a curt termini, per aix\u00f2 l&#8217;important era donar una resposta immediata per a no deixar sense aigua potable als m\u00e9s de 3.500 habitants de Villar, i eixa resposta l&#8217;ha donada Egevasa, que des del primer minut est\u00e0 actuant en les zones afectades per la DANA\u201d.<\/p>\n\n\n\n<p class=\"wp-block-paragraph\">En este cas, l&#8217;empresa amb majoria de la Diputaci\u00f3 va actuar amb rapidesa equipant un pou amb els equips, maquin\u00e0ria i instrumental per a portar l&#8217;aigua al poble. \u201cEsta soluci\u00f3 d&#8217;urg\u00e8ncia pot ser un complement, per\u00f2 era necessari buscar una alternativa estable fins que es puguen reparar definitivament els danys causats per la DANA\u201d, explica la responsable d\u2019Egevasa, qui destaca \u201cla rapidesa amb la qual s&#8217;han fet els treballs de posada en marxa, fins i tot abans que arribara el nou episodi de fortes pluges anunciat per l\u2019Aemet per a estos dies i que podia complicar l&#8217;actuaci\u00f3\u201d.<\/p>\n\n\n\n<p class=\"wp-block-paragraph\">Des del pou antic part una canonada de polietil\u00e9 d&#8217;uns sis quil\u00f2metres i 160 mil\u00b7l\u00edmetres de di\u00e0metre, que havia estat fora de servici durant anys. Este conducte \u00e9s el que s&#8217;utilitzar\u00e0 per a impulsar el cabal del pou que s&#8217;ha equipat fins al canal, punt on a trav\u00e9s d&#8217;un bombament s&#8217;impulsar\u00e0 fins a la planta de tractament del municipi. Per a comprovar l&#8217;estat de la canonada, s&#8217;ha realitzat una prova de pressi\u00f3, detectant un trencament en la galeria que creua la CV-35 que ha sigut reparada.<\/p>\n\n\n\n<p class=\"wp-block-paragraph\">Per a fer el treball d&#8217;urg\u00e8ncia, amb l&#8217;autoritzaci\u00f3 de la Conselleria de Medi Ambient i la DGT, s&#8217;ha desviat el tr\u00e0nsit dels carrils esquerres de la CV35, en el PK49+100, per a garantir la seguretat dels operaris. \u201cUna vegada s&#8217;haja confirmat el funcionament del sistema, es netejar\u00e0 la zona i nom\u00e9s caldr\u00e0 esperar als resultats anal\u00edtics que certifiquen l&#8217;aptitud de l&#8217;aigua potable\u201d, avan\u00e7a Nat\u00e0lia Enguix. D&#8217;igual manera, i a fi d&#8217;augmentar la font de recursos d&#8217;aigua potable en la localitat, s&#8217;han instal\u00b7lat dos potabilitzadores m\u00f2bils d&#8217;\u00fas gratu\u00eft per als ve\u00efns, proporcionades per Protecci\u00f3 Civil.<\/p>\n\n\n\n<p class=\"wp-block-paragraph\"><strong>Servicis b\u00e0sics<\/strong><\/p>\n\n\n\n<p class=\"wp-block-paragraph\">La Diputaci\u00f3 de Val\u00e8ncia que presidix Vicent Momp\u00f3 treballa des del primer minut de la cat\u00e0strofe en el restabliment de servicis b\u00e0sics com el d&#8217;aigua potable i en la reconstrucci\u00f3 d&#8217;infraestructures imprescindibles per a les comunicacions i l&#8217;acc\u00e9s als municipis afectats, com s\u00f3n carreteres i ponts. \u201cEsta \u00e9s la instituci\u00f3 m\u00e9s pr\u00f2xima als ve\u00efns i ve\u00efnes dels nostres pobles i no sols estem ajudant des de les \u00e0rees en les quals tenim compet\u00e8ncies directes, sin\u00f3 en tot all\u00f2 que podem resoldre o ajudar a resoldre despr\u00e9s d&#8217;escoltar di\u00e0riament els alcaldes i alcaldesses de les zones afectades\u201d.<\/p>\n\n\n\n<p class=\"wp-block-paragraph\">En carreteres, l&#8217;\u00e0rea que dirigix Reme Mazzolari ha destinat al voltant de 30 milions d&#8217;euros per a posar en servici les vies afectades de la xarxa provincial i reconstruir 26 ponts que constitu\u00efxen accessos directes a nuclis de poblaci\u00f3. En mat\u00e8ria d&#8217;aigua, s&#8217;ha creat un fons addicional de nou milions d&#8217;euros per a actuacions en el cicle hidr\u00e0ulic. Egevasa treballa en el restabliment del servici d&#8217;aigua potable i la reparaci\u00f3 de 75 depuradores danyades, en este cas junt amb l\u2019EPSAR. A m\u00e9s de realitzar les anal\u00edtiques per a comprovar la qualitat de l&#8217;aigua, s\u00f3n diversos els treballs d&#8217;urg\u00e8ncia realitzats, com els de Sot de Chera i Villar.<\/p>\n\n\n\n<p class=\"wp-block-paragraph\"><\/p>\n","protected":false},"excerpt":{"rendered":"<div class=\"mh-excerpt\">Egevasa, empresa dependent de la corporaci\u00f3 provincial, equipa i posa en funcionament un pou per a proveir a la poblaci\u00f3. El canal que transcorre entre Benag\u00e9ber i el sif\u00f3 del Ti\u00f1oso ha resultat molt danyat. <a class=\"mh-excerpt-more\" href=\"https:\/\/tucomarca.whitekongsoftware.com\/ca\/l-a-diputacio-garantix-el-subministrament-daigua-potable-a-villar-del-arzobispo-despres-dels-danys-causats-per-la-dana\/\" title=\"La Diputaci\u00f3 garantix el subministrament d&#8217;aigua potable a Villar del Arzobispo despr\u00e9s dels danys causats per la DANA\">[+] <\/a><\/div>\n","protected":false},"author":12,"featured_media":245125,"comment_status":"open","ping_status":"open","sticky":false,"template":"","format":"standard","meta":{"footnotes":""},"categories":[20520,21466,11046,10898,10948,10894,10904,20456,10903,10947,10896,10897,11029],"tags":[15409,11246,11080,17643,11119],"class_list":["post-245126","post","type-post","status-publish","format-standard","has-post-thumbnail","category-cooperacio-municipal","category-dana-ca","category-los-serranos-ca","category-ventana-ca","category-infraestructuras-ca","category-la-comarca-ca","category-sin-categorizar-ca","category-la-diputacio-de-valencia-informa-ca","category-medio-ambiente-la-comarca-ca","category-politica","category-seccion-ca","category-sucesos-la-comarca-ca","category-villar-del-arzobispo-ca","tag-dana-2-ca","tag-diputacio-de-valencia-ca","tag-los-serranos-ca","tag-sot-de-chera-ca","tag-villar-del-arzobispo-ca"],"_links":{"self":[{"href":"https:\/\/tucomarca.whitekongsoftware.com\/ca\/wp-json\/wp\/v2\/posts\/245126","targetHints":{"allow":["GET"]}}],"collection":[{"href":"https:\/\/tucomarca.whitekongsoftware.com\/ca\/wp-json\/wp\/v2\/posts"}],"about":[{"href":"https:\/\/tucomarca.whitekongsoftware.com\/ca\/wp-json\/wp\/v2\/types\/post"}],"author":[{"embeddable":true,"href":"https:\/\/tucomarca.whitekongsoftware.com\/ca\/wp-json\/wp\/v2\/users\/12"}],"replies":[{"embeddable":true,"href":"https:\/\/tucomarca.whitekongsoftware.com\/ca\/wp-json\/wp\/v2\/comments?post=245126"}],"version-history":[{"count":0,"href":"https:\/\/tucomarca.whitekongsoftware.com\/ca\/wp-json\/wp\/v2\/posts\/245126\/revisions"}],"wp:featuredmedia":[{"embeddable":true,"href":"https:\/\/tucomarca.whitekongsoftware.com\/ca\/wp-json\/wp\/v2\/media\/245125"}],"wp:attachment":[{"href":"https:\/\/tucomarca.whitekongsoftware.com\/ca\/wp-json\/wp\/v2\/media?parent=245126"}],"wp:term":[{"taxonomy":"category","embeddable":true,"href":"https:\/\/tucomarca.whitekongsoftware.com\/ca\/wp-json\/wp\/v2\/categories?post=245126"},{"taxonomy":"post_tag","embeddable":true,"href":"https:\/\/tucomarca.whitekongsoftware.com\/ca\/wp-json\/wp\/v2\/tags?post=245126"}],"curies":[{"name":"wp","href":"https:\/\/api.w.org\/{rel}","templated":true}]}}