{"id":244950,"date":"2024-11-12T12:16:00","date_gmt":"2024-11-12T10:16:00","guid":{"rendered":"https:\/\/www.tucomarca.com\/wordpress\/segunda\/?p=244950"},"modified":"2024-11-12T23:10:40","modified_gmt":"2024-11-12T21:10:40","slug":"testimoniatges-de-la-tragedia-emotiva-trobada-dana-veina-dutiel-amb-lagent-que-la-va-salvar","status":"publish","type":"post","link":"https:\/\/tucomarca.whitekongsoftware.com\/ca\/testimoniatges-de-la-tragedia-emotiva-trobada-dana-veina-dutiel-amb-lagent-que-la-va-salvar\/","title":{"rendered":"Testimoniatges de la trag\u00e8dia: emotiva trobada d&#8217;Ana, ve\u00efna d&#8217;Utiel, amb l&#8217;agent que la va salvar"},"content":{"rendered":"\n<figure class=\"wp-block-embed is-type-video is-provider-youtube wp-block-embed-youtube wp-embed-aspect-16-9 wp-has-aspect-ratio\"><div class=\"wp-block-embed__wrapper\">\n<iframe loading=\"lazy\" title=\"Testimonios de la tragedia: emotivo encuentro de Ana, vecina de Utiel, con el agente que la salv\u00f3\" width=\"500\" height=\"281\" src=\"https:\/\/www.youtube.com\/embed\/PVLb79oFESk?feature=oembed\" frameborder=\"0\" allow=\"accelerometer; autoplay; clipboard-write; encrypted-media; gyroscope; picture-in-picture; web-share\" referrerpolicy=\"strict-origin-when-cross-origin\" allowfullscreen><\/iframe>\n<\/div><\/figure>\n\n\n\n<p class=\"wp-block-paragraph\">\u201cSi et vas, em jo vaig darrere\u201d li va dir el cap de la Gu\u00e0rdia Civil Fran a Ana, ve\u00efna d&#8217;Utiel, mentre tots dos lluitaven contra la for\u00e7a del torrent. Per\u00f2 van aguantar i hui poden explicar-ho. Gr\u00e0cies a l&#8217;ajuda dels treballadors del camp, que van aportar la seua maquin\u00e0ria des del primer minut i es van jugar el tipus conduint-la, a Utiel es van poder salvar a desenes de persones. Aquest \u00e9s el seu testimoniatge.<\/p>\n","protected":false},"excerpt":{"rendered":"<div class=\"mh-excerpt\">\u201cSi et vas, em jo vaig darrere\u201d li va dir el cap de la Gu\u00e0rdia Civil Fran a Ana, ve\u00efna d&#8217;Utiel, mentre tots dos lluitaven contra la for\u00e7a del torrent. Per\u00f2 van aguantar i hui <a class=\"mh-excerpt-more\" href=\"https:\/\/tucomarca.whitekongsoftware.com\/ca\/testimoniatges-de-la-tragedia-emotiva-trobada-dana-veina-dutiel-amb-lagent-que-la-va-salvar\/\" title=\"Testimoniatges de la trag\u00e8dia: emotiva trobada d&#8217;Ana, ve\u00efna d&#8217;Utiel, amb l&#8217;agent que la va salvar\">[+] <\/a><\/div>\n","protected":false},"author":1,"featured_media":244948,"comment_status":"open","ping_status":"open","sticky":false,"template":"","format":"video","meta":{"footnotes":""},"categories":[21466,10898,10894,10904,11004,10909,10896,10897,11059,11062],"tags":[21536,15409,14365,10910,21537,11174,21538],"class_list":["post-244950","post","type-post","status-publish","format-video","has-post-thumbnail","category-dana-ca","category-ventana-ca","category-la-comarca-ca","category-sin-categorizar-ca","category-la-semana-en-imagenes-ca","category-requena-utiel-ca","category-seccion-ca","category-sucesos-la-comarca-ca","category-utiel-ca","category-videos","tag-civil-ca","tag-dana-2-ca","tag-guardia-ca","tag-requena-utiel-ca","tag-salvada-ca","tag-utiel-ca","tag-vecina-ca","post_format-post-format-video"],"_links":{"self":[{"href":"https:\/\/tucomarca.whitekongsoftware.com\/ca\/wp-json\/wp\/v2\/posts\/244950","targetHints":{"allow":["GET"]}}],"collection":[{"href":"https:\/\/tucomarca.whitekongsoftware.com\/ca\/wp-json\/wp\/v2\/posts"}],"about":[{"href":"https:\/\/tucomarca.whitekongsoftware.com\/ca\/wp-json\/wp\/v2\/types\/post"}],"author":[{"embeddable":true,"href":"https:\/\/tucomarca.whitekongsoftware.com\/ca\/wp-json\/wp\/v2\/users\/1"}],"replies":[{"embeddable":true,"href":"https:\/\/tucomarca.whitekongsoftware.com\/ca\/wp-json\/wp\/v2\/comments?post=244950"}],"version-history":[{"count":0,"href":"https:\/\/tucomarca.whitekongsoftware.com\/ca\/wp-json\/wp\/v2\/posts\/244950\/revisions"}],"wp:featuredmedia":[{"embeddable":true,"href":"https:\/\/tucomarca.whitekongsoftware.com\/ca\/wp-json\/wp\/v2\/media\/244948"}],"wp:attachment":[{"href":"https:\/\/tucomarca.whitekongsoftware.com\/ca\/wp-json\/wp\/v2\/media?parent=244950"}],"wp:term":[{"taxonomy":"category","embeddable":true,"href":"https:\/\/tucomarca.whitekongsoftware.com\/ca\/wp-json\/wp\/v2\/categories?post=244950"},{"taxonomy":"post_tag","embeddable":true,"href":"https:\/\/tucomarca.whitekongsoftware.com\/ca\/wp-json\/wp\/v2\/tags?post=244950"}],"curies":[{"name":"wp","href":"https:\/\/api.w.org\/{rel}","templated":true}]}}