{"id":244938,"date":"2024-11-12T12:02:00","date_gmt":"2024-11-12T10:02:00","guid":{"rendered":"https:\/\/www.tucomarca.com\/wordpress\/segunda\/?p=244938"},"modified":"2024-11-12T21:38:20","modified_gmt":"2024-11-12T19:38:20","slug":"els-municipis-de-la-foia-de-bunyol-xiva-suspenen-lactivitat-educativa-davant-lalerta-taronja-per-fortes-pluges","status":"publish","type":"post","link":"https:\/\/tucomarca.whitekongsoftware.com\/ca\/els-municipis-de-la-foia-de-bunyol-xiva-suspenen-lactivitat-educativa-davant-lalerta-taronja-per-fortes-pluges\/","title":{"rendered":"Els municipis de La Foia de Bunyol-Xiva suspenen l&#8217;activitat educativa davant l&#8217;alerta taronja per fortes pluges"},"content":{"rendered":"\n<p class=\"wp-block-paragraph\">Els municipis de La Foia de Bunyol-Xiva han susp\u00e9s les activitats educatives i esportives a causa de l&#8217;alerta taronja per pluges intenses emesa per la Aemet, que adverteix de possibles precipitacions &#8220;molt fortes i persistents&#8221; de fins a 150 l\/m\u00b2.<\/p>\n\n\n\n<p class=\"wp-block-paragraph\">Els ajuntaments d&#8217;Alboraig, Bunyol, Xest, Xiva, Godelleta, I\u00e0tova i la veina localitat de Tur\u00eds, a la Ribera alta, han decidit prendre aquesta mesura preventiva, seguint les recomanacions del Cecopal despr\u00e9s d&#8217;avaluar la situaci\u00f3 en la reuni\u00f3 d&#8217;emerg\u00e8ncia.<\/p>\n\n\n\n<figure class=\"wp-block-image size-large\"><img loading=\"lazy\" decoding=\"async\" width=\"724\" height=\"1024\" src=\"http:\/\/www.tucomarca.com\/wordpress\/segunda\/wp-content\/uploads\/2024\/11\/112emergencias12nov-724x1024.jpg\" alt=\"\" class=\"wp-image-244935\" srcset=\"https:\/\/tucomarca.whitekongsoftware.com\/wp-content\/uploads\/2024\/11\/112emergencias12nov-724x1024.jpg 724w, https:\/\/tucomarca.whitekongsoftware.com\/wp-content\/uploads\/2024\/11\/112emergencias12nov-212x300.jpg 212w, https:\/\/tucomarca.whitekongsoftware.com\/wp-content\/uploads\/2024\/11\/112emergencias12nov-768x1086.jpg 768w, https:\/\/tucomarca.whitekongsoftware.com\/wp-content\/uploads\/2024\/11\/112emergencias12nov-1086x1536.jpg 1086w, https:\/\/tucomarca.whitekongsoftware.com\/wp-content\/uploads\/2024\/11\/112emergencias12nov-1448x2048.jpg 1448w, https:\/\/tucomarca.whitekongsoftware.com\/wp-content\/uploads\/2024\/11\/112emergencias12nov-scaled.jpg 1810w\" sizes=\"auto, (max-width: 724px) 100vw, 724px\" \/><\/figure>\n","protected":false},"excerpt":{"rendered":"<div class=\"mh-excerpt\">Els municipis de La Foia de Bunyol-Xiva han susp\u00e9s les activitats educatives i esportives a causa de l&#8217;alerta taronja per pluges intenses emesa per la Aemet, que adverteix de possibles precipitacions &#8220;molt fortes i persistents&#8221; <a class=\"mh-excerpt-more\" href=\"https:\/\/tucomarca.whitekongsoftware.com\/ca\/els-municipis-de-la-foia-de-bunyol-xiva-suspenen-lactivitat-educativa-davant-lalerta-taronja-per-fortes-pluges\/\" title=\"Els municipis de La Foia de Bunyol-Xiva suspenen l&#8217;activitat educativa davant l&#8217;alerta taronja per fortes pluges\">[+] <\/a><\/div>\n","protected":false},"author":12,"featured_media":244935,"comment_status":"open","ping_status":"open","sticky":false,"template":"","format":"standard","meta":{"footnotes":""},"categories":[10973,10911,21466,10898,10980,10948,10894,10904,10912,10902,10903,10947,10896,10897,11047,10974,10975],"tags":[14235,15409,10914,21533],"class_list":["post-244938","post","type-post","status-publish","format-standard","has-post-thumbnail","category-alborache-ca","category-bunol-ca","category-dana-ca","category-ventana-ca","category-yatova-ca","category-infraestructuras-ca","category-la-comarca-ca","category-sin-categorizar-ca","category-la-hoya-ca","category-la-ribera-ca","category-medio-ambiente-la-comarca-ca","category-politica","category-seccion-ca","category-sucesos-la-comarca-ca","category-turis-ca","category-cheste-ca","category-chiva-ca","tag-colegio-ca","tag-dana-2-ca","tag-la-hoya-de-bunol-chiva-ca","tag-suspension-de-actividad-educativa-ca"],"_links":{"self":[{"href":"https:\/\/tucomarca.whitekongsoftware.com\/ca\/wp-json\/wp\/v2\/posts\/244938","targetHints":{"allow":["GET"]}}],"collection":[{"href":"https:\/\/tucomarca.whitekongsoftware.com\/ca\/wp-json\/wp\/v2\/posts"}],"about":[{"href":"https:\/\/tucomarca.whitekongsoftware.com\/ca\/wp-json\/wp\/v2\/types\/post"}],"author":[{"embeddable":true,"href":"https:\/\/tucomarca.whitekongsoftware.com\/ca\/wp-json\/wp\/v2\/users\/12"}],"replies":[{"embeddable":true,"href":"https:\/\/tucomarca.whitekongsoftware.com\/ca\/wp-json\/wp\/v2\/comments?post=244938"}],"version-history":[{"count":0,"href":"https:\/\/tucomarca.whitekongsoftware.com\/ca\/wp-json\/wp\/v2\/posts\/244938\/revisions"}],"wp:featuredmedia":[{"embeddable":true,"href":"https:\/\/tucomarca.whitekongsoftware.com\/ca\/wp-json\/wp\/v2\/media\/244935"}],"wp:attachment":[{"href":"https:\/\/tucomarca.whitekongsoftware.com\/ca\/wp-json\/wp\/v2\/media?parent=244938"}],"wp:term":[{"taxonomy":"category","embeddable":true,"href":"https:\/\/tucomarca.whitekongsoftware.com\/ca\/wp-json\/wp\/v2\/categories?post=244938"},{"taxonomy":"post_tag","embeddable":true,"href":"https:\/\/tucomarca.whitekongsoftware.com\/ca\/wp-json\/wp\/v2\/tags?post=244938"}],"curies":[{"name":"wp","href":"https:\/\/api.w.org\/{rel}","templated":true}]}}