{"id":244765,"date":"2024-11-12T08:40:00","date_gmt":"2024-11-12T06:40:00","guid":{"rendered":"https:\/\/www.tucomarca.com\/wordpress\/segunda\/?p=244765"},"modified":"2024-11-12T21:03:43","modified_gmt":"2024-11-12T19:03:43","slug":"troben-els-cadavers-dels-quatre-empresaris-desapareguts-entre-xiva-i-xest-a-causa-de-la-dana","status":"publish","type":"post","link":"https:\/\/tucomarca.whitekongsoftware.com\/ca\/troben-els-cadavers-dels-quatre-empresaris-desapareguts-entre-xiva-i-xest-a-causa-de-la-dana\/","title":{"rendered":"Troben els cad\u00e0vers dels quatre empresaris desapareguts entre Xiva i Xest a causa de la DANA"},"content":{"rendered":"\n<h3 class=\"wp-block-heading\">Entre ells el cos de Miguel Burdeos, president de SPB i Cleanity, empreses situades a Xest i Bunyol\u00a0 respectivament.<\/h3>\n\n\n\n<p class=\"wp-block-paragraph\">Els equips de rescat han trobat el cos sense vida de Miguel Burdeos, president de SPB i Cleanity, empreses situades a Xest i Bunyol, respectivament, desaparegut el passat 29 d&#8217;octubre durant la DANA, al costat d&#8217;altres tres empresaris amics: Vicente Taranc\u00f3n, Jos\u00e9 Luis Mar\u00edn i Antonio Noblejas.\u00a0<\/p>\n\n\n\n<p class=\"wp-block-paragraph\">Miguel Bordeus ha sigut fundador de les empresa prove\u00efdora de les marques Deliplus i Bosque Verde exclusiva de Mercadona, va ser vist per \u00faltima vegada despr\u00e9s d&#8217;un menjar amb els seus uns altres tres amics empresaris a Xiva. La seua desaparici\u00f3 va oc\u00f3rrer al voltant de les 18,00 hores, quan el cotxe en el qual viatjava va ser aconseguit per la riuada.<\/p>\n\n\n\n<p class=\"wp-block-paragraph\">La pista se&#8217;ls va perdre entre la carretera CV-378 i la CV-383 de Xest uns vint minuts despr\u00e9s d&#8217;eixir de l&#8217;establiment. Se sap que els empresaris es van despla\u00e7ar fins al restaurant en dos vehicles, tot apunta al fet que Bordeus i Taranc\u00f3n anaven plegats en un dels turismes.<\/p>\n\n\n\n<p class=\"wp-block-paragraph\">El seu cos va ser trobat poc despr\u00e9s de la troballa del tamb\u00e9 empresari i company en el menjar Vicente Taranc\u00f3n, fundador de la marca esportiva Luanvi.<\/p>\n\n\n\n<p class=\"wp-block-paragraph\">Des de SPB i Cleanity, s&#8217;ha ressaltat el \u201cestil de gesti\u00f3\u201d, la \u201c\u00e8tica irreprotxable\u201d i el \u201ccomprom\u00eds amb el seu equip\u201d de Miguel Bordeus, vicepresident de la CEV i l\u00edder en innovaci\u00f3 com a president de la seua Comissi\u00f3 de R+D+I. Les seues companyies subratllen el seu paper crucial en la consolidaci\u00f3 de la ind\u00fastria qu\u00edmica valenciana, amb un enfocament en pr\u00e0ctiques responsables i sostenibles. La patronal valenciana ha expressat la seua pesar per la seua defunci\u00f3 en xarxes socials. A m\u00e9s, les seues filles, directores generals de SPB i Cleanity, continuen el seu llegat en l&#8217;empresa.<\/p>\n\n\n\n<p class=\"wp-block-paragraph\"><\/p>\n","protected":false},"excerpt":{"rendered":"<div class=\"mh-excerpt\">Entre ells el cos de Miguel Burdeos, president de SPB i Cleanity, empreses situades a Xest i Bunyol\u00a0 respectivament. Els equips de rescat han trobat el cos sense vida de Miguel Burdeos, president de SPB <a class=\"mh-excerpt-more\" href=\"https:\/\/tucomarca.whitekongsoftware.com\/ca\/troben-els-cadavers-dels-quatre-empresaris-desapareguts-entre-xiva-i-xest-a-causa-de-la-dana\/\" title=\"Troben els cad\u00e0vers dels quatre empresaris desapareguts entre Xiva i Xest a causa de la DANA\">[+] <\/a><\/div>\n","protected":false},"author":12,"featured_media":244763,"comment_status":"open","ping_status":"open","sticky":false,"template":"","format":"standard","meta":{"footnotes":""},"categories":[10911,21466,10898,10894,10904,10912,10896,10897,10974,10975],"tags":[10913,11071,21519,15409,10914,12126],"class_list":["post-244765","post","type-post","status-publish","format-standard","has-post-thumbnail","category-bunol-ca","category-dana-ca","category-ventana-ca","category-la-comarca-ca","category-sin-categorizar-ca","category-la-hoya-ca","category-seccion-ca","category-sucesos-la-comarca-ca","category-cheste-ca","category-chiva-ca","tag-bunol-ca","tag-cheste","tag-cleanity-ca","tag-dana-2-ca","tag-la-hoya-de-bunol-chiva-ca","tag-spb-ca"],"_links":{"self":[{"href":"https:\/\/tucomarca.whitekongsoftware.com\/ca\/wp-json\/wp\/v2\/posts\/244765","targetHints":{"allow":["GET"]}}],"collection":[{"href":"https:\/\/tucomarca.whitekongsoftware.com\/ca\/wp-json\/wp\/v2\/posts"}],"about":[{"href":"https:\/\/tucomarca.whitekongsoftware.com\/ca\/wp-json\/wp\/v2\/types\/post"}],"author":[{"embeddable":true,"href":"https:\/\/tucomarca.whitekongsoftware.com\/ca\/wp-json\/wp\/v2\/users\/12"}],"replies":[{"embeddable":true,"href":"https:\/\/tucomarca.whitekongsoftware.com\/ca\/wp-json\/wp\/v2\/comments?post=244765"}],"version-history":[{"count":0,"href":"https:\/\/tucomarca.whitekongsoftware.com\/ca\/wp-json\/wp\/v2\/posts\/244765\/revisions"}],"wp:featuredmedia":[{"embeddable":true,"href":"https:\/\/tucomarca.whitekongsoftware.com\/ca\/wp-json\/wp\/v2\/media\/244763"}],"wp:attachment":[{"href":"https:\/\/tucomarca.whitekongsoftware.com\/ca\/wp-json\/wp\/v2\/media?parent=244765"}],"wp:term":[{"taxonomy":"category","embeddable":true,"href":"https:\/\/tucomarca.whitekongsoftware.com\/ca\/wp-json\/wp\/v2\/categories?post=244765"},{"taxonomy":"post_tag","embeddable":true,"href":"https:\/\/tucomarca.whitekongsoftware.com\/ca\/wp-json\/wp\/v2\/tags?post=244765"}],"curies":[{"name":"wp","href":"https:\/\/api.w.org\/{rel}","templated":true}]}}