{"id":244742,"date":"2024-11-12T10:00:00","date_gmt":"2024-11-12T08:00:00","guid":{"rendered":"https:\/\/www.tucomarca.com\/wordpress\/segunda\/?p=244742"},"modified":"2024-11-12T18:33:42","modified_gmt":"2024-11-12T16:33:42","slug":"la-generalitat-destina-20-milions-deuros-per-a-reparar-camins-rurals-i-garantir-lacces-a-les-explotacions-agricoles-i-ramaderes","status":"publish","type":"post","link":"https:\/\/tucomarca.whitekongsoftware.com\/ca\/la-generalitat-destina-20-milions-deuros-per-a-reparar-camins-rurals-i-garantir-lacces-a-les-explotacions-agricoles-i-ramaderes\/","title":{"rendered":"La Generalitat destina 20 milions d&#8217;euros per a reparar camins rurals i garantir l&#8217;acc\u00e9s a les explotacions agr\u00edcoles i ramaderes"},"content":{"rendered":"\n<h3 class=\"wp-block-heading\">El president destaca la contractaci\u00f3 per emerg\u00e8ncia d&#8217;aquestes actuacions \u201cque ja s&#8217;han posat en marxa\u201d en quatre zones afectades per la DANA \u201cper a aconseguir el major nombre de camins en el menor temps possible\u201d.<\/h3>\n\n\n\n<h3 class=\"wp-block-heading\">S&#8217;executen a la Plana d&#8217;Utiel-Requena, La Foia de Bunyol-Els Serrans-Camp de T\u00faria, Ribera Alta-Ribera Baixa i L&#8217;Horta Sud amb una inversi\u00f3 mitjana de 5 milions d&#8217;euros per a cada \u00e0rea.<\/h3>\n\n\n\n<h3 class=\"wp-block-heading\">Assenyala que les actuacions \u201ctindran una duraci\u00f3 m\u00e0xima de huit mesos\u201d i posa en valor la coordinaci\u00f3 amb ajuntaments i la Diputaci\u00f3 de Val\u00e8ncia per a dur-les a terme.<\/h3>\n\n\n\n<h3 class=\"wp-block-heading\">Avanza que el ple extraordinari del Consell aprovar\u00e0 aquesta vesprada \u201cmesurades fiscals i de simplificaci\u00f3 administratives r\u00e0pides i immediates\u201d per a ajudar a les fam\u00edlies i empreses afectades per la DANA.<\/h3>\n\n\n\n<p class=\"wp-block-paragraph\">El president de la Generalitat, Carlos Maz\u00f3n, ha destacat que el Consell destina 20 milions d&#8217;euros per a dur a terme obres d&#8217;emerg\u00e8ncia per a reparar camins rurals i aix\u00ed garantir l&#8217;acc\u00e9s a les explotacions agr\u00edcoles i ramaderes.<\/p>\n\n\n\n<p class=\"wp-block-paragraph\">El cap del Consell ha avan\u00e7at que la Conselleria d&#8217;Agricultura, Aigua, Ramaderia i Pesca ha adjudicat, per tramitaci\u00f3 d&#8217;emerg\u00e8ncia, les obres de reparaci\u00f3 de camins rurals en els municipis afectats per la DANA 2024, \u201cque ja s&#8217;han posat en marxa i tindran una duraci\u00f3 m\u00e0xima de huit mesos\u201d.<\/p>\n\n\n\n<p class=\"wp-block-paragraph\">El president ha explicat que les obres s&#8217;han distribu\u00eft en quatre zones, per a poder escometre les actuacions \u201camb la major rapidesa possible\u201d. Aix\u00ed, els diferents municipis s&#8217;han agrupat en: La Plana d&#8217;Utiel-Requena, La Foia de Bunyol-Els Serrans-Camp de T\u00faria, Ribera Alta-Ribera Baixa i L&#8217;Horta Sud. Cada zona comptar\u00e0 amb una inversi\u00f3 mitjana de 5 milions d&#8217;euros.&nbsp;<\/p>\n\n\n\n<p class=\"wp-block-paragraph\">Les actuacions tenen com a objectiu restablir camins rurals amb la finalitat de garantir l&#8217;acc\u00e9s d&#8217;agricultors i ramaders a les seues explotacions, prioritzant aquells en els quals s&#8217;est\u00e0 efectuant la collita perqu\u00e8 puguen arreplegar-la, sempre atenent les necessitats que traslladen els municipis.&nbsp;<\/p>\n\n\n\n<p class=\"wp-block-paragraph\">Aix\u00ed mateix, el cap del Consell ha posat en valor la coordinaci\u00f3 de la Generalitat amb ajuntaments de les poblacions afectades i la Diputaci\u00f3 de Val\u00e8ncia per a dur a terme aquestes accions d&#8217;adequaci\u00f3.&nbsp;<\/p>\n\n\n\n<p class=\"wp-block-paragraph\">Carlos Maz\u00f3n ha ratificat el suport del Consell al sector primari valenci\u00e0 per a pal\u00b7liar les conseq\u00fc\u00e8ncies de la DANA. Aquesta nova mesura se suma a les ja realitzades per la Conselleria, entre les quals destaquen el subministrament d&#8217;aliment i aigua a les explotacions ramaderes, les reparacions d&#8217;urg\u00e8ncia en accessos a ramaderies, la retirada de productes en mal estat de les ind\u00fastries agroaliment\u00e0ries o la retirada d&#8217;animals morts.&nbsp;<\/p>\n\n\n\n<p class=\"wp-block-paragraph\"><strong>Noves mesures fiscals i de simplificaci\u00f3<\/strong><\/p>\n\n\n\n<p class=\"wp-block-paragraph\">El cap del Consell tamb\u00e9 ha avan\u00e7at que el Ple del Consell extraordinari aprovar\u00e0 \u201cmesures fiscals i de simplificaci\u00f3 administrativa r\u00e0pides i immediates\u201d per a ajudar a les fam\u00edlies i empreses afectades per la DANA.<\/p>\n\n\n\n<p class=\"wp-block-paragraph\">En concret, aquests incentius estan destinats a ampliar els beneficis fiscals per a pal\u00b7liar danys personals i materials derivats del temporal i a recuperar l&#8217;activitat econ\u00f2mica de les \u00e0rees afectades.<\/p>\n","protected":false},"excerpt":{"rendered":"<div class=\"mh-excerpt\">El president destaca la contractaci\u00f3 per emerg\u00e8ncia d&#8217;aquestes actuacions \u201cque ja s&#8217;han posat en marxa\u201d en quatre zones afectades per la DANA \u201cper a aconseguir el major nombre de camins en el menor temps possible\u201d. <a class=\"mh-excerpt-more\" href=\"https:\/\/tucomarca.whitekongsoftware.com\/ca\/la-generalitat-destina-20-milions-deuros-per-a-reparar-camins-rurals-i-garantir-lacces-a-les-explotacions-agricoles-i-ramaderes\/\" title=\"La Generalitat destina 20 milions d&#8217;euros per a reparar camins rurals i garantir l&#8217;acc\u00e9s a les explotacions agr\u00edcoles i ramaderes\">[+] <\/a><\/div>\n","protected":false},"author":13,"featured_media":244740,"comment_status":"open","ping_status":"open","sticky":false,"template":"","format":"standard","meta":{"footnotes":""},"categories":[10983,10892,21466,11046,10948,10995,10894,10904,10912,10902,10903,11025,10947,10909,10906,10896,10897,11059],"tags":[13821,10899,15409,11498,12903,11199,10914,11077,11080,10910],"class_list":["post-244742","post","type-post","status-publish","format-standard","has-post-thumbnail","category-algemesi-ca","category-camp-de-turia-ca","category-dana-ca","category-los-serranos-ca","category-infraestructuras-ca","category-lalcudia-ca","category-la-comarca-ca","category-sin-categorizar-ca","category-la-hoya-ca","category-la-ribera-ca","category-medio-ambiente-la-comarca-ca","category-pedralba-ca","category-politica","category-requena-utiel-ca","category-riba-roja-ca","category-seccion-ca","category-sucesos-la-comarca-ca","category-utiel-ca","tag-ayudas-ca","tag-camp-de-turia-ca","tag-dana-2-ca","tag-generalitat-valenciana-ca","tag-infraestructuras-ca","tag-la-comunitat-ca","tag-la-hoya-de-bunol-chiva-ca","tag-la-ribera-alta-ca","tag-los-serranos-ca","tag-requena-utiel-ca"],"_links":{"self":[{"href":"https:\/\/tucomarca.whitekongsoftware.com\/ca\/wp-json\/wp\/v2\/posts\/244742","targetHints":{"allow":["GET"]}}],"collection":[{"href":"https:\/\/tucomarca.whitekongsoftware.com\/ca\/wp-json\/wp\/v2\/posts"}],"about":[{"href":"https:\/\/tucomarca.whitekongsoftware.com\/ca\/wp-json\/wp\/v2\/types\/post"}],"author":[{"embeddable":true,"href":"https:\/\/tucomarca.whitekongsoftware.com\/ca\/wp-json\/wp\/v2\/users\/13"}],"replies":[{"embeddable":true,"href":"https:\/\/tucomarca.whitekongsoftware.com\/ca\/wp-json\/wp\/v2\/comments?post=244742"}],"version-history":[{"count":0,"href":"https:\/\/tucomarca.whitekongsoftware.com\/ca\/wp-json\/wp\/v2\/posts\/244742\/revisions"}],"wp:featuredmedia":[{"embeddable":true,"href":"https:\/\/tucomarca.whitekongsoftware.com\/ca\/wp-json\/wp\/v2\/media\/244740"}],"wp:attachment":[{"href":"https:\/\/tucomarca.whitekongsoftware.com\/ca\/wp-json\/wp\/v2\/media?parent=244742"}],"wp:term":[{"taxonomy":"category","embeddable":true,"href":"https:\/\/tucomarca.whitekongsoftware.com\/ca\/wp-json\/wp\/v2\/categories?post=244742"},{"taxonomy":"post_tag","embeddable":true,"href":"https:\/\/tucomarca.whitekongsoftware.com\/ca\/wp-json\/wp\/v2\/tags?post=244742"}],"curies":[{"name":"wp","href":"https:\/\/api.w.org\/{rel}","templated":true}]}}