{"id":244729,"date":"2024-11-11T09:25:00","date_gmt":"2024-11-11T07:25:00","guid":{"rendered":"https:\/\/www.tucomarca.com\/wordpress\/segunda\/?p=244729"},"modified":"2024-11-11T21:31:59","modified_gmt":"2024-11-11T19:31:59","slug":"video-testimoniatges-de-la-tragedia-la-dana-i-la-riuada-arrasa-els-habitatges-del-centre-del-poble-de-xiva","status":"publish","type":"post","link":"https:\/\/tucomarca.whitekongsoftware.com\/ca\/video-testimoniatges-de-la-tragedia-la-dana-i-la-riuada-arrasa-els-habitatges-del-centre-del-poble-de-xiva\/","title":{"rendered":"V\u00eddeo. Testimoniatges de la trag\u00e8dia: la DANA i la riuada arrasa els habitatges del centre del poble de Xiva"},"content":{"rendered":"\n<figure class=\"wp-block-embed is-type-video is-provider-youtube wp-block-embed-youtube wp-embed-aspect-16-9 wp-has-aspect-ratio\"><div class=\"wp-block-embed__wrapper\">\n<iframe loading=\"lazy\" title=\"Testimonios de la tragedia: la DANA y la riada arrasa las viviendas del centro del pueblo de Chiva\" width=\"500\" height=\"281\" src=\"https:\/\/www.youtube.com\/embed\/QlY6NEdTpFs?feature=oembed\" frameborder=\"0\" allow=\"accelerometer; autoplay; clipboard-write; encrypted-media; gyroscope; picture-in-picture; web-share\" referrerpolicy=\"strict-origin-when-cross-origin\" allowfullscreen><\/iframe>\n<\/div><figcaption class=\"wp-element-caption\"><em>Marcos Mora, al costat del barranc i enfront de la casa dels seus avis.<\/em><\/figcaption><\/figure>\n\n\n\n<p class=\"wp-block-paragraph\">Els habitatges que donen al barranc de Xiva han sigut les m\u00e9s afectades per la DANA i la riuada patida el passat 29 d&#8217;octubre. Els ve\u00efns de la zona, com Marcos Mora, descriuen a tucomarca televisi\u00f3 els dram\u00e0tics moments que es van viure durant eixa fat\u00eddica tarde-nit.<\/p>\n","protected":false},"excerpt":{"rendered":"<div class=\"mh-excerpt\">Els habitatges que donen al barranc de Xiva han sigut les m\u00e9s afectades per la DANA i la riuada patida el passat 29 d&#8217;octubre. Els ve\u00efns de la zona, com Marcos Mora, descriuen a tucomarca <a class=\"mh-excerpt-more\" href=\"https:\/\/tucomarca.whitekongsoftware.com\/ca\/video-testimoniatges-de-la-tragedia-la-dana-i-la-riuada-arrasa-els-habitatges-del-centre-del-poble-de-xiva\/\" title=\"V\u00eddeo. Testimoniatges de la trag\u00e8dia: la DANA i la riuada arrasa els habitatges del centre del poble de Xiva\">[+] <\/a><\/div>\n","protected":false},"author":1,"featured_media":244727,"comment_status":"open","ping_status":"open","sticky":false,"template":"","format":"video","meta":{"footnotes":""},"categories":[21466,10898,10948,10894,10904,10912,11004,10903,10947,10896,10897,11062,10975],"tags":[21464,11195,15409,21517,10914],"class_list":["post-244729","post","type-post","status-publish","format-video","has-post-thumbnail","category-dana-ca","category-ventana-ca","category-infraestructuras-ca","category-la-comarca-ca","category-sin-categorizar-ca","category-la-hoya-ca","category-la-semana-en-imagenes-ca","category-medio-ambiente-la-comarca-ca","category-politica","category-seccion-ca","category-sucesos-la-comarca-ca","category-videos","category-chiva-ca","tag-catastrofe-ca","tag-chiva-ca","tag-dana-2-ca","tag-desastre-ca","tag-la-hoya-de-bunol-chiva-ca","post_format-post-format-video"],"_links":{"self":[{"href":"https:\/\/tucomarca.whitekongsoftware.com\/ca\/wp-json\/wp\/v2\/posts\/244729","targetHints":{"allow":["GET"]}}],"collection":[{"href":"https:\/\/tucomarca.whitekongsoftware.com\/ca\/wp-json\/wp\/v2\/posts"}],"about":[{"href":"https:\/\/tucomarca.whitekongsoftware.com\/ca\/wp-json\/wp\/v2\/types\/post"}],"author":[{"embeddable":true,"href":"https:\/\/tucomarca.whitekongsoftware.com\/ca\/wp-json\/wp\/v2\/users\/1"}],"replies":[{"embeddable":true,"href":"https:\/\/tucomarca.whitekongsoftware.com\/ca\/wp-json\/wp\/v2\/comments?post=244729"}],"version-history":[{"count":0,"href":"https:\/\/tucomarca.whitekongsoftware.com\/ca\/wp-json\/wp\/v2\/posts\/244729\/revisions"}],"wp:featuredmedia":[{"embeddable":true,"href":"https:\/\/tucomarca.whitekongsoftware.com\/ca\/wp-json\/wp\/v2\/media\/244727"}],"wp:attachment":[{"href":"https:\/\/tucomarca.whitekongsoftware.com\/ca\/wp-json\/wp\/v2\/media?parent=244729"}],"wp:term":[{"taxonomy":"category","embeddable":true,"href":"https:\/\/tucomarca.whitekongsoftware.com\/ca\/wp-json\/wp\/v2\/categories?post=244729"},{"taxonomy":"post_tag","embeddable":true,"href":"https:\/\/tucomarca.whitekongsoftware.com\/ca\/wp-json\/wp\/v2\/tags?post=244729"}],"curies":[{"name":"wp","href":"https:\/\/api.w.org\/{rel}","templated":true}]}}