{"id":244707,"date":"2024-11-11T11:00:00","date_gmt":"2024-11-11T09:00:00","guid":{"rendered":"https:\/\/www.tucomarca.com\/wordpress\/segunda\/?p=244707"},"modified":"2024-11-11T20:00:07","modified_gmt":"2024-11-11T18:00:07","slug":"lajuntament-de-xiva-repren-les-classes-en-tots-els-seus-centres-escolars","status":"publish","type":"post","link":"https:\/\/tucomarca.whitekongsoftware.com\/ca\/lajuntament-de-xiva-repren-les-classes-en-tots-els-seus-centres-escolars\/","title":{"rendered":"L&#8217;Ajuntament de Xiva repr\u00e9n les classes en tots els seus centres escolars"},"content":{"rendered":"\n<h3 class=\"wp-block-heading\">Segueixen els treballs per la recuperaci\u00f3 d&#8217;habitatges i barris afectats per la DANA.<\/h3>\n\n\n\n<p class=\"wp-block-paragraph\">Despr\u00e9s de m\u00e9s de 13 dies sense classes a causa dels devastadors efectes de la DANA en el municipi, l&#8217;Ajuntament de Xiva informa els ve\u00efns que dem\u00e0, dimarts 12 de novembre, es reprenen les classes en tots els centres educatius del municipi. Les classes es duran a terme en el seu horari habitual en els seg\u00fcents centres:<\/p>\n\n\n\n<ul class=\"wp-block-list\">\n<li>CEIP Dr. Corachan<\/li>\n\n\n\n<li>CEIP La Murta<\/li>\n\n\n\n<li>CEIP Fco Mart\u00ednez Culla<\/li>\n\n\n\n<li>EPA (Escola d&#8217;Adults)<\/li>\n\n\n\n<li>Escola Infantil NINOS<\/li>\n\n\n\n<li>Escola Infantil El meu Col\u00b7le<\/li>\n\n\n\n<li>IES Marjana<\/li>\n\n\n\n<li>Escola d&#8217;Idiomes<\/li>\n<\/ul>\n\n\n\n<p class=\"wp-block-paragraph\">Aix\u00ed mateix, les rutes escolars funcionaran amb normalitat, amb les seg\u00fcents excepcions:<\/p>\n\n\n\n<ul class=\"wp-block-list\">\n<li>Calicanto 1, 2, 3, 4 i 5 i Sierra Perenchiza: S&#8217;habilitar\u00e0 una parada alternativa al carrer d&#8217;acc\u00e9s a la urbanitzaci\u00f3 Sierra Perenchiza, des de la carretera CV-424 km 4 (Immobili\u00e0ria Vers).<\/li>\n\n\n\n<li>Les Pedroses i La Incolla: La parada alternativa ser\u00e0 a l&#8217;esplanada de l&#8217;antiga cementera d&#8217;algeps, en el km 1 de la carretera CV-379.<\/li>\n<\/ul>\n\n\n\n<p class=\"wp-block-paragraph\"><strong>Activitats durant la suspensi\u00f3 de classes<br><\/strong>Durant els dies en qu\u00e8 les classes han estat suspeses, la Regidoria d&#8217;Educaci\u00f3 va organitzar activitats infantils perqu\u00e8 els m\u00e9s xicotets pogueren continuar participant en tallers recreatius i educatius.<br>Aquestes activitats es van dur a terme tant a les urbanitzacions com en el nucli urb\u00e0, amb la col\u00b7laboraci\u00f3 de voluntaris. A m\u00e9s, l&#8217;Associaci\u00f3 Musical L&#8217;Art\u00edstica de Xiva va organitzar activitats infantils, tallers i sessions de cinema per a continuar brindant suport a les fam\u00edlies en aquest temps tan dif\u00edcil.<\/p>\n\n\n\n<p class=\"wp-block-paragraph\"><strong>Gesti\u00f3 de les zones afectades<br><\/strong>L&#8217;Ajuntament de Xiva continua treballant per a fer costat a les fam\u00edlies afectades per les inundacions. En aquest moment, els treballadors municipals se centren en un seguiment exhaustiu dels habitatges desallotjats. Actualment, 130 fam\u00edlies han sigut afectades, i s&#8217;estan realitzant avaluacions de danys en col\u00b7laboraci\u00f3 amb l&#8217;equip municipal per a garantir que cada llar reba el suport necessari.<br>D&#8217;aquestes 130 fam\u00edlies, 52 persones romanen allotjades en hotels, mentre que la resta es troba en cases de familiars o amics.<br>A m\u00e9s, continuen els treballs de neteja i recuperaci\u00f3 en el pol\u00edgon La Pah\u00edlla, aix\u00ed com en els camins i zones m\u00e9s deteriorades. L&#8217;Ajuntament ha avan\u00e7at amb maquin\u00e0ria pesant i amb la col\u00b7laboraci\u00f3 dels ve\u00efns voluntaris de la urbanitzaci\u00f3 de Sierra Perenchiza en \u00e0rees com el barranc Gallego, on ja \u00e9s possible el pas, i tamb\u00e9 s&#8217;estan realitzant avan\u00e7os a les urbanitzacions m\u00e9s afectades.<br>Des de l&#8217;Ajuntament de Xiva, volem transmetre el nostre suport incondicional a totes les persones que estan passant per aquests moments dif\u00edcils. Agra\u00efm la paci\u00e8ncia i comprensi\u00f3 de tots els ciutadans mentre continuem treballant en la recuperaci\u00f3 del municipi.<\/p>\n","protected":false},"excerpt":{"rendered":"<div class=\"mh-excerpt\">Segueixen els treballs per la recuperaci\u00f3 d&#8217;habitatges i barris afectats per la DANA. Despr\u00e9s de m\u00e9s de 13 dies sense classes a causa dels devastadors efectes de la DANA en el municipi, l&#8217;Ajuntament de Xiva <a class=\"mh-excerpt-more\" href=\"https:\/\/tucomarca.whitekongsoftware.com\/ca\/lajuntament-de-xiva-repren-les-classes-en-tots-els-seus-centres-escolars\/\" title=\"L&#8217;Ajuntament de Xiva repr\u00e9n les classes en tots els seus centres escolars\">[+] <\/a><\/div>\n","protected":false},"author":12,"featured_media":244706,"comment_status":"open","ping_status":"open","sticky":false,"template":"","format":"standard","meta":{"footnotes":""},"categories":[21466,10898,10948,10894,10904,10912,11007,10947,10896,10897,10975],"tags":[11195,21515,15409,10914],"class_list":["post-244707","post","type-post","status-publish","format-standard","has-post-thumbnail","category-dana-ca","category-ventana-ca","category-infraestructuras-ca","category-la-comarca-ca","category-sin-categorizar-ca","category-la-hoya-ca","category-ocio-y-cultura-ca","category-politica","category-seccion-ca","category-sucesos-la-comarca-ca","category-chiva-ca","tag-chiva-ca","tag-colegios-de-chiva-ca","tag-dana-2-ca","tag-la-hoya-de-bunol-chiva-ca"],"_links":{"self":[{"href":"https:\/\/tucomarca.whitekongsoftware.com\/ca\/wp-json\/wp\/v2\/posts\/244707","targetHints":{"allow":["GET"]}}],"collection":[{"href":"https:\/\/tucomarca.whitekongsoftware.com\/ca\/wp-json\/wp\/v2\/posts"}],"about":[{"href":"https:\/\/tucomarca.whitekongsoftware.com\/ca\/wp-json\/wp\/v2\/types\/post"}],"author":[{"embeddable":true,"href":"https:\/\/tucomarca.whitekongsoftware.com\/ca\/wp-json\/wp\/v2\/users\/12"}],"replies":[{"embeddable":true,"href":"https:\/\/tucomarca.whitekongsoftware.com\/ca\/wp-json\/wp\/v2\/comments?post=244707"}],"version-history":[{"count":0,"href":"https:\/\/tucomarca.whitekongsoftware.com\/ca\/wp-json\/wp\/v2\/posts\/244707\/revisions"}],"wp:featuredmedia":[{"embeddable":true,"href":"https:\/\/tucomarca.whitekongsoftware.com\/ca\/wp-json\/wp\/v2\/media\/244706"}],"wp:attachment":[{"href":"https:\/\/tucomarca.whitekongsoftware.com\/ca\/wp-json\/wp\/v2\/media?parent=244707"}],"wp:term":[{"taxonomy":"category","embeddable":true,"href":"https:\/\/tucomarca.whitekongsoftware.com\/ca\/wp-json\/wp\/v2\/categories?post=244707"},{"taxonomy":"post_tag","embeddable":true,"href":"https:\/\/tucomarca.whitekongsoftware.com\/ca\/wp-json\/wp\/v2\/tags?post=244707"}],"curies":[{"name":"wp","href":"https:\/\/api.w.org\/{rel}","templated":true}]}}