{"id":244615,"date":"2024-11-11T08:45:00","date_gmt":"2024-11-11T06:45:00","guid":{"rendered":"https:\/\/www.tucomarca.com\/wordpress\/segunda\/?p=244615"},"modified":"2024-11-11T19:48:36","modified_gmt":"2024-11-11T17:48:36","slug":"els-centres-educatius-de-la-zona-afectada-per-la-dana-que-reprenen-lactivitat-aquest-dilluns-seran-47-despres-de-lultima-actualitzacio-amb-els-ajuntaments","status":"publish","type":"post","link":"https:\/\/tucomarca.whitekongsoftware.com\/ca\/els-centres-educatius-de-la-zona-afectada-per-la-dana-que-reprenen-lactivitat-aquest-dilluns-seran-47-despres-de-lultima-actualitzacio-amb-els-ajuntaments\/","title":{"rendered":"Els centres educatius de la zona afectada per la DANA que reprenen l&#8217;activitat aquest dilluns seran 47 despr\u00e9s de l&#8217;\u00faltima actualitzaci\u00f3 amb els Ajuntaments"},"content":{"rendered":"\n<h3 class=\"wp-block-heading\">El CEIP Blasco Ib\u00e1\u00f1ez de Benet\u00fasser i el CEIP Batallar de l\u2019Alcudia passen a tindre entrada d&#8217;alumnat progressiva despr\u00e9s de comunicar-ho els consistoris.<\/h3>\n\n\n\n<h3 class=\"wp-block-heading\">Una vegada comunicats a la Conselleria els dos \u00fanics canvis, s&#8217;ha procedit aquesta vesprada a una actualitzaci\u00f3 dels annexos I (inici de les classes el dilluns 11) i II (entrada progressiva de l&#8217;alumnat) de la circular 3\/2024 emesa divendres passat.\u2028<\/h3>\n\n\n\n<p class=\"wp-block-paragraph\">Els centres educatius de la zona afectada per la DANA a la prov\u00edncia de Val\u00e8ncia que reprenen l&#8217;activitat aquest dilluns seran 47 despr\u00e9s de l&#8217;\u00faltima actualitzaci\u00f3 amb els Ajuntaments.&nbsp;<br>Aix\u00ed, el CEIP Blasco Ib\u00e1\u00f1ez de Benet\u00fasser i el CEIP Batallar de l\u2019Alcudia passen a tindre entrada d&#8217;alumnat progressiva despr\u00e9s de comunicar-ho els consistoris, mancant xicotetes actuacions que seran solucionades en breu.&nbsp;<br>La resta de centres d&#8217;Alaqu\u00e0s, Aldaia, Algemes\u00ed, Alginet, Xest, Dosaig\u00fces, Godelleta, l\u2019Alcudia, Montroi, Setaig\u00fces, Torrent, Utiel i I\u00e0tova, aix\u00ed com les pedanies de Val\u00e8ncia mantenen la seua obertura com estava anunciada. En alguns casos ja es va reprendre l&#8217;activitat a la fi de la setmana passada.&nbsp;<br>Una vegada comunicats a la Conselleria els dos \u00fanics canvis, s&#8217;ha procedit aquesta vesprada a una actualitzaci\u00f3 dels annexos I (inici de les classes el dilluns 11) i II (entrada progressiva de l&#8217;alumnat) de la circular 3\/2024 emesa divendres passat.&nbsp;<br>La nova circular i els seus annexos es poden&nbsp;<a href=\"https:\/\/ceice.gva.es\/documents\/161634256\/387453799\/CIRCULAR+3+DANA-actualizado.pdf\/86d7ba17-de9f-e6de-bb43-d9e062e6dbb7?t=1731269323539\">consultar ac\u00ed<\/a><\/p>\n\n\n\n<figure class=\"wp-block-image size-full\"><img loading=\"lazy\" decoding=\"async\" width=\"1024\" height=\"768\" src=\"http:\/\/www.tucomarca.com\/wordpress\/segunda\/wp-content\/uploads\/2019\/02\/GinerRiosCheste.jpg\" alt=\"Colegio Giner de los Rios de Cheste.\" class=\"wp-image-82000\" srcset=\"https:\/\/tucomarca.whitekongsoftware.com\/wp-content\/uploads\/2019\/02\/GinerRiosCheste.jpg 1024w, https:\/\/tucomarca.whitekongsoftware.com\/wp-content\/uploads\/2019\/02\/GinerRiosCheste-300x225.jpg 300w, https:\/\/tucomarca.whitekongsoftware.com\/wp-content\/uploads\/2019\/02\/GinerRiosCheste-768x576.jpg 768w\" sizes=\"auto, (max-width: 1024px) 100vw, 1024px\" \/><figcaption class=\"wp-element-caption\">Colegio Giner de los Rios de Cheste.<\/figcaption><\/figure>\n","protected":false},"excerpt":{"rendered":"<div class=\"mh-excerpt\">El CEIP Blasco Ib\u00e1\u00f1ez de Benet\u00fasser i el CEIP Batallar de l\u2019Alcudia passen a tindre entrada d&#8217;alumnat progressiva despr\u00e9s de comunicar-ho els consistoris. Una vegada comunicats a la Conselleria els dos \u00fanics canvis, s&#8217;ha procedit <a class=\"mh-excerpt-more\" href=\"https:\/\/tucomarca.whitekongsoftware.com\/ca\/els-centres-educatius-de-la-zona-afectada-per-la-dana-que-reprenen-lactivitat-aquest-dilluns-seran-47-despres-de-lultima-actualitzacio-amb-els-ajuntaments\/\" title=\"Els centres educatius de la zona afectada per la DANA que reprenen l&#8217;activitat aquest dilluns seran 47 despr\u00e9s de l&#8217;\u00faltima actualitzaci\u00f3 amb els Ajuntaments\">[+] <\/a><\/div>\n","protected":false},"author":12,"featured_media":148061,"comment_status":"open","ping_status":"open","sticky":false,"template":"","format":"standard","meta":{"footnotes":""},"categories":[10983,21466,10976,10898,10977,10980,10948,10995,10894,10904,10912,10902,11001,11007,10947,10909,10896,10979,10897,11059,10974],"tags":[14380,15409,10914,10910,11356],"class_list":["post-244615","post","type-post","status-publish","format-standard","has-post-thumbnail","category-algemesi-ca","category-dana-ca","category-dos-aguas-ca","category-ventana-ca","category-godelleta-ca","category-yatova-ca","category-infraestructuras-ca","category-lalcudia-ca","category-la-comarca-ca","category-sin-categorizar-ca","category-la-hoya-ca","category-la-ribera-ca","category-montroi-ca","category-ocio-y-cultura-ca","category-politica","category-requena-utiel-ca","category-seccion-ca","category-siete-aguas-ca","category-sucesos-la-comarca-ca","category-utiel-ca","category-cheste-ca","tag-conselleria-deducacio-ca","tag-dana-2-ca","tag-la-hoya-de-bunol-chiva-ca","tag-requena-utiel-ca","tag-ribera-alta-ca"],"_links":{"self":[{"href":"https:\/\/tucomarca.whitekongsoftware.com\/ca\/wp-json\/wp\/v2\/posts\/244615","targetHints":{"allow":["GET"]}}],"collection":[{"href":"https:\/\/tucomarca.whitekongsoftware.com\/ca\/wp-json\/wp\/v2\/posts"}],"about":[{"href":"https:\/\/tucomarca.whitekongsoftware.com\/ca\/wp-json\/wp\/v2\/types\/post"}],"author":[{"embeddable":true,"href":"https:\/\/tucomarca.whitekongsoftware.com\/ca\/wp-json\/wp\/v2\/users\/12"}],"replies":[{"embeddable":true,"href":"https:\/\/tucomarca.whitekongsoftware.com\/ca\/wp-json\/wp\/v2\/comments?post=244615"}],"version-history":[{"count":0,"href":"https:\/\/tucomarca.whitekongsoftware.com\/ca\/wp-json\/wp\/v2\/posts\/244615\/revisions"}],"wp:featuredmedia":[{"embeddable":true,"href":"https:\/\/tucomarca.whitekongsoftware.com\/ca\/wp-json\/wp\/v2\/media\/148061"}],"wp:attachment":[{"href":"https:\/\/tucomarca.whitekongsoftware.com\/ca\/wp-json\/wp\/v2\/media?parent=244615"}],"wp:term":[{"taxonomy":"category","embeddable":true,"href":"https:\/\/tucomarca.whitekongsoftware.com\/ca\/wp-json\/wp\/v2\/categories?post=244615"},{"taxonomy":"post_tag","embeddable":true,"href":"https:\/\/tucomarca.whitekongsoftware.com\/ca\/wp-json\/wp\/v2\/tags?post=244615"}],"curies":[{"name":"wp","href":"https:\/\/api.w.org\/{rel}","templated":true}]}}