{"id":244598,"date":"2024-11-11T08:50:00","date_gmt":"2024-11-11T06:50:00","guid":{"rendered":"https:\/\/www.tucomarca.com\/wordpress\/segunda\/?p=244598"},"modified":"2024-11-11T19:50:43","modified_gmt":"2024-11-11T17:50:43","slug":"la-signatura-valenciana-neomusica-crea-la-iniciativa-song-for-valencia-per-a-fer-costat-a-les-escoles-de-musica-i-conservatoris-afectats-per-la-dana","status":"publish","type":"post","link":"https:\/\/tucomarca.whitekongsoftware.com\/ca\/la-signatura-valenciana-neomusica-crea-la-iniciativa-song-for-valencia-per-a-fer-costat-a-les-escoles-de-musica-i-conservatoris-afectats-per-la-dana\/","title":{"rendered":"La signatura valenciana NEOM\u00fasica crea la iniciativa &#8216;Song For Val\u00e8ncia&#8217; per a fer costat a les escoles de m\u00fasica i conservatoris afectats per la DANA"},"content":{"rendered":"\n<p class=\"wp-block-paragraph\">La signatura valenciana NEOM\u00fasica ha llan\u00e7at la iniciativa solid\u00e0ria &#8220;Song For Val\u00e8ncia&#8221; en homenatge a les v\u00edctimes de la DANA a Val\u00e8ncia.<\/p>\n\n\n\n<p class=\"wp-block-paragraph\">NEOM\u00fasica, juntament amb Social Musik, Santi Miguel i Jos\u00e9 Vicente Faubel, ha creat la melodia &#8216;Song for Val\u00e8ncia&#8217; per a fer costat a les escoles i conservatoris musicals afectats a la prov\u00edncia. Podem unir-nos a la iniciativa en songforvalencia.org i ajudar compartint el v\u00eddeo de Jos\u00e9 Vicente Faubel (tromb\u00f3) i Javier Guna (piano) interpretant la melodia.<\/p>\n\n\n\n<p class=\"wp-block-paragraph\">Totes les donacions, gestionades a trav\u00e9s de la Fundaci\u00f3 Social Musik, es destinaran \u00edntegrament a la reconstrucci\u00f3 dels espais musicals afectats.<\/p>\n\n\n\n<p class=\"wp-block-paragraph\">El primer v\u00eddeo, interpretat per Jos\u00e9 Vicente Faubel (tromb\u00f3) i Javier Guna (piano); i el segon, interpretat per Jose Vicente Faubel, Juan Manuel Real, Adri\u00e1n Roja i Ignacio P\u00e9rez, estan disponibles per a compartir i ajudar a difondre aquesta causa.<\/p>\n\n\n\n<p class=\"wp-block-paragraph\">Les donacions es destinaran \u00edntegrament a la reconstrucci\u00f3 dels centres afectats i seran gestionades per la Fundaci\u00f3 Social Musik. Podem unir-nos en songforvalencia.org i compartir el v\u00eddeo en: <a href=\"https:\/\/youtu.be\/eetxhwhnsk8\">https:\/\/youtu.be\/eetxhwhnsk8<\/a>.<\/p>\n\n\n\n<figure class=\"wp-block-image size-large\"><img loading=\"lazy\" decoding=\"async\" width=\"1024\" height=\"576\" src=\"https:\/\/www.tucomarca.com\/wordpress\/segunda\/wp-content\/uploads\/2024\/11\/SongForValencia2-1024x576.jpg\" alt=\"\" class=\"wp-image-244574\" srcset=\"https:\/\/tucomarca.whitekongsoftware.com\/wp-content\/uploads\/2024\/11\/SongForValencia2-1024x576.jpg 1024w, https:\/\/tucomarca.whitekongsoftware.com\/wp-content\/uploads\/2024\/11\/SongForValencia2-300x169.jpg 300w, https:\/\/tucomarca.whitekongsoftware.com\/wp-content\/uploads\/2024\/11\/SongForValencia2-768x432.jpg 768w, https:\/\/tucomarca.whitekongsoftware.com\/wp-content\/uploads\/2024\/11\/SongForValencia2-678x381.jpg 678w, https:\/\/tucomarca.whitekongsoftware.com\/wp-content\/uploads\/2024\/11\/SongForValencia2.jpg 1181w\" sizes=\"auto, (max-width: 1024px) 100vw, 1024px\" \/><\/figure>\n","protected":false},"excerpt":{"rendered":"<div class=\"mh-excerpt\">La signatura valenciana NEOM\u00fasica ha llan\u00e7at la iniciativa solid\u00e0ria &#8220;Song For Val\u00e8ncia&#8221; en homenatge a les v\u00edctimes de la DANA a Val\u00e8ncia. NEOM\u00fasica, juntament amb Social Musik, Santi Miguel i Jos\u00e9 Vicente Faubel, ha creat <a class=\"mh-excerpt-more\" href=\"https:\/\/tucomarca.whitekongsoftware.com\/ca\/la-signatura-valenciana-neomusica-crea-la-iniciativa-song-for-valencia-per-a-fer-costat-a-les-escoles-de-musica-i-conservatoris-afectats-per-la-dana\/\" title=\"La signatura valenciana NEOM\u00fasica crea la iniciativa &#8216;Song For Val\u00e8ncia&#8217; per a fer costat a les escoles de m\u00fasica i conservatoris afectats per la DANA\">[+] <\/a><\/div>\n","protected":false},"author":12,"featured_media":244577,"comment_status":"open","ping_status":"open","sticky":false,"template":"","format":"image","meta":{"footnotes":""},"categories":[10911,11005,21466,10898,10948,10894,10904,10912,11007,10896,10897],"tags":[10913,15409,10914,14522,13155,21511],"class_list":["post-244598","post","type-post","status-publish","format-image","has-post-thumbnail","category-bunol-ca","category-canal-musica","category-dana-ca","category-ventana-ca","category-infraestructuras-ca","category-la-comarca-ca","category-sin-categorizar-ca","category-la-hoya-ca","category-ocio-y-cultura-ca","category-seccion-ca","category-sucesos-la-comarca-ca","tag-bunol-ca","tag-dana-2-ca","tag-la-hoya-de-bunol-chiva-ca","tag-neomusica-2-ca","tag-solidaridad-ca","tag-song-for-valencia-ca","post_format-post-format-image"],"_links":{"self":[{"href":"https:\/\/tucomarca.whitekongsoftware.com\/ca\/wp-json\/wp\/v2\/posts\/244598","targetHints":{"allow":["GET"]}}],"collection":[{"href":"https:\/\/tucomarca.whitekongsoftware.com\/ca\/wp-json\/wp\/v2\/posts"}],"about":[{"href":"https:\/\/tucomarca.whitekongsoftware.com\/ca\/wp-json\/wp\/v2\/types\/post"}],"author":[{"embeddable":true,"href":"https:\/\/tucomarca.whitekongsoftware.com\/ca\/wp-json\/wp\/v2\/users\/12"}],"replies":[{"embeddable":true,"href":"https:\/\/tucomarca.whitekongsoftware.com\/ca\/wp-json\/wp\/v2\/comments?post=244598"}],"version-history":[{"count":0,"href":"https:\/\/tucomarca.whitekongsoftware.com\/ca\/wp-json\/wp\/v2\/posts\/244598\/revisions"}],"wp:featuredmedia":[{"embeddable":true,"href":"https:\/\/tucomarca.whitekongsoftware.com\/ca\/wp-json\/wp\/v2\/media\/244577"}],"wp:attachment":[{"href":"https:\/\/tucomarca.whitekongsoftware.com\/ca\/wp-json\/wp\/v2\/media?parent=244598"}],"wp:term":[{"taxonomy":"category","embeddable":true,"href":"https:\/\/tucomarca.whitekongsoftware.com\/ca\/wp-json\/wp\/v2\/categories?post=244598"},{"taxonomy":"post_tag","embeddable":true,"href":"https:\/\/tucomarca.whitekongsoftware.com\/ca\/wp-json\/wp\/v2\/tags?post=244598"}],"curies":[{"name":"wp","href":"https:\/\/api.w.org\/{rel}","templated":true}]}}