{"id":244446,"date":"2024-11-08T13:00:00","date_gmt":"2024-11-08T11:00:00","guid":{"rendered":"https:\/\/www.tucomarca.com\/wordpress\/segunda\/?p=244446"},"modified":"2024-11-08T22:31:12","modified_gmt":"2024-11-08T20:31:12","slug":"la-unio-ofereix-les-cases-de-temporers-del-tollo-i-casas-de-utiel-per-a-allotjar-a-les-persones-afectades-per-la-dana-a-utiel","status":"publish","type":"post","link":"https:\/\/tucomarca.whitekongsoftware.com\/ca\/la-unio-ofereix-les-cases-de-temporers-del-tollo-i-casas-de-utiel-per-a-allotjar-a-les-persones-afectades-per-la-dana-a-utiel\/","title":{"rendered":"La Uni\u00f3 ofereix les cases de temporers del Tollo i Casas de Utiel per a allotjar a les persones afectades per la DANA a Utiel"},"content":{"rendered":"\n<h3 class=\"wp-block-heading\">L&#8217;organitzaci\u00f3 tamb\u00e9 ha llan\u00e7at aquesta setmana una campanya de recollida de donacions.<\/h3>\n\n\n\n<p class=\"wp-block-paragraph\">La Uni\u00f3 Llauradora ha oferit a l&#8217;Ajuntament d&#8217;Utiel les cases per a temporers que posseeix en El Tollo (Utiel) i en Casas de Utiel per a acollir a les persones afectades per la DANA que s&#8217;han quedat sense habitatge.<br>En aquests habitatges que compten amb diverses cases independents, i que s&#8217;utilitzen per a allotjar als treballadors temporers durant la campanya de la verema, podrien instal\u00b7lar-se diverses fam\u00edlies senceres amb xiquets i estan condicionades per a viure en el seu interior.<br>L&#8217;organitzaci\u00f3 tamb\u00e9 ha llan\u00e7at aquesta setmana una campanya de recollida de donacions perqu\u00e8 les persones llauradores i ramaderes afectades per la DANA puguen recuperar-se i seguir avant amb les seues explotacions agr\u00e0ries.<br>Per a aix\u00f2 ha habilitat un compte corrent solidari de Caixa Popular: ES2931590079132531713424 perqu\u00e8 es puguen realitzar aquestes donacions mitjan\u00e7ant transfer\u00e8ncia banc\u00e0ria i, per a facilitar l&#8217;ajuda, tamb\u00e9 un n\u00famero de Bizum associat a aquesta: 10519.<br>La Uni\u00f3 recorda que la DANA tamb\u00e9 ha devastat camps i granges de nombrosos llauradors, deixant-los sense collites, sense cultius, amb maquin\u00e0ria danyada i infraestructures totalment destrossades. Les p\u00e8rdues inicials estimades s\u00f3n superiors als 800 milions d&#8217;euros.<br>Paral\u00b7lelament, La Uni\u00f3 continua col\u00b7laborant amb tractors i pales de les seues persones associades i d&#8217;altres comunitats aut\u00f2nomes en diverses zones afectades per la DANA per a ajudar en totes aquelles tasques en les quals se&#8217;ls requereix, com \u00e9s per exemple llevar el fang i apartar cotxes per a buidar carrers i carreteres. Una part de les donacions anir\u00e0 aix\u00ed mateix destinada a sufragar les despeses del gasoil emprat pels tractoristes en aquesta labor.<br>L&#8217;organitzaci\u00f3 ha posat aix\u00ed a la disposici\u00f3 d&#8217;Administracions, Ajuntaments i persones afectades tots els mitjans al seu abast per a col\u00b7laborar en la mesura de les seues possibilitats en la minimitzaci\u00f3 dels danys d&#8217;aquesta cat\u00e0strofe.<br>A m\u00e9s, els llauradors i ramaders de la Comunitat Valenciana que no s&#8217;han vist afectats continuen complint amb la seua principal responsabilitat que no \u00e9s una altra que proporcionar aliments sans, de qualitat i de proximitat a tota la societat i confia La Uni\u00f3 que eixe reconeixement social de la seua tasca no s&#8217;oblide despr\u00e9s.<br>L&#8217;organitzaci\u00f3 espera tamb\u00e9 que les diferents Administracions estiguen a l&#8217;altura de la magnitud del desastre que ha causat aquest fort temporal de pluges perqu\u00e8 els llauradors i ramaders de la Comunitat Valenciana afectats puguen veure aix\u00ed compensades en part els danys patits.<\/p>\n\n\n\n<figure class=\"wp-block-gallery has-nested-images columns-1 is-cropped wp-block-gallery-1 is-layout-flex wp-block-gallery-is-layout-flex\">\n<figure class=\"wp-block-image size-large\"><img loading=\"lazy\" decoding=\"async\" width=\"1024\" height=\"768\" data-id=\"244443\" src=\"https:\/\/www.tucomarca.com\/wordpress\/segunda\/wp-content\/uploads\/2024\/11\/UnioTollo-Utiel-1024x768.jpg\" alt=\"\" class=\"wp-image-244443\" srcset=\"https:\/\/tucomarca.whitekongsoftware.com\/wp-content\/uploads\/2024\/11\/UnioTollo-Utiel-1024x768.jpg 1024w, https:\/\/tucomarca.whitekongsoftware.com\/wp-content\/uploads\/2024\/11\/UnioTollo-Utiel-300x225.jpg 300w, https:\/\/tucomarca.whitekongsoftware.com\/wp-content\/uploads\/2024\/11\/UnioTollo-Utiel-768x576.jpg 768w, https:\/\/tucomarca.whitekongsoftware.com\/wp-content\/uploads\/2024\/11\/UnioTollo-Utiel-1536x1152.jpg 1536w, https:\/\/tucomarca.whitekongsoftware.com\/wp-content\/uploads\/2024\/11\/UnioTollo-Utiel-678x509.jpg 678w, https:\/\/tucomarca.whitekongsoftware.com\/wp-content\/uploads\/2024\/11\/UnioTollo-Utiel-326x245.jpg 326w, https:\/\/tucomarca.whitekongsoftware.com\/wp-content\/uploads\/2024\/11\/UnioTollo-Utiel-80x60.jpg 80w, https:\/\/tucomarca.whitekongsoftware.com\/wp-content\/uploads\/2024\/11\/UnioTollo-Utiel.jpg 1600w\" sizes=\"auto, (max-width: 1024px) 100vw, 1024px\" \/><\/figure>\n\n\n\n<figure class=\"wp-block-image size-large\"><img loading=\"lazy\" decoding=\"async\" width=\"768\" height=\"1024\" data-id=\"244441\" src=\"https:\/\/www.tucomarca.com\/wordpress\/segunda\/wp-content\/uploads\/2024\/11\/UnioCasasTolloUtiel-768x1024.jpg\" alt=\"\" class=\"wp-image-244441\" srcset=\"https:\/\/tucomarca.whitekongsoftware.com\/wp-content\/uploads\/2024\/11\/UnioCasasTolloUtiel-768x1024.jpg 768w, https:\/\/tucomarca.whitekongsoftware.com\/wp-content\/uploads\/2024\/11\/UnioCasasTolloUtiel-225x300.jpg 225w, https:\/\/tucomarca.whitekongsoftware.com\/wp-content\/uploads\/2024\/11\/UnioCasasTolloUtiel-1152x1536.jpg 1152w, https:\/\/tucomarca.whitekongsoftware.com\/wp-content\/uploads\/2024\/11\/UnioCasasTolloUtiel-1536x2048.jpg 1536w, https:\/\/tucomarca.whitekongsoftware.com\/wp-content\/uploads\/2024\/11\/UnioCasasTolloUtiel-scaled.jpg 1920w\" sizes=\"auto, (max-width: 768px) 100vw, 768px\" \/><\/figure>\n<\/figure>\n","protected":false},"excerpt":{"rendered":"<div class=\"mh-excerpt\">L&#8217;organitzaci\u00f3 tamb\u00e9 ha llan\u00e7at aquesta setmana una campanya de recollida de donacions. La Uni\u00f3 Llauradora ha oferit a l&#8217;Ajuntament d&#8217;Utiel les cases per a temporers que posseeix en El Tollo (Utiel) i en Casas de <a class=\"mh-excerpt-more\" href=\"https:\/\/tucomarca.whitekongsoftware.com\/ca\/la-unio-ofereix-les-cases-de-temporers-del-tollo-i-casas-de-utiel-per-a-allotjar-a-les-persones-afectades-per-la-dana-a-utiel\/\" title=\"La Uni\u00f3 ofereix les cases de temporers del Tollo i Casas de Utiel per a allotjar a les persones afectades per la DANA a Utiel\">[+] <\/a><\/div>\n","protected":false},"author":12,"featured_media":244440,"comment_status":"open","ping_status":"open","sticky":false,"template":"","format":"gallery","meta":{"footnotes":""},"categories":[21466,10898,10948,10894,10904,10947,10909,10896,10897,11059],"tags":[15409,18022,10910,11174],"class_list":["post-244446","post","type-post","status-publish","format-gallery","has-post-thumbnail","category-dana-ca","category-ventana-ca","category-infraestructuras-ca","category-la-comarca-ca","category-sin-categorizar-ca","category-politica","category-requena-utiel-ca","category-seccion-ca","category-sucesos-la-comarca-ca","category-utiel-ca","tag-dana-2-ca","tag-la-unio-llauradora-ca","tag-requena-utiel-ca","tag-utiel-ca","post_format-post-format-gallery"],"_links":{"self":[{"href":"https:\/\/tucomarca.whitekongsoftware.com\/ca\/wp-json\/wp\/v2\/posts\/244446","targetHints":{"allow":["GET"]}}],"collection":[{"href":"https:\/\/tucomarca.whitekongsoftware.com\/ca\/wp-json\/wp\/v2\/posts"}],"about":[{"href":"https:\/\/tucomarca.whitekongsoftware.com\/ca\/wp-json\/wp\/v2\/types\/post"}],"author":[{"embeddable":true,"href":"https:\/\/tucomarca.whitekongsoftware.com\/ca\/wp-json\/wp\/v2\/users\/12"}],"replies":[{"embeddable":true,"href":"https:\/\/tucomarca.whitekongsoftware.com\/ca\/wp-json\/wp\/v2\/comments?post=244446"}],"version-history":[{"count":0,"href":"https:\/\/tucomarca.whitekongsoftware.com\/ca\/wp-json\/wp\/v2\/posts\/244446\/revisions"}],"wp:featuredmedia":[{"embeddable":true,"href":"https:\/\/tucomarca.whitekongsoftware.com\/ca\/wp-json\/wp\/v2\/media\/244440"}],"wp:attachment":[{"href":"https:\/\/tucomarca.whitekongsoftware.com\/ca\/wp-json\/wp\/v2\/media?parent=244446"}],"wp:term":[{"taxonomy":"category","embeddable":true,"href":"https:\/\/tucomarca.whitekongsoftware.com\/ca\/wp-json\/wp\/v2\/categories?post=244446"},{"taxonomy":"post_tag","embeddable":true,"href":"https:\/\/tucomarca.whitekongsoftware.com\/ca\/wp-json\/wp\/v2\/tags?post=244446"}],"curies":[{"name":"wp","href":"https:\/\/api.w.org\/{rel}","templated":true}]}}