{"id":244381,"date":"2024-11-08T07:50:00","date_gmt":"2024-11-08T05:50:00","guid":{"rendered":"https:\/\/www.tucomarca.com\/wordpress\/segunda\/?p=244381"},"modified":"2024-11-08T22:48:41","modified_gmt":"2024-11-08T20:48:41","slug":"el-psoe-de-bunyol-qualifica-la-gestio-de-lequip-de-govern-municipal-de-unilateral-i-tancada","status":"publish","type":"post","link":"https:\/\/tucomarca.whitekongsoftware.com\/ca\/el-psoe-de-bunyol-qualifica-la-gestio-de-lequip-de-govern-municipal-de-unilateral-i-tancada\/","title":{"rendered":"El PSOE de Bunyol qualifica la gesti\u00f3 de l&#8217;equip de govern municipal de &#8220;unilateral i tancada&#8221;"},"content":{"rendered":"\n<h3 class=\"wp-block-heading\">El PSOE de Bunyol es pronuncia davant les acusacions de l&#8217;alcaldessa.<\/h3>\n\n\n\n<p class=\"wp-block-paragraph\">Despr\u00e9s dels devastadors efectes de la DANA que va colpejar a la regi\u00f3 el passat 29 d&#8217;octubre, el PSOE de Bunyol ha em\u00e9s una declaraci\u00f3 en la qual manifesta la seua &#8220;preocupaci\u00f3 per la falta de transpar\u00e8ncia i col\u00b7laboraci\u00f3 de l&#8217;equip de govern en la gesti\u00f3 de la crisi. L&#8217;oposici\u00f3 assegura que, malgrat haver mostrat sempre una voluntat de suport, no s&#8217;ha comptat amb ells&#8221;, segons el socialistes.<\/p>\n\n\n\n<p class=\"wp-block-paragraph\">Des del PSOE afirmen que aquesta cat\u00e0strofe ha sigut &#8220;la major trag\u00e8dia natural en d\u00e8cades&#8221;, i que &#8220;malgrat el context d&#8217;emerg\u00e8ncia, la col\u00b7laboraci\u00f3 i la transpar\u00e8ncia per part de l&#8217;equip de govern, liderat per l&#8217;alcaldessa, han sigut pr\u00e0cticament nul\u00b7les&#8221;.<\/p>\n\n\n\n<p class=\"wp-block-paragraph\">&#8220;En aquests dies, molts hem volgut empatitzar i mostrar respecte cap als qui gestionen el nostre poble, sense al\u00e7ar la veu ni criticar la gesti\u00f3, per la qual podem sentir-nos m\u00e9s o menys conformes&#8221;, assenyalen des del grup socialista. No obstant aix\u00f2, consideren que les recents declaracions de l&#8217;alcaldessa, on va assegurar que &#8220;l&#8217;oposici\u00f3 no ha estat&#8221;, no s\u00f3n m\u00e9s que una &#8220;maniobra per a desviar l&#8217;atenci\u00f3 de la seua pr\u00f2pia gesti\u00f3 i responsabilitat&#8221;.<\/p>\n\n\n\n<p class=\"wp-block-paragraph\">Des de l&#8217;inici de la legislatura, el PSOE de Bunyol denuncia que ha sigut &#8220;ignorat en les decisions de l&#8217;equip de govern&#8221;, destacant que &#8220;la transpar\u00e8ncia ha sigut redu\u00efda a m\u00ednims. En el cas espec\u00edfic de la DANA, la situaci\u00f3 ha sigut la mateixa. Segons els socialistes, en cap moment es va sol\u00b7licitar la seua col\u00b7laboraci\u00f3 o participaci\u00f3 en la resposta a l&#8217;emerg\u00e8ncia, malgrat que s\u00ed que van sol\u00b7licitar una reuni\u00f3 de la Junta de Portaveus per a con\u00e9ixer la situaci\u00f3 i contribuir d&#8217;alguna manera. L&#8217;\u00fanica comunicaci\u00f3 que rebem va ser una crida puntual per a localitzar a un ve\u00ed que necessita di\u00e0lisi habitualment&#8221;, apunten des del PSOE, qualificant la gesti\u00f3 de l&#8217;equip de govern de &#8220;unilateral i tancada&#8221;.<\/p>\n\n\n\n<p class=\"wp-block-paragraph\">El grup municipal socialista tamb\u00e9 q\u00fcestiona &#8220;el to utilitzat per l&#8217;alcaldessa, qui va afirmar que ells al\u00e7aran el poble&#8221;, suggerint que &#8220;l&#8217;oposici\u00f3 \u00e9s aliena a aquest poble&#8221;. El portaveu socialista assenyala que aquest tipus d&#8217;afirmacions &#8220;no sols s\u00f3n fr\u00edvoles i sense sentit, sin\u00f3 que intenten crear una imatge de divisi\u00f3 en moments on la uni\u00f3 \u00e9s crucial&#8221;.<\/p>\n\n\n\n<p class=\"wp-block-paragraph\">A m\u00e9s, el PSOE recorda &#8220;imatges recents del president de la Generalitat Valenciana, Carlos Maz\u00f3n, en el cami\u00f3 de la Tomatina, mentre la seua actuaci\u00f3 durant l&#8217;emerg\u00e8ncia ha sigut q\u00fcestionable, arribant tard al CECOPI quan la situaci\u00f3 ja era cr\u00edtica&#8221;.<\/p>\n\n\n\n<p class=\"wp-block-paragraph\">Des del PSOE de Bunyol expressen la seua &#8220;comprensi\u00f3 davant la frustraci\u00f3 de l&#8217;alcaldessa, per\u00f2 q\u00fcestionen la seua decisi\u00f3 de descarregar-la contra l&#8217;oposici\u00f3 en lloc d&#8217;assumir responsabilitats i dirigir la seua energia cap a la millora de la gesti\u00f3. Si un l\u00edder socialista o d&#8217;esquerra haguera manejat aquesta crisi de la mateixa forma, probablement ja s&#8217;estaria demanant la seua dimissi\u00f3&#8221;, adverteixen.<\/p>\n\n\n\n<p class=\"wp-block-paragraph\">El grup socialista assegura que la seua &#8220;disposici\u00f3 per a col\u00b7laborar ha sigut clara des del principi i que ells tamb\u00e9 han sigut afectats de manera personal per aquesta trag\u00e8dia. Aquest missatge \u00e9s una anomenada a l&#8217;alcaldessa perqu\u00e8 canalitze la seua frustraci\u00f3 de manera constructiva i reconega el paper i la disposici\u00f3 del nostre grup en aquest i altres moments cr\u00edtics&#8221;, declaren.<\/p>\n\n\n\n<p class=\"wp-block-paragraph\">Per al PSOE de Bunyol, &#8220;aquest no \u00e9s moment per a la divisi\u00f3 ni els retrets, sin\u00f3 per a la uni\u00f3&#8221;. Subratllen &#8220;la necessitat de centrar-se en fer costat a les v\u00edctimes i a les seues fam\u00edlies, a m\u00e9s d&#8217;agrair a tots els voluntaris i professionals que estan contribuint en la recuperaci\u00f3 d&#8217;aquesta cat\u00e0strofe&#8221;.<\/p>\n","protected":false},"excerpt":{"rendered":"<div class=\"mh-excerpt\">El PSOE de Bunyol es pronuncia davant les acusacions de l&#8217;alcaldessa. Despr\u00e9s dels devastadors efectes de la DANA que va colpejar a la regi\u00f3 el passat 29 d&#8217;octubre, el PSOE de Bunyol ha em\u00e9s una <a class=\"mh-excerpt-more\" href=\"https:\/\/tucomarca.whitekongsoftware.com\/ca\/el-psoe-de-bunyol-qualifica-la-gestio-de-lequip-de-govern-municipal-de-unilateral-i-tancada\/\" title=\"El PSOE de Bunyol qualifica la gesti\u00f3 de l&#8217;equip de govern municipal de &#8220;unilateral i tancada&#8221;\">[+] <\/a><\/div>\n","protected":false},"author":1,"featured_media":242695,"comment_status":"open","ping_status":"open","sticky":false,"template":"","format":"standard","meta":{"footnotes":""},"categories":[10911,21466,10948,10894,10904,10912,10903,10947,10896,10897],"tags":[10913,15409,10914,11546],"class_list":["post-244381","post","type-post","status-publish","format-standard","has-post-thumbnail","category-bunol-ca","category-dana-ca","category-infraestructuras-ca","category-la-comarca-ca","category-sin-categorizar-ca","category-la-hoya-ca","category-medio-ambiente-la-comarca-ca","category-politica","category-seccion-ca","category-sucesos-la-comarca-ca","tag-bunol-ca","tag-dana-2-ca","tag-la-hoya-de-bunol-chiva-ca","tag-psoe-bunol-ca"],"_links":{"self":[{"href":"https:\/\/tucomarca.whitekongsoftware.com\/ca\/wp-json\/wp\/v2\/posts\/244381","targetHints":{"allow":["GET"]}}],"collection":[{"href":"https:\/\/tucomarca.whitekongsoftware.com\/ca\/wp-json\/wp\/v2\/posts"}],"about":[{"href":"https:\/\/tucomarca.whitekongsoftware.com\/ca\/wp-json\/wp\/v2\/types\/post"}],"author":[{"embeddable":true,"href":"https:\/\/tucomarca.whitekongsoftware.com\/ca\/wp-json\/wp\/v2\/users\/1"}],"replies":[{"embeddable":true,"href":"https:\/\/tucomarca.whitekongsoftware.com\/ca\/wp-json\/wp\/v2\/comments?post=244381"}],"version-history":[{"count":0,"href":"https:\/\/tucomarca.whitekongsoftware.com\/ca\/wp-json\/wp\/v2\/posts\/244381\/revisions"}],"wp:featuredmedia":[{"embeddable":true,"href":"https:\/\/tucomarca.whitekongsoftware.com\/ca\/wp-json\/wp\/v2\/media\/242695"}],"wp:attachment":[{"href":"https:\/\/tucomarca.whitekongsoftware.com\/ca\/wp-json\/wp\/v2\/media?parent=244381"}],"wp:term":[{"taxonomy":"category","embeddable":true,"href":"https:\/\/tucomarca.whitekongsoftware.com\/ca\/wp-json\/wp\/v2\/categories?post=244381"},{"taxonomy":"post_tag","embeddable":true,"href":"https:\/\/tucomarca.whitekongsoftware.com\/ca\/wp-json\/wp\/v2\/tags?post=244381"}],"curies":[{"name":"wp","href":"https:\/\/api.w.org\/{rel}","templated":true}]}}