{"id":244282,"date":"2024-11-07T13:00:00","date_gmt":"2024-11-07T11:00:00","guid":{"rendered":"https:\/\/www.tucomarca.com\/wordpress\/segunda\/?p=244282"},"modified":"2024-11-07T19:40:51","modified_gmt":"2024-11-07T17:40:51","slug":"la-diputacio-es-mobilitza-amb-lentitat-de-sanejament-per-a-reparar-75-depuradores-danyades-per-la-dana","status":"publish","type":"post","link":"https:\/\/tucomarca.whitekongsoftware.com\/ca\/la-diputacio-es-mobilitza-amb-lentitat-de-sanejament-per-a-reparar-75-depuradores-danyades-per-la-dana\/","title":{"rendered":"La Diputaci\u00f3 es mobilitza amb l&#8217;Entitat de Sanejament per a reparar 75 depuradores danyades per la DANA"},"content":{"rendered":"\n<h3 class=\"wp-block-heading\">La vicepresidenta primera, Nat\u00e0lia Enguix, responsable de la Junta d&#8217;Egevasa, empresa de la corporaci\u00f3 provincial encarregada d&#8217;infraestructures h\u00eddriques, destaca l&#8217;agilitat en la quantificaci\u00f3 i pressupost dels danys registrats.<\/h3>\n\n\n\n<h3 class=\"wp-block-heading\">El cost total de reparaci\u00f3 que permeta restablir el servici s&#8217;estima en m\u00e9s de 32 milions d&#8217;euros, que es cobriran des de l&#8217;EPSAR, ens dependent de la Conselleria de Medi Ambient, i la pr\u00f2pia Diputaci\u00f3.<\/h3>\n\n\n\n<p class=\"wp-block-paragraph\">La Diputaci\u00f3 de Val\u00e8ncia s&#8217;ha mobilitzat amb l&#8217;Entitat de Sanejament d\u2019Aig\u00fces Residuals (EPSAR), dependent de la Generalitat, per a quantificar els danys causats per la DANA en les depuradores de la prov\u00edncia i iniciar com m\u00e9s prompte millor els tr\u00e0mits per a la seua reparaci\u00f3. Han resultat danyades, algunes d&#8217;elles devastades, 75 depuradores que treballen en el sanejament d&#8217;aig\u00fces residuals en 13 comarques. El cost estimat de reparaci\u00f3, amb l&#8217;objectiu de restablir el servici de depuraci\u00f3, supera els 32 milions d&#8217;euros. El nombre d&#8217;estacions depuradores danyades pot incrementar-se conforme els t\u00e8cnics puguen accedir a totes les instal\u00b7lacions afectades pel temporal.<\/p>\n\n\n\n<p class=\"wp-block-paragraph\">Nat\u00e0lia Enguix ha participat en una reuni\u00f3 de la comissi\u00f3 t\u00e8cnica, convocada d&#8217;urg\u00e8ncia, a la qual ha assistit juntament amb la directora general de l&#8217;Aigua, Sabina Goretti, i el gerent de l&#8217;EPSAR, Jos\u00e9 Aparicio, en la qual tamb\u00e9 ha estat present el seu hom\u00f2leg en Egevasa, Juan \u00c1ngel Conca. \u201cHem de posar en valor el treball descomunal que han fet els t\u00e8cnics tant de l&#8217;EPSAR com d&#8217;Egevasa per a quantificar els danys en nom\u00e9s una setmana, tenint en compte que parlem de depuradores, bombaments i col\u00b7lectors\u201d. assenyala la responsable provincial.<\/p>\n\n\n\n<p class=\"wp-block-paragraph\">La vicepresidenta primera de la Diputaci\u00f3 i m\u00e0xima responsable de la Junta General d&#8217;Egevasa, Nat\u00e0lia Enguix, destaca que \u201cla prioritat des d&#8217;Egevasa, que \u00e9s l&#8217;empresa de la Diputaci\u00f3 que s&#8217;encarrega de les infraestructures h\u00eddriques, ha sigut posar-se a la disposici\u00f3 dels municipis afectats per a reparar les avaries i restablir el prove\u00efment d&#8217;aigua potable, i ara \u00e9s moment d&#8217;ocupar-se tamb\u00e9 de l&#8217;evacuaci\u00f3 de les aig\u00fces residuals\u201d. Enguix ha destacat la velocitat amb la qual s&#8217;ha actuat per part del personal t\u00e8cnic d&#8217;Egevasa: \u201c\u00e9s imprescindible recuperar el servici de sanejament dels municipis afectats per a evitar problemes mediambientals i de salut p\u00fablica\u201d.<\/p>\n\n\n\n<figure class=\"wp-block-gallery has-nested-images columns-1 is-cropped wp-block-gallery-1 is-layout-flex wp-block-gallery-is-layout-flex\">\n<figure class=\"wp-block-image size-large\"><img loading=\"lazy\" decoding=\"async\" width=\"724\" height=\"1024\" data-id=\"244272\" src=\"https:\/\/www.tucomarca.com\/wordpress\/segunda\/wp-content\/uploads\/2024\/11\/DanDipuDEPURADORAS-724x1024.jpg\" alt=\"\" class=\"wp-image-244272\" srcset=\"https:\/\/tucomarca.whitekongsoftware.com\/wp-content\/uploads\/2024\/11\/DanDipuDEPURADORAS-724x1024.jpg 724w, https:\/\/tucomarca.whitekongsoftware.com\/wp-content\/uploads\/2024\/11\/DanDipuDEPURADORAS-212x300.jpg 212w, https:\/\/tucomarca.whitekongsoftware.com\/wp-content\/uploads\/2024\/11\/DanDipuDEPURADORAS-768x1087.jpg 768w, https:\/\/tucomarca.whitekongsoftware.com\/wp-content\/uploads\/2024\/11\/DanDipuDEPURADORAS.jpg 826w\" sizes=\"auto, (max-width: 724px) 100vw, 724px\" \/><\/figure>\n\n\n\n<figure class=\"wp-block-image size-full\"><img loading=\"lazy\" decoding=\"async\" width=\"826\" height=\"734\" data-id=\"244275\" src=\"https:\/\/www.tucomarca.com\/wordpress\/segunda\/wp-content\/uploads\/2024\/11\/DanDipuDEPURADORAS2-1.jpg\" alt=\"\" class=\"wp-image-244275\" srcset=\"https:\/\/tucomarca.whitekongsoftware.com\/wp-content\/uploads\/2024\/11\/DanDipuDEPURADORAS2-1.jpg 826w, https:\/\/tucomarca.whitekongsoftware.com\/wp-content\/uploads\/2024\/11\/DanDipuDEPURADORAS2-1-300x267.jpg 300w, https:\/\/tucomarca.whitekongsoftware.com\/wp-content\/uploads\/2024\/11\/DanDipuDEPURADORAS2-1-768x682.jpg 768w\" sizes=\"auto, (max-width: 826px) 100vw, 826px\" \/><\/figure>\n<\/figure>\n\n\n\n<p class=\"wp-block-paragraph\"><strong>Actuacions per emerg\u00e8ncia<\/strong><\/p>\n\n\n\n<p class=\"wp-block-paragraph\">La mateixa Enguix ha fet refer\u00e8ncia al conveni entre l&#8217;EPSAR i Egevasa, les entitats dependents de la Conselleria de Medi Ambient i la Diputaci\u00f3, que ha perm\u00e9s &#8220;disposar d&#8217;un instrument fonamental per a realitzar actuacions d&#8217;emerg\u00e8ncia, com la que va tindre lloc en 2019 en el col\u00b7lector d&#8217;Ontinyent a conseq\u00fc\u00e8ncia d&#8217;una altra DANA\u201d. Fruit d&#8217;este conveni, \u201cs&#8217;han pogut quantificar els desperfectes en temps r\u00e8cord i es podran iniciar les tramitacions d&#8217;urg\u00e8ncia, que una vegada aprovades s&#8217;aniran executant\u201d.<\/p>\n\n\n\n<p class=\"wp-block-paragraph\">Nat\u00e0lia Enguix avan\u00e7a que Egevasa \u201ccoordinar\u00e0 els treballs de reparaci\u00f3 per a recuperar com m\u00e9s prompte millor la normalitat en un servici sanitari b\u00e0sic com \u00e9s la depuraci\u00f3\u201d. La vicepresidenta explica que el cost de les actuacions \u201ces cobrir\u00e0 en part amb el c\u00e0non de sanejament que s&#8217;inclou en els rebuts de l&#8217;aigua per a fer front a este tipus d&#8217;imprevistos, i en part amb inversi\u00f3 de la Diputaci\u00f3 a trav\u00e9s d&#8217;Egevasa\u201d.<\/p>\n\n\n\n<p class=\"wp-block-paragraph\">Entre les actuacions previstes, destaquen els 2.400.000 euros pressupostats per a la depuradora de Vall dels Alcalans i els quasi dos milions d&#8217;euros que hauran de destinar-se a les depuradores de Gestalgar, Godelleta i Pedralba. En alguns municipis, cas de Cortes de Pall\u00e1s, hi ha fins a set estacions danyades, amb una inversi\u00f3 global prevista de m\u00e9s d&#8217;un mili\u00f3 d&#8217;euros per a restablir el servici d&#8217;evacuaci\u00f3 de les aig\u00fces residuals.<\/p>\n\n\n\n<p class=\"wp-block-paragraph\">La Diputaci\u00f3 de Val\u00e8ncia que presidix Vicent Momp\u00f3 obri aix\u00ed un nou front d&#8217;ajuda als municipis afectats per la DANA, que se suma als treballs de rescat de v\u00edctimes i neteja en els quals participa des del primer moment el Consorci Provincial de Bombers; la reconstrucci\u00f3 de les carreteres i ponts danyats per l&#8217;aigua, amb una inversi\u00f3 que supera els 30 milions d&#8217;euros; i la recuperaci\u00f3 del subministrament d&#8217;aigua potable en les zones afectades, en la qual continua participant Egevasa, a la disposici\u00f3 de qualsevol ajuntament que requerisca els seus servicis.<\/p>\n","protected":false},"excerpt":{"rendered":"<div class=\"mh-excerpt\">La vicepresidenta primera, Nat\u00e0lia Enguix, responsable de la Junta d&#8217;Egevasa, empresa de la corporaci\u00f3 provincial encarregada d&#8217;infraestructures h\u00eddriques, destaca l&#8217;agilitat en la quantificaci\u00f3 i pressupost dels danys registrats. El cost total de reparaci\u00f3 que permeta <a class=\"mh-excerpt-more\" href=\"https:\/\/tucomarca.whitekongsoftware.com\/ca\/la-diputacio-es-mobilitza-amb-lentitat-de-sanejament-per-a-reparar-75-depuradores-danyades-per-la-dana\/\" title=\"La Diputaci\u00f3 es mobilitza amb l&#8217;Entitat de Sanejament per a reparar 75 depuradores danyades per la DANA\">[+] <\/a><\/div>\n","protected":false},"author":12,"featured_media":244281,"comment_status":"open","ping_status":"open","sticky":false,"template":"","format":"standard","meta":{"footnotes":""},"categories":[20520,21466,10898,10948,10894,10904,20456,10903,10947,10896,10897],"tags":[21492,11246,21493,20404],"class_list":["post-244282","post","type-post","status-publish","format-standard","has-post-thumbnail","category-cooperacio-municipal","category-dana-ca","category-ventana-ca","category-infraestructuras-ca","category-la-comarca-ca","category-sin-categorizar-ca","category-la-diputacio-de-valencia-informa-ca","category-medio-ambiente-la-comarca-ca","category-politica","category-seccion-ca","category-sucesos-la-comarca-ca","tag-depuradoras-ca","tag-diputacio-de-valencia-ca","tag-junta-egevasa-ca","tag-natalia-enguix-2-ca"],"_links":{"self":[{"href":"https:\/\/tucomarca.whitekongsoftware.com\/ca\/wp-json\/wp\/v2\/posts\/244282","targetHints":{"allow":["GET"]}}],"collection":[{"href":"https:\/\/tucomarca.whitekongsoftware.com\/ca\/wp-json\/wp\/v2\/posts"}],"about":[{"href":"https:\/\/tucomarca.whitekongsoftware.com\/ca\/wp-json\/wp\/v2\/types\/post"}],"author":[{"embeddable":true,"href":"https:\/\/tucomarca.whitekongsoftware.com\/ca\/wp-json\/wp\/v2\/users\/12"}],"replies":[{"embeddable":true,"href":"https:\/\/tucomarca.whitekongsoftware.com\/ca\/wp-json\/wp\/v2\/comments?post=244282"}],"version-history":[{"count":0,"href":"https:\/\/tucomarca.whitekongsoftware.com\/ca\/wp-json\/wp\/v2\/posts\/244282\/revisions"}],"wp:featuredmedia":[{"embeddable":true,"href":"https:\/\/tucomarca.whitekongsoftware.com\/ca\/wp-json\/wp\/v2\/media\/244281"}],"wp:attachment":[{"href":"https:\/\/tucomarca.whitekongsoftware.com\/ca\/wp-json\/wp\/v2\/media?parent=244282"}],"wp:term":[{"taxonomy":"category","embeddable":true,"href":"https:\/\/tucomarca.whitekongsoftware.com\/ca\/wp-json\/wp\/v2\/categories?post=244282"},{"taxonomy":"post_tag","embeddable":true,"href":"https:\/\/tucomarca.whitekongsoftware.com\/ca\/wp-json\/wp\/v2\/tags?post=244282"}],"curies":[{"name":"wp","href":"https:\/\/api.w.org\/{rel}","templated":true}]}}