{"id":243703,"date":"2024-11-05T09:00:00","date_gmt":"2024-11-05T07:00:00","guid":{"rendered":"https:\/\/www.tucomarca.com\/wordpress\/segunda\/?p=243703"},"modified":"2024-11-05T14:44:21","modified_gmt":"2024-11-05T12:44:21","slug":"ava-asaja-collabora-amb-la-conselleria-dagricultura-per-a-salvar-el-bestiar-per-la-dana","status":"publish","type":"post","link":"https:\/\/tucomarca.whitekongsoftware.com\/ca\/ava-asaja-collabora-amb-la-conselleria-dagricultura-per-a-salvar-el-bestiar-per-la-dana\/","title":{"rendered":"AVA-Asaja col\u00b7labora amb la Conselleria d&#8217;Agricultura per a salvar el bestiar per la DANA"},"content":{"rendered":"\n<h3 class=\"wp-block-heading\">L&#8217;entitat associada PRECVAL habilita tres naus per a emmagatzemar donacions (farratge, pense, encenalls&#8230;) per al seu repartiment entre les granges i h\u00edpiques afectades.<\/h3>\n\n\n<div class=\"wp-block-image\">\n<figure class=\"alignleft size-large is-resized\"><img loading=\"lazy\" decoding=\"async\" width=\"576\" height=\"1024\" src=\"http:\/\/www.tucomarca.com\/wordpress\/segunda\/wp-content\/uploads\/2024\/11\/DANAGanado2-576x1024.jpeg\" alt=\"\" class=\"wp-image-243697\" style=\"width:349px;height:auto\" srcset=\"https:\/\/tucomarca.whitekongsoftware.com\/wp-content\/uploads\/2024\/11\/DANAGanado2-576x1024.jpeg 576w, https:\/\/tucomarca.whitekongsoftware.com\/wp-content\/uploads\/2024\/11\/DANAGanado2-169x300.jpeg 169w, https:\/\/tucomarca.whitekongsoftware.com\/wp-content\/uploads\/2024\/11\/DANAGanado2-768x1365.jpeg 768w, https:\/\/tucomarca.whitekongsoftware.com\/wp-content\/uploads\/2024\/11\/DANAGanado2-864x1536.jpeg 864w, https:\/\/tucomarca.whitekongsoftware.com\/wp-content\/uploads\/2024\/11\/DANAGanado2.jpeg 1152w\" sizes=\"auto, (max-width: 576px) 100vw, 576px\" \/><\/figure>\n<\/div>\n\n\n<p class=\"wp-block-paragraph\">Una de les m\u00e0ximes prioritats del sector agropecuari valenci\u00e0 arran de la pitjor DANA del segle \u00e9s la superviv\u00e8ncia del major nombre possible d&#8217;animals en les explotacions ramaderes. Aix\u00ed, l&#8217;Associaci\u00f3 Valenciana d&#8217;Agricultors (AVA-Asaja), al costat de l&#8217;entitat vinculada Associaci\u00f3 de Criadors de Cavalls de Pura Ra\u00e7a Espanyola de la Comunitat Valenciana (PRECVAL), estan col\u00b7laborant durant aquests dies cr\u00edtics amb la Conselleria d&#8217;Agricultura per a facilitar a les granges i h\u00edpiques afectades tant la urgent reparaci\u00f3 dels camins per a accedir a les mateixes com el subministrament a contrarellotge d&#8217;alimentaci\u00f3 animal.<\/p>\n\n\n\n<p class=\"wp-block-paragraph\">A l&#8217;organitzaci\u00f3 agr\u00e0ria li consta que el departament encap\u00e7alat per Miguel Barrachina est\u00e0 duent a terme, a trav\u00e9s de Tragsa i Vaersa, els primers treballs necessaris per a salvar el bestiar en explotacions situades en diverses comarques valencianes, com ara Els Serrans, Utiel-Requena, la Foia de Bunyol, L&#8217;Horta i La Ribera. Donada la gravetat i complexitat de la situaci\u00f3, AVA-Asaja i PRECVAL proporcionen en aquest sentit la seua cooperaci\u00f3 com a canal d&#8217;interlocuci\u00f3 i intermediaci\u00f3 entre la Generalitat Valenciana i els propis ramaders.<\/p>\n\n\n\n<p class=\"wp-block-paragraph\">El president de AVA-Asaja, Crist\u00f3bal Aguado, assegura que \u201cles pluges torrencials van destrossar els accessos a moltes explotacions ramaderes i en els casos m\u00e9s greus van inundar les instal\u00b7lacions, fent malb\u00e9 els farratges, els pinsos, l&#8217;aigua potable i, fins i tot, causant la mort del bestiar. Alguns associats ens van alertar que si no s&#8217;aconseguia arribar a les granges i donar menjar i beure als animals en uns pocs dies, no sobreviurien i, per aix\u00f2 mateix, ens vam posar tots mans a l&#8217;obra per a evitar que el desastre fora molt\u00edssim major\u201d.<\/p>\n\n\n\n<p class=\"wp-block-paragraph\">De fet, la Conselleria d&#8217;Agricultura xifra en 2.950 els cad\u00e0vers d&#8217;animals que ja ha retirat en 17 explotacions de porc\u00ed, ov\u00ed, equ\u00ed i av\u00edcola afectades per la DANA.<\/p>\n\n\n\n<p class=\"wp-block-paragraph\"><strong>Donacions de tota Espanya<\/strong><\/p>\n\n\n\n<p class=\"wp-block-paragraph\">Despr\u00e9s de les primeres gestions de coordinaci\u00f3 amb AVA-Asaja i la Conselleria d&#8217;Agricultura, PRECVAL va posar en marxa una plataforma al costat de la Federaci\u00f3 H\u00edpica de la Comunitat Valenciana, la Federaci\u00f3 de Tir i Arrossegament de la Comunitat Valenciana i l&#8217;Hospital Cl\u00ednic Veterinari CEU Cardenal Herrera, per a habilitar tres naus (a Carlet, Manises i Alfara del Patriarca) on poder emmagatzemar tot tipus de donacions (farratge, pinsos, encenalls o serradures per a llits de cavalls&#8230;) per a ser arreplegat o, en cas de no disposar de mitjans, ser transportat a les granges i h\u00edpiques damnificades. Aix\u00ed mateix, la plataforma va crear dos n\u00fameros de compte per a recaptar fons amb els quals adquirir i repartir aquests materials.<\/p>\n\n\n\n<p class=\"wp-block-paragraph\">El president de PRECVAL, Jos\u00e9 Antonio Esteban, afirma que \u201cdes del primer dia estem treballant per a ajudar a m\u00e9s d&#8217;un centenar de granges, centres h\u00edpics, eguades, c\u00e0rnies i registres veterinaris. Ja hem rebut donacions de tota Espanya: federacions i associacions com la Real Associaci\u00f3 Nacional de Criadors de Cavalls de Pura Ra\u00e7a Espanyola (ANCCE), aix\u00ed com de Navarra, Arag\u00f3, Catalunya, M\u00farcia, Andalusia&#8230; Han mort molts animals per\u00f2 hem d&#8217;esfor\u00e7ar-nos, amb treball i solidaritat, per a salvar molts m\u00e9s\u201d.<\/p>\n","protected":false},"excerpt":{"rendered":"<div class=\"mh-excerpt\">L&#8217;entitat associada PRECVAL habilita tres naus per a emmagatzemar donacions (farratge, pense, encenalls&#8230;) per al seu repartiment entre les granges i h\u00edpiques afectades. Una de les m\u00e0ximes prioritats del sector agropecuari valenci\u00e0 arran de la <a class=\"mh-excerpt-more\" href=\"https:\/\/tucomarca.whitekongsoftware.com\/ca\/ava-asaja-collabora-amb-la-conselleria-dagricultura-per-a-salvar-el-bestiar-per-la-dana\/\" title=\"AVA-Asaja col\u00b7labora amb la Conselleria d&#8217;Agricultura per a salvar el bestiar per la DANA\">[+] <\/a><\/div>\n","protected":false},"author":13,"featured_media":243701,"comment_status":"open","ping_status":"open","sticky":false,"template":"","format":"standard","meta":{"footnotes":""},"categories":[10905,21466,10898,10948,10894,10904,10903,10947,10896,10897],"tags":[11309,11924,15409,11199,12166],"class_list":["post-243703","post","type-post","status-publish","format-standard","has-post-thumbnail","category-agricultura-la-comarca-ca","category-dana-ca","category-ventana-ca","category-infraestructuras-ca","category-la-comarca-ca","category-sin-categorizar-ca","category-medio-ambiente-la-comarca-ca","category-politica","category-seccion-ca","category-sucesos-la-comarca-ca","tag-agricultura-ca","tag-ava-asaja-ca","tag-dana-2-ca","tag-la-comunitat-ca","tag-medio-ambiente-ca"],"_links":{"self":[{"href":"https:\/\/tucomarca.whitekongsoftware.com\/ca\/wp-json\/wp\/v2\/posts\/243703","targetHints":{"allow":["GET"]}}],"collection":[{"href":"https:\/\/tucomarca.whitekongsoftware.com\/ca\/wp-json\/wp\/v2\/posts"}],"about":[{"href":"https:\/\/tucomarca.whitekongsoftware.com\/ca\/wp-json\/wp\/v2\/types\/post"}],"author":[{"embeddable":true,"href":"https:\/\/tucomarca.whitekongsoftware.com\/ca\/wp-json\/wp\/v2\/users\/13"}],"replies":[{"embeddable":true,"href":"https:\/\/tucomarca.whitekongsoftware.com\/ca\/wp-json\/wp\/v2\/comments?post=243703"}],"version-history":[{"count":0,"href":"https:\/\/tucomarca.whitekongsoftware.com\/ca\/wp-json\/wp\/v2\/posts\/243703\/revisions"}],"wp:featuredmedia":[{"embeddable":true,"href":"https:\/\/tucomarca.whitekongsoftware.com\/ca\/wp-json\/wp\/v2\/media\/243701"}],"wp:attachment":[{"href":"https:\/\/tucomarca.whitekongsoftware.com\/ca\/wp-json\/wp\/v2\/media?parent=243703"}],"wp:term":[{"taxonomy":"category","embeddable":true,"href":"https:\/\/tucomarca.whitekongsoftware.com\/ca\/wp-json\/wp\/v2\/categories?post=243703"},{"taxonomy":"post_tag","embeddable":true,"href":"https:\/\/tucomarca.whitekongsoftware.com\/ca\/wp-json\/wp\/v2\/tags?post=243703"}],"curies":[{"name":"wp","href":"https:\/\/api.w.org\/{rel}","templated":true}]}}