{"id":243600,"date":"2024-11-04T17:00:00","date_gmt":"2024-11-04T15:00:00","guid":{"rendered":"https:\/\/www.tucomarca.com\/wordpress\/segunda\/?p=243600"},"modified":"2024-11-04T19:13:15","modified_gmt":"2024-11-04T17:13:15","slug":"la-generalitat-assegura-que-la-chj-no-va-enviar-cap-comunicacio-al-cce-des-de-les-1613-fins-a-les-1843-hores-del-dimarts-pese-al-augment-brusc-del-cabal-del-barranc-del-poyo","status":"publish","type":"post","link":"https:\/\/tucomarca.whitekongsoftware.com\/ca\/la-generalitat-assegura-que-la-chj-no-va-enviar-cap-comunicacio-al-cce-des-de-les-1613-fins-a-les-1843-hores-del-dimarts-pese-al-augment-brusc-del-cabal-del-barranc-del-poyo\/","title":{"rendered":"La Generalitat assegura que la CHJ &#8220;no va enviar cap comunicaci\u00f3 al CCE des de les 16,13 fins a les 18,43 hores del dimarts pese al &#8216;augment brusc&#8217; del cabal del barranc del Poyo&#8221;"},"content":{"rendered":"\n<h3 class=\"wp-block-heading\">&#8220;Els representants de la a CHJ que estaven en la reuni\u00f3 del 29 d&#8217;octubre del CECOPI des de les 17,00 hores no van advertir de cap risc&#8221;.<\/h3>\n\n\n\n<h3 class=\"wp-block-heading\">&#8220;El correu que envia l&#8217;organisme de conca a les 16,13 hores confirma que el cabal era de 28,7 m\u00b3\/s en el barranc del Pedr\u00eds i el Centre d&#8217;Emerg\u00e8ncies no desactiva l&#8217;alerta hidrol\u00f2gica&#8221;, segons informen des de la Generalitat.<\/h3>\n\n\n\n<h3 class=\"wp-block-heading\">&#8220;Malgrat que la CHJ afirma que les conseq\u00fc\u00e8ncies eren \u201cespecialment perilloses des de les 17,00 hores\u201d, el seg\u00fcent correu de la CHJ a Emerg\u00e8ncies va arribar dues i hores i mitja despr\u00e9s, a les 18,43 hores, quan s&#8217;avisa d&#8217;un cabal de 1686 m\u00b3\/s amb tend\u00e8ncia ascendent i amb una crescuda molt r\u00e0pida&#8221;.<\/h3>\n\n\n\n<h3 class=\"wp-block-heading\">&#8220;La CJH t\u00e9 compet\u00e8ncies en la comunicaci\u00f3 als organismes de protecci\u00f3 civil dels avisos hidrol\u00f2gics davant possibles avingudes, segons s&#8217;estableix en la Llei 17\/2015, de 9 de juliol, del Sistema Nacional de Protecci\u00f3 Civil&#8221;.<\/h3>\n\n\n\n<p class=\"wp-block-paragraph\">La Generalitat assegura que la Confederaci\u00f3 Hidrogr\u00e0fica del X\u00faquer &#8220;no va enviar al Centre de Coordinaci\u00f3 d&#8217;Emerg\u00e8ncies cap correu, comunicaci\u00f3 o alerta de la pujada brusca del cabal del barranc del Pedr\u00eds fins a les 18,43 hores del 29 d&#8217;octubre, segons consta en l&#8217;enviament de missatges que es produeix en la vesprada d&#8217;eixa jornada entre la CHJ i el CEE&#8221;.<\/p>\n\n\n\n<p class=\"wp-block-paragraph\">&#8220;L&#8217;entitat va estar dues hores i mitja sense comunicar cap av\u00eds. Concretament, a les 16,13 hores, la CHJ va confirmar un cabal de 28,7 m\u00b3\/s en el barranc del Pedr\u00eds i amb tend\u00e8ncia descendent a les 15,50 hores; malgrat aix\u00f2, el Centre d&#8217;Emerg\u00e8ncies no desactiva l&#8217;alarma hidrol\u00f2gica que estava activa des de les 12,20 hores. En eixe moment (12,20 hores), Emerg\u00e8ncies va decretar l&#8217;alerta hidrol\u00f2gica per la crescuda de la rambla del Pedr\u00eds, avisa a tots els municipis afectats de la zona del barranc i obliga a constituir els CECOPAL (centres de coordinaci\u00f3 d&#8217;emerg\u00e8ncies locals), perqu\u00e8 activen les mesures preventives corresponents&#8221;, tal com asseguren des de la Generalitat Valenciana.<\/p>\n\n\n\n<p class=\"wp-block-paragraph\">&#8220;El correu seg\u00fcent de la CHJ a Emerg\u00e8ncies ja \u00e9s dues i mitja m\u00e9s tard, a les 18.43 hores, avisant d&#8217;un cabal de 1.686 m\u00b3\/s amb tend\u00e8ncia ascendent i amb una crescuda molt r\u00e0pida. En aquest sentit, la Confederaci\u00f3 Hidrogr\u00e0fica del X\u00faquer assegura en el seu comunicat que a \u201cpartir de les 17,00 h es detecta un augment brusc del cabal del barranc del Pedr\u00eds\u201d; afig que \u201ca les 17.30 h aconsegueix el mateix nivell d&#8217;aforament que va motivar l&#8217;alerta emesa pel centre de coordinaci\u00f3 d&#8217;emerg\u00e8ncies de la Generalitat valenciana del migdia\u201d. No obstant aix\u00f2 -afig- aquesta vegada les autoritats auton\u00f2miques no van emetre una nova alerta&#8221;.<\/p>\n\n\n\n<p class=\"wp-block-paragraph\">Referent a aix\u00f2 cal puntualitzar que Emerg\u00e8ncies &#8220;no va rebre cap correu electr\u00f2nic, cap trucada, ni cap comunicaci\u00f3 de cap mena de la CHJ alertant d&#8217;aquest \u201caugment brusc del cabal del barranc del Pedr\u00eds\u201d, ni a les 17,00 h ni a les 17,30 h. I tot aix\u00f2 malgrat que la CHJ havia de mantindre el seguiment de l&#8217;evoluci\u00f3 del cabal per a informar de qualsevol risc que es poguera produir. A m\u00e9s, l&#8217;alerta hidrol\u00f2gica decretada per Emerg\u00e8ncies estava activa des de les 12.20 hores&#8221;.<\/p>\n\n\n\n<p class=\"wp-block-paragraph\">La CHJ afirma que \u201cles autoritats competents van comptar amb la predicci\u00f3 meteorol\u00f2gica proporcionada per la Aemet i les dades de les conseq\u00fc\u00e8ncies d&#8217;eixa predicci\u00f3, \u00e9s a dir, l&#8217;augment del cabal en el barranc del Pedr\u00eds, especialment perilloses des de les 17.00 h\u201d.<\/p>\n\n\n\n<p class=\"wp-block-paragraph\">En aquest sentit la CHJ admet que les conseq\u00fc\u00e8ncies eren \u201cespecialment perilloses des de les 17.00 h\u201d; tanmateix, malgrat aix\u00f2, no va enviar cap comunicaci\u00f3, cap av\u00eds, cap correu electr\u00f2nic ni va realitzar cap trucada telef\u00f2nica a Emerg\u00e8ncies fins a les 18.43 h, que \u00e9s quan es rep un mail de la CHJ en el qual s&#8217;informa que el cabal ja \u00e9s de 1686 m\u00b3 per segon, \u201camb tend\u00e8ncia ascendent i molt r\u00e0pida\u201d.<\/p>\n\n\n\n<p class=\"wp-block-paragraph\">\u00c9s m\u00e9s, quan arriba el mail de les 18.43 hores del dimarts 29 d&#8217;octubre, s&#8217;est\u00e0 desenvolupant la reuni\u00f3 del CECOPI. A eixa reuni\u00f3 assisteix el president de la CHJ, Miguel Polo, i no hi ha cap refer\u00e8ncia, en eixe moment i en eixa reuni\u00f3, sobre \u201cles conseq\u00fc\u00e8ncies especialment perilloses des de les 17.00 h\u201d de les quals parla la CHJ en el seu comunicat.<\/p>\n\n\n\n<p class=\"wp-block-paragraph\">D&#8217;altra banda, la Confederaci\u00f3 del X\u00faquer t\u00e9 entre les seues compet\u00e8ncies \u201cla comunicaci\u00f3 dels avisos hidrol\u00f2gics davant possibles avingudes als organismes de protecci\u00f3 civil de manera habitual\u201d, segons l&#8217;\u00faltima actualitzaci\u00f3 del Pla de Gesti\u00f3 del Risc d&#8217;Inundaci\u00f3 de la Demarcaci\u00f3 hidrogr\u00e0fica del X\u00faquer 2022-2027), elaborat pel Ministeri de Transici\u00f3 Ecol\u00f2gica i el Repte Demogr\u00e0fic i per la Confederaci\u00f3 Hidrogr\u00e0fica del X\u00faquer.<\/p>\n\n\n\n<p class=\"wp-block-paragraph\">Per a ser precisos, el text diu que \u201cen el marc de la Xarxa d&#8217;Alerta Nacional, tots els organismes de les Administracions P\u00fabliques que puguen contribuir a la detecci\u00f3, seguiment i previsi\u00f3 d&#8217;amenaces de perill imminent per a les persones i b\u00e9ns comunicaran immediatament al Centre Nacional de Seguiment i Coordinaci\u00f3 d&#8217;Emerg\u00e8ncies de Protecci\u00f3 Civil qualsevol situaci\u00f3 de la qual tinguen coneixement que puga donar lloc a una emerg\u00e8ncia de protecci\u00f3 civil. A m\u00e9s -s&#8217;afig-, els \u00f2rgans competents de coordinaci\u00f3 d&#8217;emerg\u00e8ncies de les comunitats aut\u00f2nomes seran llit tant per a la informaci\u00f3 de les emerg\u00e8ncies de protecci\u00f3 civil al Centre Nacional de Seguiment i Coordinaci\u00f3 d&#8217;Emerg\u00e8ncies de Protecci\u00f3 Civil, com per a la transmissi\u00f3 de l&#8217;alerta a qui corresponga. En aquest context, la comunicaci\u00f3 dels avisos hidrol\u00f2gics davant possibles avingudes \u00e9s compet\u00e8ncia dels organismes de conca com la Confederaci\u00f3 Hidrogr\u00e0fica del X\u00faquer, que \u00e9s la que informa d&#8217;aquests avisos als organismes de protecci\u00f3 civil de manera habitual\u201d.&nbsp;<\/p>\n\n\n\n<p class=\"wp-block-paragraph\">Des de la Generalitat Valenciana aporten &#8220;la cronologia detallada de les comunicacions respecte a l&#8217;estat i evoluci\u00f3 de l&#8217;embassament del Pedr\u00eds a zona de la rambla del Pedr\u00eds a l&#8217;\u00e9s la seg\u00fcent:<\/p>\n\n\n\n<ul class=\"wp-block-list\">\n<li>Mail de las 11:06 horas \u2013 CHJ activa alarma de caudal con un valor de 264 m3\/s y tendencia ascendente indicando que la crecida est\u00e1 produci\u00e9ndose muy r\u00e1pida.&nbsp;<\/li>\n\n\n\n<li>Mail de las 11:07 \u2013 CHJ vuelve a enviar el correo anterior.&nbsp;<\/li>\n\n\n\n<li>12:20 &#8211; Emergencias env\u00eda alerta hidrol\u00f3gica, avisa a todos los municipios afectados y obliga a constituir los CECOPAL (centros de coordinaci\u00f3n de emergencias locales). &nbsp;Emergencias alerta a todos los municipios afectados, de la zona del barranco del Poyo, para que activen las medidas preventivas correspondientes.<\/li>\n\n\n\n<li>Mail de las 13:42 \u2013 CHJ avisa de caudal al bajar a 120 m3\/s con tendencia descendente. Emergencias no desactiva nada.&nbsp;<\/li>\n\n\n\n<li>Mail de las 15:04 \u2013 CHJ confirma caudal de 55,86 m3\/s. Emergencias no desactiva nada.&nbsp;<\/li>\n\n\n\n<li>Mail de 16:13 \u2013 CHJ confirma caudal de 28,7 m3\/s. Emergencias no desactiva nada.&nbsp;<\/li>\n\n\n\n<li>17:00 \u2013 El CECOPI est\u00e1 constituido, con presencia de la CHJ. En ning\u00fan momento la CHJ alerta all\u00ed de la subida brusca del caudal de la rambla del Poyo ni de \u201clas consecuencias especialmente peligrosas\u201d que desde las 17:00 h se suceden seg\u00fan traslada la CHJ en su comunicado.&nbsp;<\/li>\n\n\n\n<li>Mail de las 18:43 \u2013 CHJ anuncia caudal de 1686 m3\/s con tendencia ascendente y con una crecida muy r\u00e1pida. &nbsp;<\/li>\n\n\n\n<li>Desde las 16:13 horas hasta las 18:43 horas del martes 29 de octubre, la CHJ no remite ninguna comunicaci\u00f3n a Emergencias. Seg\u00fan datos de la propia CHJ, a las 18 horas, el caudal alcanz\u00f3 los 1725,887 m3 por segundo<\/li>\n\n\n\n<li>No obstante, el mail avisando a Emergencias de la crecida del caudal llega a las 18.43 horas<\/li>\n\n\n\n<li>No se recibe ning\u00fan aviso ni comunicaci\u00f3n m\u00e1s por parte de la CHJ a partir de esa hora, ni v\u00eda correo electr\u00f3nico, ni por tel\u00e9fono, ni de forma presencial en el CECOPI. &nbsp;<\/li>\n\n\n\n<li>Cuando llega este mail de las 18:43 horas del martes 29 de octubre, se est\u00e1 desarrollando la reuni\u00f3n del CECOPI. En esa reuni\u00f3n los representantes de la CHJ no hacen ninguna advertencia del riesgo existente en la rambla del Poyo&#8221;.&nbsp;<\/li>\n<\/ul>\n","protected":false},"excerpt":{"rendered":"<div class=\"mh-excerpt\">&#8220;Els representants de la a CHJ que estaven en la reuni\u00f3 del 29 d&#8217;octubre del CECOPI des de les 17,00 hores no van advertir de cap risc&#8221;. &#8220;El correu que envia l&#8217;organisme de conca a <a class=\"mh-excerpt-more\" href=\"https:\/\/tucomarca.whitekongsoftware.com\/ca\/la-generalitat-assegura-que-la-chj-no-va-enviar-cap-comunicacio-al-cce-des-de-les-1613-fins-a-les-1843-hores-del-dimarts-pese-al-augment-brusc-del-cabal-del-barranc-del-poyo\/\" title=\"La Generalitat assegura que la CHJ &#8220;no va enviar cap comunicaci\u00f3 al CCE des de les 16,13 fins a les 18,43 hores del dimarts pese al &#8216;augment brusc&#8217; del cabal del barranc del Poyo&#8221;\">[+] <\/a><\/div>\n","protected":false},"author":13,"featured_media":242403,"comment_status":"open","ping_status":"open","sticky":false,"template":"","format":"standard","meta":{"footnotes":""},"categories":[21466,10898,10894,10904,10912,10947,10896,10975],"tags":[15409,11199,11140],"class_list":["post-243600","post","type-post","status-publish","format-standard","has-post-thumbnail","category-dana-ca","category-ventana-ca","category-la-comarca-ca","category-sin-categorizar-ca","category-la-hoya-ca","category-politica","category-seccion-ca","category-chiva-ca","tag-dana-2-ca","tag-la-comunitat-ca","tag-politica-ca"],"_links":{"self":[{"href":"https:\/\/tucomarca.whitekongsoftware.com\/ca\/wp-json\/wp\/v2\/posts\/243600","targetHints":{"allow":["GET"]}}],"collection":[{"href":"https:\/\/tucomarca.whitekongsoftware.com\/ca\/wp-json\/wp\/v2\/posts"}],"about":[{"href":"https:\/\/tucomarca.whitekongsoftware.com\/ca\/wp-json\/wp\/v2\/types\/post"}],"author":[{"embeddable":true,"href":"https:\/\/tucomarca.whitekongsoftware.com\/ca\/wp-json\/wp\/v2\/users\/13"}],"replies":[{"embeddable":true,"href":"https:\/\/tucomarca.whitekongsoftware.com\/ca\/wp-json\/wp\/v2\/comments?post=243600"}],"version-history":[{"count":0,"href":"https:\/\/tucomarca.whitekongsoftware.com\/ca\/wp-json\/wp\/v2\/posts\/243600\/revisions"}],"wp:featuredmedia":[{"embeddable":true,"href":"https:\/\/tucomarca.whitekongsoftware.com\/ca\/wp-json\/wp\/v2\/media\/242403"}],"wp:attachment":[{"href":"https:\/\/tucomarca.whitekongsoftware.com\/ca\/wp-json\/wp\/v2\/media?parent=243600"}],"wp:term":[{"taxonomy":"category","embeddable":true,"href":"https:\/\/tucomarca.whitekongsoftware.com\/ca\/wp-json\/wp\/v2\/categories?post=243600"},{"taxonomy":"post_tag","embeddable":true,"href":"https:\/\/tucomarca.whitekongsoftware.com\/ca\/wp-json\/wp\/v2\/tags?post=243600"}],"curies":[{"name":"wp","href":"https:\/\/api.w.org\/{rel}","templated":true}]}}