{"id":243576,"date":"2024-11-04T09:45:00","date_gmt":"2024-11-04T07:45:00","guid":{"rendered":"https:\/\/www.tucomarca.com\/wordpress\/segunda\/?p=243576"},"modified":"2024-11-04T18:46:15","modified_gmt":"2024-11-04T16:46:15","slug":"sanitat-posa-en-marxa-la-unitat-dassistencia-psicologica-a-les-families-de-les-persones-mortes-per-les-inundacions","status":"publish","type":"post","link":"https:\/\/tucomarca.whitekongsoftware.com\/ca\/sanitat-posa-en-marxa-la-unitat-dassistencia-psicologica-a-les-families-de-les-persones-mortes-per-les-inundacions\/","title":{"rendered":"Sanitat posa en marxa la Unitat d&#8217;Assist\u00e8ncia Psicol\u00f2gica a les fam\u00edlies de les persones mortes per les inundacions"},"content":{"rendered":"\n<h3 class=\"wp-block-heading\">Aquesta unitat, activa en Fira Val\u00e8ncia des de dimecres que ve, comptar\u00e0 amb 30 psic\u00f2legs i psiquiatres, 10 consultes i 2 ambul\u00e0ncies medicalitzades.<\/h3>\n\n\n\n<h3 class=\"wp-block-heading\">Es garanteix la prestaci\u00f3 sanit\u00e0ria a totes les poblacions afectades per les inundacions.<\/h3>\n\n\n\n<h3 class=\"wp-block-heading\">L&#8217;activitat en urg\u00e8ncies hospital\u00e0ries i extrahospital\u00e0ries es mant\u00e9 amb normalitat en tots els departaments de salut.<\/h3>\n\n\n\n<h3 class=\"wp-block-heading\">La Conselleria de Sanitat est\u00e0 duent a terme una avaluaci\u00f3 cont\u00ednua de riscos epidemiol\u00f2gics en coordinaci\u00f3 amb el Ministeri.<\/h3>\n\n\n\n<p class=\"wp-block-paragraph\">El conseller de Sanitat, Marciano G\u00f3mez, ha confirmat aquest mat\u00ed la posada en marxa de la Unitat d&#8217;Assist\u00e8ncia Psicol\u00f2gica a les fam\u00edlies de les persones mortes per les inundacions. En aquest sentit, el conseller de Sanitat, que ha comparegut en roda de premsa per a informar sobre la situaci\u00f3 sanit\u00e0ria despr\u00e9s de la DANA, ha traslladat que \u201caquesta unitat, activa des de dimecres que ve en les instal\u00b7lacions de Fira Val\u00e8ncia, comptar\u00e0 amb 30 psic\u00f2legs i psiquiatres, 10 consultes i 2 ambul\u00e0ncies medicalitzades, en horari de 09.00 a 19.00 hores\u201d.<\/p>\n\n\n\n<p class=\"wp-block-paragraph\">A m\u00e9s, el conseller ha assegurat que \u201ctotes les poblacions afectades per les inundacions tenen garantida la prestaci\u00f3 sanit\u00e0ria\u201d. Referent a aix\u00f2 ha destacat que la Conselleria de Sanitat ha restablit l&#8217;activitat assistencial en 47 centres de salut dels 57 que es van veure afectats per les inundacions.<\/p>\n\n\n\n<p class=\"wp-block-paragraph\">L&#8217;activitat dels 10 centres que romanen tancats es continua prestant en els punts extraordinaris habilitats en col\u00b7laboraci\u00f3 amb les administracions locals dels municipis afectats. Quant a les urg\u00e8ncies hospital\u00e0ries i extrahospital\u00e0ries, es mant\u00e9 l&#8217;activitat amb normalitat en tots els departaments de salut i s&#8217;han anat recuperant progressivament les consultes externes dels hospitals.<\/p>\n\n\n\n<p class=\"wp-block-paragraph\">G\u00f3mez ha fet tamb\u00e9 recalcament en la \u201cavaluaci\u00f3 cont\u00ednua de riscos epidemiol\u00f2gics\u201d que est\u00e0 duent a terme la Conselleria de Sanitat, en&nbsp; coordinaci\u00f3 amb el Ministeri de Sanitat, el Centre de Coordinaci\u00f3 de Alertas i Emerg\u00e8ncies Sanit\u00e0ries (CCAES), l&#8217;Ag\u00e8ncia Espanyola de Seguretat Aliment\u00e0ria, l&#8217;Institut Carles III i l&#8217;UME. En aquest sentit, ha confirmat que la Conselleria ha creat la figura del coordinador de camp de Sanitat Ambiental en els municipis afectats per a obtindre una informaci\u00f3 \u201c\u00fanica i uniforme\u201d i poder donar \u201csolucions \u00e0gils i din\u00e0miques\u201d en funci\u00f3 del moment.<\/p>\n\n\n\n<p class=\"wp-block-paragraph\">G\u00f3mez ha volgut recordar les recomanacions ja publicades a trav\u00e9s de Salut P\u00fablica, incidint en l&#8217;\u00fas de m\u00e0scares, protecci\u00f3 ocular, cal\u00e7at adequat i roba de m\u00e0nega llarga a totes les persones que treballen en tasques de neteja en les zones afectades. Respecte a les m\u00e0scares, el conseller ha assenyalat que des de la Conselleria de Sanitat s&#8217;han subministrat fins ara 800.000 m\u00e0scares per a distribuir en els municipis afectats.<\/p>\n\n\n\n<p class=\"wp-block-paragraph\">A m\u00e9s, respecte a les recomanacions, ha incidit en la necessitat que qualsevol tipus de ferida ha de ser desinfectada i s&#8217;ha d&#8217;acudir al centre o punt sanitari, on es determinar\u00e0 si \u00e9s necessari o no administrar la corresponent vacuna antitet\u00e0nica, en funci\u00f3 de la hist\u00f2ria cl\u00ednica de vacunaci\u00f3 de cada pacient.<\/p>\n\n\n\n<p class=\"wp-block-paragraph\"><strong>Seguiment proactiu de cr\u00f2nics<\/strong><\/p>\n\n\n\n<p class=\"wp-block-paragraph\">El conseller tamb\u00e9 s&#8217;ha referit a la posada en marxa d&#8217;un grup d&#8217;atenci\u00f3 telef\u00f2nica per a la valoraci\u00f3, atenci\u00f3 i seguiment proactiu de pacients cr\u00f2nics de les zones afectades per la DANA, que ser\u00e0 at\u00e9s per personal sanitari voluntari.<\/p>\n\n\n\n<p class=\"wp-block-paragraph\">En aquest sentit, durant la roda de premsa, Marciano G\u00f3mez ha volgut agrair a tot el personal sanitari voluntari que s&#8217;ha oferit a trav\u00e9s del registre de voluntaris activat per la Conselleria, que a les 48 hores de la seua creaci\u00f3, ja compta amb m\u00e9s de 20.000 voluntaris. Cinc mil d&#8217;ells formen part del Servei Valenci\u00e0 de Salut, i se&#8217;ls est\u00e0 distribuint en una primera fase en tindre ja acc\u00e9s als sistemes d&#8217;informaci\u00f3, segons les necessitats dels departaments de salut de les zones afectades.<\/p>\n\n\n\n<p class=\"wp-block-paragraph\">Amb aquestes mesures a curt termini, que s&#8217;uneixen a les ja publicades com l&#8217;administraci\u00f3 de f\u00e0rmacs \u00fanicament amb el n\u00famero de DNI, sense necessitat de SIP, renovaci\u00f3 autom\u00e0tica de tractaments de cr\u00f2nics, o el tel\u00e8fon d&#8217;assist\u00e8ncia telef\u00f2nica al costat de Creu Roja per a facilitar l&#8217;acc\u00e9s a medicaments, el conseller ha mostrat que la prioritat m\u00e0xima de la Conselleria de Sanitat \u00e9s solucionar com m\u00e9s prompte millor els problemes de la ciutadania quant a assist\u00e8ncia sanit\u00e0ria es refereix, i insistir en les recomanacions de Salut P\u00fablica.<\/p>\n\n\n\n<p class=\"wp-block-paragraph\">Finalment, la Conselleria de Sanitat reitera el seu agra\u00efment a tots els seus professionals sanitaris de Prim\u00e0ria, Hospital\u00e0ria i Emerg\u00e8ncies, que s&#8217;han incorporat volunt\u00e0riament, des del primer moment, per a refor\u00e7ar l&#8217;assist\u00e8ncia a la ciutadania en els seus llocs de treball o en punts alternatius.<\/p>\n","protected":false},"excerpt":{"rendered":"<div class=\"mh-excerpt\">Aquesta unitat, activa en Fira Val\u00e8ncia des de dimecres que ve, comptar\u00e0 amb 30 psic\u00f2legs i psiquiatres, 10 consultes i 2 ambul\u00e0ncies medicalitzades. Es garanteix la prestaci\u00f3 sanit\u00e0ria a totes les poblacions afectades per les <a class=\"mh-excerpt-more\" href=\"https:\/\/tucomarca.whitekongsoftware.com\/ca\/sanitat-posa-en-marxa-la-unitat-dassistencia-psicologica-a-les-families-de-les-persones-mortes-per-les-inundacions\/\" title=\"Sanitat posa en marxa la Unitat d&#8217;Assist\u00e8ncia Psicol\u00f2gica a les fam\u00edlies de les persones mortes per les inundacions\">[+] <\/a><\/div>\n","protected":false},"author":13,"featured_media":243574,"comment_status":"open","ping_status":"open","sticky":false,"template":"","format":"standard","meta":{"footnotes":""},"categories":[11010,21466,10898,10894,10904,10896,10897],"tags":[16483,21437,15409,11199,10901],"class_list":["post-243576","post","type-post","status-publish","format-standard","has-post-thumbnail","category-canal-salud","category-dana-ca","category-ventana-ca","category-la-comarca-ca","category-sin-categorizar-ca","category-seccion-ca","category-sucesos-la-comarca-ca","tag-ayuda-ca","tag-canal-salud-ca","tag-dana-2-ca","tag-la-comunitat-ca","tag-sucesos-ca"],"_links":{"self":[{"href":"https:\/\/tucomarca.whitekongsoftware.com\/ca\/wp-json\/wp\/v2\/posts\/243576","targetHints":{"allow":["GET"]}}],"collection":[{"href":"https:\/\/tucomarca.whitekongsoftware.com\/ca\/wp-json\/wp\/v2\/posts"}],"about":[{"href":"https:\/\/tucomarca.whitekongsoftware.com\/ca\/wp-json\/wp\/v2\/types\/post"}],"author":[{"embeddable":true,"href":"https:\/\/tucomarca.whitekongsoftware.com\/ca\/wp-json\/wp\/v2\/users\/13"}],"replies":[{"embeddable":true,"href":"https:\/\/tucomarca.whitekongsoftware.com\/ca\/wp-json\/wp\/v2\/comments?post=243576"}],"version-history":[{"count":0,"href":"https:\/\/tucomarca.whitekongsoftware.com\/ca\/wp-json\/wp\/v2\/posts\/243576\/revisions"}],"wp:featuredmedia":[{"embeddable":true,"href":"https:\/\/tucomarca.whitekongsoftware.com\/ca\/wp-json\/wp\/v2\/media\/243574"}],"wp:attachment":[{"href":"https:\/\/tucomarca.whitekongsoftware.com\/ca\/wp-json\/wp\/v2\/media?parent=243576"}],"wp:term":[{"taxonomy":"category","embeddable":true,"href":"https:\/\/tucomarca.whitekongsoftware.com\/ca\/wp-json\/wp\/v2\/categories?post=243576"},{"taxonomy":"post_tag","embeddable":true,"href":"https:\/\/tucomarca.whitekongsoftware.com\/ca\/wp-json\/wp\/v2\/tags?post=243576"}],"curies":[{"name":"wp","href":"https:\/\/api.w.org\/{rel}","templated":true}]}}