{"id":243397,"date":"2024-11-04T07:30:00","date_gmt":"2024-11-04T05:30:00","guid":{"rendered":"https:\/\/www.tucomarca.com\/wordpress\/segunda\/?p=243397"},"modified":"2024-11-04T13:38:49","modified_gmt":"2024-11-04T11:38:49","slug":"sanitat-creu-roja-i-el-collegi-de-farmaceutics-de-valencia-habiliten-el-telefon-965-918-658-per-a-facilitar-lacces-als-medicaments-dels-pacients-cronics","status":"publish","type":"post","link":"https:\/\/tucomarca.whitekongsoftware.com\/ca\/sanitat-creu-roja-i-el-collegi-de-farmaceutics-de-valencia-habiliten-el-telefon-965-918-658-per-a-facilitar-lacces-als-medicaments-dels-pacients-cronics\/","title":{"rendered":"Sanitat, Creu Roja i el Col\u00b7legi de Farmac\u00e8utics de Val\u00e8ncia habiliten el tel\u00e8fon 965 918 658 per a facilitar l&#8217;acc\u00e9s als medicaments dels pacients cr\u00f2nics"},"content":{"rendered":"\n<h3 class=\"wp-block-heading\">La mesura pret\u00e9n facilitar l&#8217;acc\u00e9s als f\u00e0rmacs dels malalts cr\u00f2nics en les zones afectades per la DANA de la prov\u00edncia de Val\u00e8ncia.<\/h3>\n\n\n\n<h3 class=\"wp-block-heading\">Sanitat recorda que, davant situacions de p\u00e8rdua del SIP, els ciutadans afectats poden arreplegar medicaci\u00f3 prescrita en les oficines de farm\u00e0cia amb el n\u00famero de DNI.<\/h3>\n\n\n\n<h3 class=\"wp-block-heading\">La Conselleria disposa de m\u00e9s d&#8217;un centenar d&#8217;ambul\u00e0ncies de transport per a, en cas necessari, realitzar el trasllat de pacients vulnerables o facilitar medicaci\u00f3 i tractament de cr\u00f2nics com a di\u00e0lisis i sintrom.<\/h3>\n\n\n\n<p class=\"wp-block-paragraph\">La Conselleria de Sanitat, en coordinaci\u00f3 amb Creu Roja i el Col\u00b7legi de Farmac\u00e8utics de Val\u00e8ncia, ha habilitat el n\u00famero de tel\u00e8fon 965 918 658 per a facilitar l&#8217;acc\u00e9s dels pacients cr\u00f2nics que es troben en zones afectades per la DANA a la prov\u00edncia de Val\u00e8ncia als medicaments que necessiten i tenen prescrits.<\/p>\n\n\n\n<p class=\"wp-block-paragraph\">A trav\u00e9s d&#8217;aquest tel\u00e8fon, s&#8217;explicar\u00e0 als malalts cr\u00f2nics on es troben les oficines de farm\u00e0cia obertes i operatives m\u00e9s pr\u00f2ximes a la seua ubicaci\u00f3\/domicilie i en les quals poden adquirir el medicament que requereixen.<\/p>\n\n\n\n<p class=\"wp-block-paragraph\">En els casos en els quals, per algun motiu, els pacients no puguen accedir a l&#8217;oficina de farm\u00e0cia, a trav\u00e9s d&#8217;aquest tel\u00e8fon s&#8217;indicaran els passos a seguir per a facilitar l&#8217;acc\u00e9s als f\u00e0rmacs requerits.<\/p>\n\n\n\n<p class=\"wp-block-paragraph\">Aquesta mesura s&#8217;ha adoptat despr\u00e9s d&#8217;una reuni\u00f3 mantinguda entre la directora general de Farm\u00e0cia de la Conselleria de Sanitat, Elena Gras, i representants de Creu Roja i el Col\u00b7legi de Farmac\u00e8utics de Val\u00e8ncia.<\/p>\n\n\n\n<p class=\"wp-block-paragraph\">A m\u00e9s, la Conselleria recorda que, com a mesura de conting\u00e8ncia, s&#8217;ha procedit a la prolongaci\u00f3 autom\u00e0tica dels tractaments cr\u00f2nics de pacients dels departaments afectats i que els pacients que no disposen de documentaci\u00f3, en haver-se vist afectats per les condicions meteorol\u00f2giques i les seues conseq\u00fc\u00e8ncies, podran arreplegar medicaci\u00f3 prescrita en les oficines de farm\u00e0cia amb el n\u00famero de DNI.<\/p>\n\n\n\n<p class=\"wp-block-paragraph\">Amb aquesta mesura es pret\u00e9n facilitar la dispensaci\u00f3 de f\u00e0rmacs davant situacions de p\u00e8rdua de targeta SIP i documentaci\u00f3 identificativa i garantir aix\u00ed que la poblaci\u00f3 afectada puga disposar de la medicaci\u00f3 prescrita en qualsevol circumst\u00e0ncia. A m\u00e9s, es renovaran de manera autom\u00e0tica els tractaments de cr\u00f2nics.<\/p>\n\n\n\n<p class=\"wp-block-paragraph\">Aix\u00ed mateix, la Conselleria de Sanitat disposa de m\u00e9s d&#8217;un centenar d&#8217;ambul\u00e0ncies de transport no assistit (TNA) coordinades pel servei d&#8217;emerg\u00e8ncies sanit\u00e0ries per a, en cas necessari, facilitar el trasllat de pacients vulnerables a centres sanitaris, facilitar medicaci\u00f3 i tractaments de cr\u00f2nics com a di\u00e0lisis o sintrom. Tamb\u00e9 s&#8217;ha protocolarizado l&#8217;assist\u00e8ncia en resid\u00e8ncies de majors i persones amb discapacitat per a proveir de la medicaci\u00f3 necess\u00e0ria.<\/p>\n\n\n\n<p class=\"wp-block-paragraph\">Les farm\u00e0cies atendran les peticions de medicaci\u00f3 de les Forces i Cossos de Seguretat de l&#8217;Estat o de qualsevol autoritat sanit\u00e0ria.<\/p>\n\n\n\n<p class=\"wp-block-paragraph\">Finalment, la Direcci\u00f3 General de Farm\u00e0cia sol\u00b7licita a la ciutadania que s&#8217;abstinga de donar medicaments, ja que el subministrament de medicaments ha de seguir els llits establits per la Conselleria de Sanitat per a assegurar la qualitat i tra\u00e7abilitat dels mateixos als pacients.<\/p>\n","protected":false},"excerpt":{"rendered":"<div class=\"mh-excerpt\">La mesura pret\u00e9n facilitar l&#8217;acc\u00e9s als f\u00e0rmacs dels malalts cr\u00f2nics en les zones afectades per la DANA de la prov\u00edncia de Val\u00e8ncia. Sanitat recorda que, davant situacions de p\u00e8rdua del SIP, els ciutadans afectats poden <a class=\"mh-excerpt-more\" href=\"https:\/\/tucomarca.whitekongsoftware.com\/ca\/sanitat-creu-roja-i-el-collegi-de-farmaceutics-de-valencia-habiliten-el-telefon-965-918-658-per-a-facilitar-lacces-als-medicaments-dels-pacients-cronics\/\" title=\"Sanitat, Creu Roja i el Col\u00b7legi de Farmac\u00e8utics de Val\u00e8ncia habiliten el tel\u00e8fon 965 918 658 per a facilitar l&#8217;acc\u00e9s als medicaments dels pacients cr\u00f2nics\">[+] <\/a><\/div>\n","protected":false},"author":13,"featured_media":102440,"comment_status":"open","ping_status":"open","sticky":false,"template":"","format":"standard","meta":{"footnotes":""},"categories":[11010,21466,10898,10948,10894,10904,10947,10896,10897],"tags":[21437,15409,11199],"class_list":["post-243397","post","type-post","status-publish","format-standard","has-post-thumbnail","category-canal-salud","category-dana-ca","category-ventana-ca","category-infraestructuras-ca","category-la-comarca-ca","category-sin-categorizar-ca","category-politica","category-seccion-ca","category-sucesos-la-comarca-ca","tag-canal-salud-ca","tag-dana-2-ca","tag-la-comunitat-ca"],"_links":{"self":[{"href":"https:\/\/tucomarca.whitekongsoftware.com\/ca\/wp-json\/wp\/v2\/posts\/243397","targetHints":{"allow":["GET"]}}],"collection":[{"href":"https:\/\/tucomarca.whitekongsoftware.com\/ca\/wp-json\/wp\/v2\/posts"}],"about":[{"href":"https:\/\/tucomarca.whitekongsoftware.com\/ca\/wp-json\/wp\/v2\/types\/post"}],"author":[{"embeddable":true,"href":"https:\/\/tucomarca.whitekongsoftware.com\/ca\/wp-json\/wp\/v2\/users\/13"}],"replies":[{"embeddable":true,"href":"https:\/\/tucomarca.whitekongsoftware.com\/ca\/wp-json\/wp\/v2\/comments?post=243397"}],"version-history":[{"count":0,"href":"https:\/\/tucomarca.whitekongsoftware.com\/ca\/wp-json\/wp\/v2\/posts\/243397\/revisions"}],"wp:featuredmedia":[{"embeddable":true,"href":"https:\/\/tucomarca.whitekongsoftware.com\/ca\/wp-json\/wp\/v2\/media\/102440"}],"wp:attachment":[{"href":"https:\/\/tucomarca.whitekongsoftware.com\/ca\/wp-json\/wp\/v2\/media?parent=243397"}],"wp:term":[{"taxonomy":"category","embeddable":true,"href":"https:\/\/tucomarca.whitekongsoftware.com\/ca\/wp-json\/wp\/v2\/categories?post=243397"},{"taxonomy":"post_tag","embeddable":true,"href":"https:\/\/tucomarca.whitekongsoftware.com\/ca\/wp-json\/wp\/v2\/tags?post=243397"}],"curies":[{"name":"wp","href":"https:\/\/api.w.org\/{rel}","templated":true}]}}