{"id":242579,"date":"2024-10-31T00:10:00","date_gmt":"2024-10-30T22:10:00","guid":{"rendered":"https:\/\/www.tucomarca.com\/wordpress\/segunda\/?p=242579"},"modified":"2024-10-31T14:36:25","modified_gmt":"2024-10-31T12:36:25","slug":"desenes-de-persones-son-rescatades-a-llombai-benicull-riola-massanassa-per-efectius-del-consorci-de-bombers","status":"publish","type":"post","link":"https:\/\/tucomarca.whitekongsoftware.com\/ca\/desenes-de-persones-son-rescatades-a-llombai-benicull-riola-massanassa-per-efectius-del-consorci-de-bombers\/","title":{"rendered":"Desenes de persones s\u00f3n rescatades a Llombai, Benicull, Riola, Massanassa per efectius del Consorci de Bombers"},"content":{"rendered":"\n<p class=\"wp-block-paragraph\">Els bombers del Consorci de Val\u00e8ncia continuen treballant en rescats derivats de la DANA, atenent tota classe de situacions i sent ja centenars les persones rescatades. Ahir, a Llombai els efectius van mobilitzar a una fam\u00edlia incomunicada a una urbanitzaci\u00f3, van atendre persones que encara es trobaven sobre el sostre del seu cotxe a Benicull de X\u00faquer i Riola, i a gent que necessitava ajuda a la seua vivenda inundada de Massanassa.&nbsp;<\/p>\n\n\n\n<p class=\"wp-block-paragraph\">Per a diversos rescats, sobretot a les carreteres o barrancs, l&#8217;acc\u00e9s ha sigut aeri amb l&#8217;helic\u00f2pter del Consorci de Val\u00e8ncia i la resta de mitjans aeris que estan col laborant, concretament del Consorci d&#8217;Alacant, Regi\u00f3 de M\u00farcia, Salvament Mar\u00edtim, UME, Generalitat Valenciana i Guardia Civil. Els mitjans aeris tamb\u00e9 permeten realitzar tasques de revisi\u00f3 a\u00e8ria de punts on puguera haver gent en dificultats que no haguera pogut donar av\u00eds.<\/p>\n\n\n\n<p class=\"wp-block-paragraph\">Encara que la prioritat s\u00f3n els rescats, els bombers del Consorci tamb\u00e9 estan atenent altres classes incid\u00e8ncies derivades de les pluges, com la caiguda d&#8217;un mur a Chiva, sanejament de fa\u00e7anes a Requena, la caiguda d&#8217;un sostre a Sagunt, i tamb\u00e9 s&#8217;estan rebent avisos per comprovar fuites de gas a Utiel, Catarroja o Loriguilla, entre d&#8217;altres. Els bombers tamb\u00e9 donen suport a mitjans sanitaris en facilitar l&#8217;acc\u00e9s a domicilis on cal alguna classe d&#8217;assist\u00e8ncia, com s\u00f3n les persones que necessiten medicaments o tractaments o amb dificultats de mobilitat.<\/p>\n\n\n\n<p class=\"wp-block-paragraph\">Les actuacions estan sectoritzades per zones i es treballa de manera coordinada entre tots els cossos d&#8217;emerg\u00e8ncia, per a la qual cosa el Consorci de Bombers mant\u00e9 quatre llocs de comandament distributs a la prov\u00edncia, en les zones d&#8217;\u00e0rea de cobertura dels parcs de bombers principals de Torrent, Paterna, Alzira i Requena. A hores d&#8217;ara la situaci\u00f3 m\u00e9s complicada continua estant a l&#8217;Horta Sud. A m\u00e9s d&#8217;estes actuacions, el Consorci mant\u00e9 la seua tasca ordinaria d&#8217;atenci\u00f3 a altres incid\u00e8ncies.<\/p>\n","protected":false},"excerpt":{"rendered":"<div class=\"mh-excerpt\">Els bombers del Consorci de Val\u00e8ncia continuen treballant en rescats derivats de la DANA, atenent tota classe de situacions i sent ja centenars les persones rescatades. Ahir, a Llombai els efectius van mobilitzar a una <a class=\"mh-excerpt-more\" href=\"https:\/\/tucomarca.whitekongsoftware.com\/ca\/desenes-de-persones-son-rescatades-a-llombai-benicull-riola-massanassa-per-efectius-del-consorci-de-bombers\/\" title=\"Desenes de persones s\u00f3n rescatades a Llombai, Benicull, Riola, Massanassa per efectius del Consorci de Bombers\">[+] <\/a><\/div>\n","protected":false},"author":1,"featured_media":242578,"comment_status":"open","ping_status":"open","sticky":false,"template":"","format":"standard","meta":{"footnotes":""},"categories":[10892,21466,10898,10948,10894,10904,10912,10903,10947,10909,10896,10897],"tags":[20342,10913,10899,11071,15409,10914,11099],"class_list":["post-242579","post","type-post","status-publish","format-standard","has-post-thumbnail","category-camp-de-turia-ca","category-dana-ca","category-ventana-ca","category-infraestructuras-ca","category-la-comarca-ca","category-sin-categorizar-ca","category-la-hoya-ca","category-medio-ambiente-la-comarca-ca","category-politica","category-requena-utiel-ca","category-seccion-ca","category-sucesos-la-comarca-ca","tag-bomberos-consorcio-provincial-de-bomberos-de-valencia-ca","tag-bunol-ca","tag-camp-de-turia-ca","tag-cheste","tag-dana-2-ca","tag-la-hoya-de-bunol-chiva-ca","tag-requena-ca"],"_links":{"self":[{"href":"https:\/\/tucomarca.whitekongsoftware.com\/ca\/wp-json\/wp\/v2\/posts\/242579","targetHints":{"allow":["GET"]}}],"collection":[{"href":"https:\/\/tucomarca.whitekongsoftware.com\/ca\/wp-json\/wp\/v2\/posts"}],"about":[{"href":"https:\/\/tucomarca.whitekongsoftware.com\/ca\/wp-json\/wp\/v2\/types\/post"}],"author":[{"embeddable":true,"href":"https:\/\/tucomarca.whitekongsoftware.com\/ca\/wp-json\/wp\/v2\/users\/1"}],"replies":[{"embeddable":true,"href":"https:\/\/tucomarca.whitekongsoftware.com\/ca\/wp-json\/wp\/v2\/comments?post=242579"}],"version-history":[{"count":0,"href":"https:\/\/tucomarca.whitekongsoftware.com\/ca\/wp-json\/wp\/v2\/posts\/242579\/revisions"}],"wp:featuredmedia":[{"embeddable":true,"href":"https:\/\/tucomarca.whitekongsoftware.com\/ca\/wp-json\/wp\/v2\/media\/242578"}],"wp:attachment":[{"href":"https:\/\/tucomarca.whitekongsoftware.com\/ca\/wp-json\/wp\/v2\/media?parent=242579"}],"wp:term":[{"taxonomy":"category","embeddable":true,"href":"https:\/\/tucomarca.whitekongsoftware.com\/ca\/wp-json\/wp\/v2\/categories?post=242579"},{"taxonomy":"post_tag","embeddable":true,"href":"https:\/\/tucomarca.whitekongsoftware.com\/ca\/wp-json\/wp\/v2\/tags?post=242579"}],"curies":[{"name":"wp","href":"https:\/\/api.w.org\/{rel}","templated":true}]}}